{"id":316353,"date":"2025-12-31T22:33:13","date_gmt":"2025-12-31T22:33:13","guid":{"rendered":"https:\/\/www.europesays.com\/es\/316353\/"},"modified":"2025-12-31T22:33:13","modified_gmt":"2025-12-31T22:33:13","slug":"la-aemet-lo-confirma-adios-al-ritual-de-ano-nuevo-en-canarias-debido-a-la-borrasca-francis","status":"publish","type":"post","link":"https:\/\/www.europesays.com\/es\/316353\/","title":{"rendered":"La Aemet lo confirma: adi\u00f3s al ritual de A\u00f1o Nuevo en Canarias debido a la borrasca Francis"},"content":{"rendered":"<p><img fetchpriority=\"high\" class=\"v-a-img\" src=\"https:\/\/www.europesays.com\/es\/wp-content\/uploads\/2025\/12\/meteored-21.png\" loading=\"eager\" decoding=\"async\" alt=\"Imagen del modelo ECMWF que prev\u00e9 que este jueves el frente asociado a la borrasca Francis entre al archipi\u00e9lago.\"  width=\"1200\" height=\"840\"\/><\/p>\n<p>Imagen del modelo ECMWF que prev\u00e9 que este jueves el frente asociado a la borrasca Francis entre al archipi\u00e9lago.          Meteored        <\/p>\n<p>Ba\u00f1arte en la playa este 1 de enero para celebrar la llegada del 2026 no ser\u00e1 aconsejable ya que se esperan lluvias, tormentas y viento en las islas<\/p>\n<p><a class=\"v-mdl-ath__fig-a\" href=\"https:\/\/www.canarias7.es\/autor\/canarias7-6545.html\" title=\"CANARIAS7\" rel=\"nofollow noopener\" target=\"_blank\"><br \/>\n<img decoding=\"async\" class=\"v-mdl-ath__img\" src=\"https:\/\/www.europesays.com\/es\/wp-content\/uploads\/2025\/08\/1754689268_701_autor-6545-foto-1.png\" alt=\"CANARIAS7\"\/><br \/>\n<\/a><\/p>\n<p class=\"v-mdl-ath__p v-mdl-ath__p--6\">\nMi\u00e9rcoles, 31 de diciembre 2025, 17:56<\/p>\n<p>| Actualizado 18:02h.<\/p>\n<p class=\"v-p\">Este 1 de enero de 2026 no ser\u00e1 posible disfrutar del tradicional ba\u00f1o en cualquier playa de Canarias, a menos que quiera pasar fr\u00edo, empaparse con la lluvia o poner en riesgo su vida. Un frente asociado a la borrasca Francis dejar\u00e1 lluvias, tormentas, viento y oleaje en las islas a partir de este jueves. <\/p>\n<p class=\"v-p\">A partir de la medianoche est\u00e1 previsto que el tiempo empeore. Por eso la Aemet ha lanzado un aviso amarillo para todas las islas, que se ver\u00e1n afectadas por tormentas, lluvias, vientos y fen\u00f3menos costeros.<\/p>\n<p class=\"v-p\">La Aemet se\u00f1ala que este jueves se espera que la borrasca Francis pase por Canarias, con temporal del suroeste en zonas litorales y probables rachas muy fuertes, as\u00ed como chubascos tormentosos localmente fuertes y persistentes que se ir\u00e1n desplazando de oeste a este durante el d\u00eda 1 y primeras horas del d\u00eda 2.<\/p>\n<p><a href=\"http:\/\/www.canarias7.es\/canarias\/gobierno-declara-alerta-lluvias-vientos-fenomenos-costeros-20251230165619-nt.html#vtm_modulosEngag=mod-rel:canarias:noticia:1:cmp:1-not\" class=\"v-a-link\" aria-label=\"Imagen\" rel=\"nofollow noopener\" target=\"_blank\"><\/p>\n<p><img decoding=\"async\" loading=\"lazy\" src=\"https:\/\/www.europesays.com\/es\/wp-content\/uploads\/2025\/12\/lluvia-kypE--366x256@Canarias7.jpg\" class=\"v-a-img\" width=\"258\" height=\"180\" alt=\"\" data-voc-vtm-id=\"in-text-traffic\"\/><\/p>\n<p><\/a><\/p>\n<p class=\"v-p\">Para el viernes, la previsi\u00f3n contempla intervalos nubosos con precipitaciones d\u00e9biles y ocasionales en general, que pueden ser persistentes y localmente moderadas en las vertientes orientadas al oeste en las islas monta\u00f1osas.<\/p>\n<blockquote class=\"twitter-tweet\">\n<p lang=\"es\" dir=\"ltr\">\u26a0\ufe0f NOTA INFORMATIVA | Episodio de lluvias y nevadas asociado a la borrasca Francis.<\/p>\n<p>\u27a1\ufe0fHay gran incertidumbre sobre la extensi\u00f3n e intensidad de las nevadas que se producir\u00e1n a partir del d\u00eda 4. Recomendamos seguir la evoluci\u00f3n de la predicci\u00f3n.<\/p>\n<p>+ info \ud83d\udc49 <a href=\"https:\/\/t.co\/0qneNvR4U8\" rel=\"nofollow\">https:\/\/t.co\/0qneNvR4U8<\/a> <a href=\"https:\/\/t.co\/IEotM9Qn9K\" rel=\"nofollow\">pic.twitter.com\/IEotM9Qn9K<\/a><\/p>\n<p>\u2014 AEMET (@AEMET_Esp) <a href=\"https:\/\/twitter.com\/AEMET_Esp\/status\/2006359272121319446?ref_src=twsrc%5Etfw\" rel=\"nofollow noopener\" target=\"_blank\">December 31, 2025<\/a><\/p><\/blockquote>\n<p>Reporta un error<\/p>\n<p><script async src=\"https:\/\/platform.twitter.com\/widgets.js\" charset=\"utf-8\"><\/script><\/p>\n","protected":false},"excerpt":{"rendered":"Imagen del modelo ECMWF que prev\u00e9 que este jueves el frente asociado a la borrasca Francis entre al&hellip;\n","protected":false},"author":2,"featured_media":316354,"comment_status":"","ping_status":"","sticky":false,"template":"","format":"standard","meta":{"footnotes":""},"categories":[5],"tags":[6831,2980,1611,17,18,1896,1779,25,24,13,14,11,19,20,9,10,15,16,524,21134,23,12,21,22],"class_list":{"0":"post-316353","1":"post","2":"type-post","3":"status-publish","4":"format-standard","5":"has-post-thumbnail","7":"category-titulares","8":"tag-adios","9":"tag-aemet","10":"tag-ano","11":"tag-breaking-news","12":"tag-breakingnews","13":"tag-canarias","14":"tag-confirma","15":"tag-es","16":"tag-espana","17":"tag-featured-news","18":"tag-featurednews","19":"tag-headlines","20":"tag-latest-news","21":"tag-latestnews","22":"tag-news","23":"tag-noticias","24":"tag-noticias-destacadas","25":"tag-noticiasdestacadas","26":"tag-nuevo","27":"tag-ritual","28":"tag-spain","29":"tag-titulares","30":"tag-ultimas-noticias","31":"tag-ultimasnoticias"},"share_on_mastodon":{"url":"https:\/\/pubeurope.com\/@es\/115816562946334932","error":""},"_links":{"self":[{"href":"https:\/\/www.europesays.com\/es\/wp-json\/wp\/v2\/posts\/316353","targetHints":{"allow":["GET"]}}],"collection":[{"href":"https:\/\/www.europesays.com\/es\/wp-json\/wp\/v2\/posts"}],"about":[{"href":"https:\/\/www.europesays.com\/es\/wp-json\/wp\/v2\/types\/post"}],"author":[{"embeddable":true,"href":"https:\/\/www.europesays.com\/es\/wp-json\/wp\/v2\/users\/2"}],"replies":[{"embeddable":true,"href":"https:\/\/www.europesays.com\/es\/wp-json\/wp\/v2\/comments?post=316353"}],"version-history":[{"count":0,"href":"https:\/\/www.europesays.com\/es\/wp-json\/wp\/v2\/posts\/316353\/revisions"}],"wp:featuredmedia":[{"embeddable":true,"href":"https:\/\/www.europesays.com\/es\/wp-json\/wp\/v2\/media\/316354"}],"wp:attachment":[{"href":"https:\/\/www.europesays.com\/es\/wp-json\/wp\/v2\/media?parent=316353"}],"wp:term":[{"taxonomy":"category","embeddable":true,"href":"https:\/\/www.europesays.com\/es\/wp-json\/wp\/v2\/categories?post=316353"},{"taxonomy":"post_tag","embeddable":true,"href":"https:\/\/www.europesays.com\/es\/wp-json\/wp\/v2\/tags?post=316353"}],"curies":[{"name":"wp","href":"https:\/\/api.w.org\/{rel}","templated":true}]}}