{"id":316357,"date":"2025-12-31T22:41:09","date_gmt":"2025-12-31T22:41:09","guid":{"rendered":"https:\/\/www.europesays.com\/es\/316357\/"},"modified":"2025-12-31T22:41:09","modified_gmt":"2025-12-31T22:41:09","slug":"kristaps-porzingis-planta-cara-a-la-enfermedad-y-su-regreso-es-un-hecho","status":"publish","type":"post","link":"https:\/\/www.europesays.com\/es\/316357\/","title":{"rendered":"Kristaps Porzingis planta cara a la enfermedad y su regreso es un hecho"},"content":{"rendered":"<p>Atlanta Hawks ha anunciado que el p\u00edvot let\u00f3n abandona la lista de lesionados y que estar\u00e1 disponible para jugar el partido de esta noche contra Minnesota Timberwolves<\/p>\n<p class=\"parrafo\"><strong>\u00bfEst\u00e1 curado? No, pero por el momento es seguro que en el presente puede volver a jugar pese a su enfermedad<\/strong>. Esa es la grata noticia alrededor de <strong>Kristaps Porzingis<\/strong>, quien tras perderse casi toda la campa\u00f1a pasada con los Boston Celtics ahora estaba viviendo <strong>un nuevo calvario como miembro de los Atlanta Hawks<\/strong>.<\/p>\n<p class=\"parrafo\">El p\u00edvot let\u00f3n fue diagnosticado hace tiempo con <strong>s\u00edndrome de taquicardia ortost\u00e1tica postural (POTS), un trastorno del sistema nervioso que ha afectado enormemente a su rendimiento hasta el punto de impedirle jugar<\/strong>. Justo por ello se vio <strong>obligado a parar el pasado 5 de diciembre<\/strong>, perdi\u00e9ndose hasta 10 encuentros. Ahora, tal y como adelantaba ESPN y ha subrayado la franquicia georgian a trav\u00e9s del parte oficial que emite la NBA, <strong>abandona la lista de lesionados para ser uno m\u00e1s a las \u00f3rdenes de Quin Snyder<\/strong> en el choque de esta noche contra los <strong>Minnesota Timberwolves<\/strong>.<\/p>\n<p><a class=\"elementos-rel-t2\" href=\"https:\/\/www.estadiodeportivo.com\/baloncesto\/nba\/porzingis-confirma-sus-intenciones-frena-fichaje-20251017-516820.html\" title=\"Porzingis confirma sus intenciones y frena su fichaje\" rel=\"nofollow noopener\" target=\"_blank\"><\/p>\n<p class=\"titular titulo-4\">Porzingis confirma sus intenciones y frena su fichaje<\/p>\n<p><img decoding=\"async\" src=\"https:\/\/www.europesays.com\/es\/wp-content\/uploads\/2025\/12\/2264ac8d-dade-4ddc-8c7f-895b70c50166_320x180.jpeg\" alt=\"Porzingis confirma sus intenciones y frena su fichaje\"\/><\/a><a class=\"elementos-rel-t2\" href=\"https:\/\/www.estadiodeportivo.com\/baloncesto\/adios-porzingis-20250907-510939.html\" title=\"Adi\u00f3s a Porzingis\" rel=\"nofollow noopener\" target=\"_blank\"><\/p>\n<p class=\"titular titulo-4\">Adi\u00f3s a Porzingis<\/p>\n<p><img decoding=\"async\" src=\"https:\/\/www.europesays.com\/es\/wp-content\/uploads\/2025\/12\/42831ee0-bb93-4def-b604-b9e9dcc9087c_320x180.jpeg\" alt=\"Adi\u00f3s a Porzingis\"\/><\/a><\/p>\n<p class=\"parrafo\">Cabe rese\u00f1ar que <strong>hablamos de un problema m\u00e9dico sin cura<\/strong>. B\u00e1sicamente nos encontramos ante una condici\u00f3n cr\u00f3nica del sistema nervioso que causa un <strong>aumento excesivo del ritmo card\u00edaco al ponerse de pie<\/strong>, adem\u00e1s de otra serie de s\u00edntomas como <strong>mareos, fatiga, palpitaciones y niebla mental<\/strong>. Suena complicado, y m\u00e1s lo es en el caso de deportistas, puesto que deben hacer grandes esfuerzos. En el lado positivo de la balanza est\u00e1 que el tratamiento suele ser m\u00e1s efectivo, por lo que <strong>pocos deben abandonar la competici\u00f3n de primer nivel<\/strong>.<\/p>\n<p>El peso de Kristaps Porzingis en los Atlanta Hawks<\/p>\n<p class=\"parrafo\">Para la franquicia de Georgia es un alivio contar de nuevo con Porzingis. <strong>Desde que no est\u00e1 disponible el equipo ha ca\u00eddo a un balance de 2-8 en dicho periplo<\/strong>, lo cual les ha llevado hasta la 10\u00aa posici\u00f3n de la Conferencia Oeste con un r\u00e9cord de 15-19. No es que vayan a mejorar seguro por tener al center, pero s\u00ed es verdad que <strong>su talento y tama\u00f1o deben aportar mucho<\/strong>.<\/p>\n<p><img decoding=\"async\" src=\"https:\/\/www.europesays.com\/es\/wp-content\/uploads\/2025\/12\/932a1f21-2425-4efc-abc5-6412b8591bdc_800x451.jpeg\" loading=\"lazy\"\/><\/p>\n<p class=\"parrafo\">Tras apenas poder jugar con los Celtics hace un a\u00f1o, <strong>el ex del Baloncesto Sevilla esperaba tener una campa\u00f1a sin contratiempos<\/strong> tras un exhaustivo trabajo m\u00e9dico. No ha podido ser as\u00ed, al menos hasta el retorno de este 31 de diciembre. Por cierto, en los 13 partidos que ha podido jugar se ha ido a<strong> un promedio de 19,2 puntos, 5,6 rebotes y 1,6 tapones<\/strong>.<\/p>\n<p>Porzingis, \u00bfmoneda de cambio para un traspaso?<\/p>\n<p class=\"parrafo\">Es lo que se empieza a calentar en la NBA. <strong>Los malos resultados del equipo invitan a moverse en el mercado e ir a por Anthony Davis <\/strong>suena como una opci\u00f3n hasta l\u00f3gica. Si as\u00ed fuese os obvio que <strong>Porzingis no ser\u00eda la \u00fanica pieza del paquete que llegase a los Dallas Mavericks, pero s\u00ed esencial para igualar salarios y que un acuerdo fuese viable<\/strong>.<\/p>\n","protected":false},"excerpt":{"rendered":"Atlanta Hawks ha anunciado que el p\u00edvot let\u00f3n abandona la lista de lesionados y que estar\u00e1 disponible para&hellip;\n","protected":false},"author":2,"featured_media":316358,"comment_status":"","ping_status":"","sticky":false,"template":"","format":"standard","meta":{"footnotes":""},"categories":[269],"tags":[24859,299,298,168,25,24,284,24860,1725,23,167],"class_list":{"0":"post-316357","1":"post","2":"type-post","3":"status-publish","4":"format-standard","5":"has-post-thumbnail","7":"category-baloncesto","8":"tag-atlanta-hawks","9":"tag-baloncesto","10":"tag-basketball","11":"tag-deportes","12":"tag-es","13":"tag-espana","14":"tag-estadio-deportivo","15":"tag-kristaps-porzingis","16":"tag-nba","17":"tag-spain","18":"tag-sports"},"share_on_mastodon":{"url":"https:\/\/pubeurope.com\/@es\/115816594461449067","error":""},"_links":{"self":[{"href":"https:\/\/www.europesays.com\/es\/wp-json\/wp\/v2\/posts\/316357","targetHints":{"allow":["GET"]}}],"collection":[{"href":"https:\/\/www.europesays.com\/es\/wp-json\/wp\/v2\/posts"}],"about":[{"href":"https:\/\/www.europesays.com\/es\/wp-json\/wp\/v2\/types\/post"}],"author":[{"embeddable":true,"href":"https:\/\/www.europesays.com\/es\/wp-json\/wp\/v2\/users\/2"}],"replies":[{"embeddable":true,"href":"https:\/\/www.europesays.com\/es\/wp-json\/wp\/v2\/comments?post=316357"}],"version-history":[{"count":0,"href":"https:\/\/www.europesays.com\/es\/wp-json\/wp\/v2\/posts\/316357\/revisions"}],"wp:featuredmedia":[{"embeddable":true,"href":"https:\/\/www.europesays.com\/es\/wp-json\/wp\/v2\/media\/316358"}],"wp:attachment":[{"href":"https:\/\/www.europesays.com\/es\/wp-json\/wp\/v2\/media?parent=316357"}],"wp:term":[{"taxonomy":"category","embeddable":true,"href":"https:\/\/www.europesays.com\/es\/wp-json\/wp\/v2\/categories?post=316357"},{"taxonomy":"post_tag","embeddable":true,"href":"https:\/\/www.europesays.com\/es\/wp-json\/wp\/v2\/tags?post=316357"}],"curies":[{"name":"wp","href":"https:\/\/api.w.org\/{rel}","templated":true}]}}