{"id":316379,"date":"2025-12-31T22:55:57","date_gmt":"2025-12-31T22:55:57","guid":{"rendered":"https:\/\/www.europesays.com\/es\/316379\/"},"modified":"2025-12-31T22:55:57","modified_gmt":"2025-12-31T22:55:57","slug":"guaguas-municipales-guaguas-municipales-facilita-transporte-gratuito-y-sostenible-para-los-participantes-de-la-carrera-solidaria-san-silvestre-2025","status":"publish","type":"post","link":"https:\/\/www.europesays.com\/es\/316379\/","title":{"rendered":"Guaguas Municipales | Guaguas Municipales facilita transporte gratuito y sostenible para los participantes de la carrera solidaria San Silvestre 2025"},"content":{"rendered":"<p>\n\t\t\t\tGuaguas Municipales facilita transporte gratuito y sostenible para los participantes de la carrera solidaria San Silvestre 2025\n\t\t\t<\/p>\n<p style=\"text-align: justify; \">Guaguas  Municipales, en coordinaci\u00f3n con el Ayuntamiento de Las Palmas de Gran Canaria,  ofrecer\u00e1 transporte gratuito este mi\u00e9rcoles 31 de diciembre a los participantes  de la carrera solidaria San Silvestre 2025, que recorrer\u00e1 diferentes v\u00edas de la  ciudad. La compa\u00f1\u00eda municipal de transporte se suma a la tradicional prueba  navide\u00f1a, que congrega a miles de residentes y visitantes por las calles la  capital el \u00faltimo d\u00eda del a\u00f1o.<\/p>\n<p style=\"text-align: justify; \">Los  participantes de la San Silvestre 2025 podr\u00e1n hacer uso gratuito de Guaguas  Municipales -y tambi\u00e9n de la operadora insular Global-, con el requisito  indispensable de mostrar el dorsal al subir al veh\u00edculo, para tomar parte en la  carrera solidaria desde las 13:00 a las 22:00 horas, por lo que disfrutar\u00e1n de  margen temporal suficiente antes y despu\u00e9s del evento deportivo para facilitar  su movilidad sostenible.<\/p>\n<p style=\"text-align: justify; \">En  el acto de presentaci\u00f3n del convenio, estuvieron presentes los concejales de  Movilidad y Deportes de Las Palmas de Gran Canaria, Jos\u00e9 Eduardo Ram\u00edrez y  Carla Campoamor, respectivamente; y el presidente de Global, Manuel Su\u00e1rez,  junto a los organizadores del evento deportivo.<\/p>\n","protected":false},"excerpt":{"rendered":"Guaguas Municipales facilita transporte gratuito y sostenible para los participantes de la carrera solidaria San Silvestre 2025 Guaguas&hellip;\n","protected":false},"author":2,"featured_media":95110,"comment_status":"","ping_status":"","sticky":false,"template":"","format":"standard","meta":{"footnotes":""},"categories":[8],"tags":[17,18,25,24,13,14,11,19,20,9,10,15,16,23,12,21,22],"class_list":{"0":"post-316379","1":"post","2":"type-post","3":"status-publish","4":"format-standard","5":"has-post-thumbnail","7":"category-espana","8":"tag-breaking-news","9":"tag-breakingnews","10":"tag-es","11":"tag-espana","12":"tag-featured-news","13":"tag-featurednews","14":"tag-headlines","15":"tag-latest-news","16":"tag-latestnews","17":"tag-news","18":"tag-noticias","19":"tag-noticias-destacadas","20":"tag-noticiasdestacadas","21":"tag-spain","22":"tag-titulares","23":"tag-ultimas-noticias","24":"tag-ultimasnoticias"},"share_on_mastodon":{"url":"https:\/\/pubeurope.com\/@es\/115816653487656139","error":""},"_links":{"self":[{"href":"https:\/\/www.europesays.com\/es\/wp-json\/wp\/v2\/posts\/316379","targetHints":{"allow":["GET"]}}],"collection":[{"href":"https:\/\/www.europesays.com\/es\/wp-json\/wp\/v2\/posts"}],"about":[{"href":"https:\/\/www.europesays.com\/es\/wp-json\/wp\/v2\/types\/post"}],"author":[{"embeddable":true,"href":"https:\/\/www.europesays.com\/es\/wp-json\/wp\/v2\/users\/2"}],"replies":[{"embeddable":true,"href":"https:\/\/www.europesays.com\/es\/wp-json\/wp\/v2\/comments?post=316379"}],"version-history":[{"count":0,"href":"https:\/\/www.europesays.com\/es\/wp-json\/wp\/v2\/posts\/316379\/revisions"}],"wp:featuredmedia":[{"embeddable":true,"href":"https:\/\/www.europesays.com\/es\/wp-json\/wp\/v2\/media\/95110"}],"wp:attachment":[{"href":"https:\/\/www.europesays.com\/es\/wp-json\/wp\/v2\/media?parent=316379"}],"wp:term":[{"taxonomy":"category","embeddable":true,"href":"https:\/\/www.europesays.com\/es\/wp-json\/wp\/v2\/categories?post=316379"},{"taxonomy":"post_tag","embeddable":true,"href":"https:\/\/www.europesays.com\/es\/wp-json\/wp\/v2\/tags?post=316379"}],"curies":[{"name":"wp","href":"https:\/\/api.w.org\/{rel}","templated":true}]}}