{"id":316380,"date":"2025-12-31T22:57:11","date_gmt":"2025-12-31T22:57:11","guid":{"rendered":"https:\/\/www.europesays.com\/es\/316380\/"},"modified":"2025-12-31T22:57:11","modified_gmt":"2025-12-31T22:57:11","slug":"los-dias-previos-a-reyes-traen-nieve-en-cotas-bajas-nevadas-a-poco-mas-de-300-metros-en-el-centro-de-la-peninsula-sociedad","status":"publish","type":"post","link":"https:\/\/www.europesays.com\/es\/316380\/","title":{"rendered":"Los d\u00edas previos a Reyes traen nieve en cotas bajas: nevadas a poco m\u00e1s de 300 metros en el centro de la Pen\u00ednsula | Sociedad"},"content":{"rendered":"<p>La borrasca &#8216;Francis&#8217;, la quinta borrasca de gran impacto, llegar\u00e1 en A\u00f1o Nuevo a Canarias, donde afectar\u00e1 a todo el archipi\u00e9lago de manera generalizada y dejar\u00e1 lluvias localmente fuertes, adem\u00e1s, provocar\u00e1 una bajada de las temperaturas. <\/p>\n<p>Durante el jueves, en la Pen\u00ednsula se registrar\u00e1n algunas lluvias en la costa de Andaluc\u00eda. Seg\u00fan la previsi\u00f3n de Luismi P\u00e9rez, meteor\u00f3logo de la Cadena SER, s\u00ed que se vivir\u00e1 una Nochevieja muy fr\u00eda y con nieblas densas que no se van a disipar, especialmente en Extremadura, Castilla y Le\u00f3n, Castilla la Mancha y el sur de Madrid, tambi\u00e9n en zonas de Arag\u00f3n, Catalu\u00f1a y el Guadalquivir.<\/p>\n<p>M\u00e1s informaci\u00f3n<\/p>\n<p>Ya el viernes, &#8216;Francis&#8217; alcanzar\u00e1 el oeste peninsular, donde dejar\u00e1 lluvias suaves, especialmente en Galicia , Extremadura y Andaluc\u00eda, donde podr\u00eda descargar con m\u00e1s intensidad en M\u00e1laga y C\u00e1diz. Persistir\u00e1n las nieblas en Arag\u00f3n y Catalu\u00f1a.<\/p>\n<p>Durante el s\u00e1bado la situaci\u00f3n ser\u00e1 m\u00e1s tranquila, con nubes y bajadas de temperaturas y con algunas lluvias que se mantendr\u00e1n en Andaluc\u00eda y el Cant\u00e1brico. A partir del domingo comenzar\u00e1 a bajar la cota de nieve, que seguir\u00e1 descendiendo durante el lunes.<\/p>\n<blockquote class=\"twitter-tweet\">\n<p lang=\"es\" dir=\"ltr\">\ud83c\udf00Nueva borrasca con gran impacto: Francis<\/p>\n<p>\u27a1\ufe0f El jueves, 1 de enero, provocar\u00e1 lluvias localmente fuertes en Canarias.<\/p>\n<p>\u27a1\ufe0fEl viernes 2 afectar\u00e1 al oeste peninsular, con lluvias abundantes. Durante el fin de semana se extender\u00e1n al resto del territorio.<\/p>\n<p>Nombrada por <a href=\"https:\/\/twitter.com\/ipma_pt?ref_src=twsrc%5Etfw\" rel=\"nofollow noopener\" target=\"_blank\">@ipma_pt<\/a> <a href=\"https:\/\/t.co\/tqxm1HspiB\" rel=\"nofollow\">pic.twitter.com\/tqxm1HspiB<\/a><\/p>\n<p>\u2014 AEMET (@AEMET_Esp) <a href=\"https:\/\/twitter.com\/AEMET_Esp\/status\/2005754728836407374?ref_src=twsrc%5Etfw\" rel=\"nofollow noopener\" target=\"_blank\">December 29, 2025<\/a><\/p><\/blockquote>\n<p>Cotas de poco m\u00e1s de 300 metros<\/p>\n<p>Precisamente en la noche entre el domingo y el lunes, en la previa de Reyes, se alcanzar\u00e1n cotas de poco m\u00e1s de 300 o 400 metros en Madrid, Castilla La Mancha, casi todo el sur de Arag\u00f3n, en la provincia de Soria, en La Rioja, en el interior de la Comunidad Valenciana, interior de Murcia e interior de Catalu\u00f1a, seg\u00fan las previsiones, nevar\u00e1 en ciudades como Madrid, Cuenca, Teruel o Guadalajara.<\/p>\n<p>Estas nevadas traer\u00e1n consigo temperaturas muy bajas en toda la pen\u00ednsula pero especialmente en el centro y en el este peninsular.<\/p>\n<blockquote class=\"twitter-tweet\">\n<p lang=\"es\" dir=\"ltr\">\ud83c\udf84Predicci\u00f3n especial | Fiestas de Navidad.<\/p>\n<p>\u27a1\ufe0f Actualizaci\u00f3n 30 de diciembre.<\/p>\n<p>\ud83d\ude36\u200d\ud83c\udf2b\ufe0fNochevieja fr\u00eda, pero sin lluvias.<\/p>\n<p>\ud83c\udf27\ufe0fBorrasca Francis: Lluvias a partir del jueves.<\/p>\n<p>\u2744\ufe0fHay incertidumbre, pero podr\u00eda nevar en cotas bajas los d\u00edas 4 y 5.<\/p>\n<p>\ud83d\uddd3\ufe0f\u00a1Feliz 2026! <a href=\"https:\/\/t.co\/Tr0X82td2I\" rel=\"nofollow\">https:\/\/t.co\/Tr0X82td2I<\/a> <a href=\"https:\/\/t.co\/jq81eu2TT5\" rel=\"nofollow\">pic.twitter.com\/jq81eu2TT5<\/a><\/p>\n<p>\u2014 AEMET (@AEMET_Esp) <a href=\"https:\/\/twitter.com\/AEMET_Esp\/status\/2006044233342345596?ref_src=twsrc%5Etfw\" rel=\"nofollow noopener\" target=\"_blank\">December 30, 2025<\/a><\/p><\/blockquote>\n<p><script async src=\"https:\/\/platform.twitter.com\/widgets.js\" charset=\"utf-8\"><\/script><\/p>\n","protected":false},"excerpt":{"rendered":"La borrasca &#8216;Francis&#8217;, la quinta borrasca de gran impacto, llegar\u00e1 en A\u00f1o Nuevo a Canarias, donde afectar\u00e1 a&hellip;\n","protected":false},"author":2,"featured_media":316381,"comment_status":"","ping_status":"","sticky":false,"template":"","format":"standard","meta":{"footnotes":""},"categories":[5],"tags":[17,18,25,24,13,14,11,19,20,9,10,15,16,23,12,21,22],"class_list":{"0":"post-316380","1":"post","2":"type-post","3":"status-publish","4":"format-standard","5":"has-post-thumbnail","7":"category-titulares","8":"tag-breaking-news","9":"tag-breakingnews","10":"tag-es","11":"tag-espana","12":"tag-featured-news","13":"tag-featurednews","14":"tag-headlines","15":"tag-latest-news","16":"tag-latestnews","17":"tag-news","18":"tag-noticias","19":"tag-noticias-destacadas","20":"tag-noticiasdestacadas","21":"tag-spain","22":"tag-titulares","23":"tag-ultimas-noticias","24":"tag-ultimasnoticias"},"share_on_mastodon":{"url":"https:\/\/pubeurope.com\/@es\/115816657218399153","error":""},"_links":{"self":[{"href":"https:\/\/www.europesays.com\/es\/wp-json\/wp\/v2\/posts\/316380","targetHints":{"allow":["GET"]}}],"collection":[{"href":"https:\/\/www.europesays.com\/es\/wp-json\/wp\/v2\/posts"}],"about":[{"href":"https:\/\/www.europesays.com\/es\/wp-json\/wp\/v2\/types\/post"}],"author":[{"embeddable":true,"href":"https:\/\/www.europesays.com\/es\/wp-json\/wp\/v2\/users\/2"}],"replies":[{"embeddable":true,"href":"https:\/\/www.europesays.com\/es\/wp-json\/wp\/v2\/comments?post=316380"}],"version-history":[{"count":0,"href":"https:\/\/www.europesays.com\/es\/wp-json\/wp\/v2\/posts\/316380\/revisions"}],"wp:featuredmedia":[{"embeddable":true,"href":"https:\/\/www.europesays.com\/es\/wp-json\/wp\/v2\/media\/316381"}],"wp:attachment":[{"href":"https:\/\/www.europesays.com\/es\/wp-json\/wp\/v2\/media?parent=316380"}],"wp:term":[{"taxonomy":"category","embeddable":true,"href":"https:\/\/www.europesays.com\/es\/wp-json\/wp\/v2\/categories?post=316380"},{"taxonomy":"post_tag","embeddable":true,"href":"https:\/\/www.europesays.com\/es\/wp-json\/wp\/v2\/tags?post=316380"}],"curies":[{"name":"wp","href":"https:\/\/api.w.org\/{rel}","templated":true}]}}