{"id":316387,"date":"2025-12-31T23:07:08","date_gmt":"2025-12-31T23:07:08","guid":{"rendered":"https:\/\/www.europesays.com\/es\/316387\/"},"modified":"2025-12-31T23:07:08","modified_gmt":"2025-12-31T23:07:08","slug":"antonia-san-juan-celebra-entre-lagrimas-haber-superado-el-cancer-estoy-curada","status":"publish","type":"post","link":"https:\/\/www.europesays.com\/es\/316387\/","title":{"rendered":"Antonia San Juan celebra entre l\u00e1grimas haber superado el c\u00e1ncer: \u00abEstoy curada\u00bb"},"content":{"rendered":"<p data-journey-content=\"true\" data-node-id=\"3\" class=\"css-6wxqfj emevuu60\">Antonia San Juan ha recibido la mejor noticia que podr\u00eda haber recibido. Entre l\u00e1grimas, la actriz ha comunicado que <a href=\"https:\/\/www.diezminutos.es\/famosos-corazon\/famosos-espanoles\/a69270668\/antonia-san-juan-enfermedad-cancer-reaparicion\/\" target=\"_blank\" data-vars-ga-outbound-link=\"https:\/\/www.diezminutos.es\/famosos-corazon\/famosos-espanoles\/a69270668\/antonia-san-juan-enfermedad-cancer-reaparicion\/\" data-vars-ga-ux-element=\"Hyperlink\" data-vars-ga-call-to-action=\"se encuentra totalmente recuperada de su c\u00e1ncer.\" data-node-id=\"3.1\" class=\"body-link css-177bzfx emevuu60\" rel=\"nofollow noopener\">se encuentra totalmente recuperada de su c\u00e1ncer.<\/a> Si bien hab\u00eda anunciado hace unos d\u00edas que<a href=\"https:\/\/www.diezminutos.es\/famosos-corazon\/famosos-espanoles\/a69868897\/antonia-san-juan-final-tratamiento-quimioterapia-estoy-contenta\/\" target=\"_blank\" data-vars-ga-outbound-link=\"https:\/\/www.diezminutos.es\/famosos-corazon\/famosos-espanoles\/a69868897\/antonia-san-juan-final-tratamiento-quimioterapia-estoy-contenta\/\" data-vars-ga-ux-element=\"Hyperlink\" data-vars-ga-call-to-action=\" hoy era su \u00faltima sesi\u00f3n de quimioterapia,\" data-node-id=\"3.3\" class=\"body-link css-177bzfx emevuu60\" rel=\"nofollow noopener\"> hoy era su \u00faltima sesi\u00f3n de quimioterapia,<\/a> la actriz no ha esperado a comunicar esta buena noticia. <strong data-node-id=\"3.5\">\u00abEstoy muy contenta porque me han dicho que el tumor ya remiti\u00f3, no hay met\u00e1stasis y estoy curada\u00bb,<\/strong> ha se\u00f1alado emocionada. <\/p>\n<p data-journey-content=\"true\" data-node-id=\"6\" class=\"css-6wxqfj emevuu60\">Desde que se le diagnosticara el tumor de garganta, Antonia San Juan no ha dudado en actualizar su estado de salud a sus seguidores de forma constante a trav\u00e9s de las redes sociales. Sin callar ning\u00fan detalle, su objetivo ha sido siempre darle la normalidad con la que lo vive, <a href=\"https:\/\/www.diezminutos.es\/famosos-corazon\/famosos-espanoles\/a68834758\/imagen-valiente-antonia-san-juan-tratamiento-cancer-soy-feliz\/\" target=\"_blank\" data-vars-ga-outbound-link=\"https:\/\/www.diezminutos.es\/famosos-corazon\/famosos-espanoles\/a68834758\/imagen-valiente-antonia-san-juan-tratamiento-cancer-soy-feliz\/\" data-vars-ga-ux-element=\"Hyperlink\" data-vars-ga-call-to-action=\"dej\u00e1ndose ver incluso sin la cabellera desde el primer momento\" data-node-id=\"6.1\" class=\"body-link css-177bzfx emevuu60\" rel=\"nofollow noopener\">dej\u00e1ndose ver incluso sin la cabellera desde el primer momento<\/a> en el que comenz\u00f3 a perder el pelo a causa de la quimioterapia. Una normalidad que ha hecho que sus seguidores no la suelten de la mano en todo el proceso. <\/p>\n<p data-journey-content=\"true\" data-node-id=\"9\" class=\"css-6wxqfj emevuu60\">Antonia ha desvelado que est\u00e1 muy feliz con esta noticia pero no ha podido evitar romper a llorar. \u00abUna vez me dijo alguien que cuando uno llora, no llora de felicidad sino porque cree que uno no se lo merece. Es una frase para pensarla\u00bb, reflexionaba la int\u00e9rprete. <strong data-node-id=\"9.1\">\u00abEstoy tan contenta&#8230; pero tambi\u00e9n aparece la incertidumbre, que la voy a saber llevar,<\/strong> de c\u00f3mo es toda la recuperaci\u00f3n y c\u00f3mo va a ser la nueva vida\u00bb, a\u00f1ad\u00eda.<\/p>\n<p data-journey-content=\"true\" data-node-id=\"13\" class=\"css-6wxqfj emevuu60\">En este sentido, ha reflexionado que ella ya ha ido a\u00f1adiendo elementos nuevos en su d\u00eda a d\u00eda como el trabajo o los amigos y la familia. A ellos, <strong data-node-id=\"13.1\">Antonia San Juan ha agradecido su comprensi\u00f3n durante este proceso,<\/strong> en el que ha habido momentos que <a href=\"https:\/\/www.diezminutos.es\/famosos-corazon\/famosos-espanoles\/a69731813\/antonia-san-juan-premios-forque-evolucion-cancer\/\" target=\"_blank\" data-vars-ga-outbound-link=\"https:\/\/www.diezminutos.es\/famosos-corazon\/famosos-espanoles\/a69731813\/antonia-san-juan-premios-forque-evolucion-cancer\/\" data-vars-ga-ux-element=\"Hyperlink\" data-vars-ga-call-to-action=\"ha decidido estar en soledad \" data-node-id=\"13.3\" class=\"body-link css-177bzfx emevuu60\" rel=\"nofollow noopener\">ha decidido estar en soledad <\/a>para enfrentar su enfermedad. <\/p>\n<p data-journey-content=\"true\" data-node-id=\"15\" class=\"css-6wxqfj emevuu60\">Su ejemplo de normalizar la enfermedad y compartir todo lo vivido ha ayudado mucho a quienes se encuentran en un proceso similar a la actriz. A ellos les ha invitado a seguir confiando en la ciencia y sus m\u00e9dicos. <strong data-node-id=\"15.1\">\u00abLa ciencia me ha dicho, t\u00edrate que te agarro. He confiado y me he tirado\u00bb, ha sentenciado.<\/strong> Ahora puede brindar por todo lo bueno que le espera en este a\u00f1o despu\u00e9s de haberse curado de la enfermedad. <\/p>\n<p><img src=\"https:\/\/www.europesays.com\/es\/wp-content\/uploads\/2025\/12\/323095e3-d675-4360-ad79-c3a735f161a1_1681830139.file.png\" alt=\"Headshot of Aroa D\u00edaz\" title=\"Headshot of Aroa D\u00edaz\" width=\"100%\" height=\"100%\" decoding=\"async\" loading=\"lazy\" class=\"css-o0wq4v ev8dhu53\"\/><\/p>\n<p>Aroa D\u00edaz es experta en realities, televisi\u00f3n y actualidad en general. No hay momento del d\u00eda en el que no tenga encendida la televisi\u00f3n conociendo los \u00faltimos desvelos de los famosos, disfrutando de los realities como Supervivientes o de los concursos m\u00e1s rocambolescos. Las \u00faltimas novedades de los famosos del coraz\u00f3n son su perdici\u00f3n y la actualidad de las Casas Reales, su gran pasi\u00f3n. \u00a0\u00a0<\/p>\n<p>En sus ratos libres disfruta de las pel\u00edculas y series de moda, y bucea por los cat\u00e1logos de las plataformas de podcast buscando nuevas entrevistas y charlas de famosos.<\/p>\n<p>Adem\u00e1s, no ha parado de formarse en todos los aspectos convirti\u00e9ndose en una periodista 360: locuci\u00f3n, doblaje, grabaci\u00f3n de v\u00eddeo, periodismo m\u00f3vil, producci\u00f3n de podcast y SEO. Actualmente est\u00e1 form\u00e1ndose en el M\u00e1ster universitario de Periodismo y Comunicaci\u00f3n Digital: Datos y Nuevas Narrativas de la UOC.<\/p>\n<p>Graduada en periodismo por la Universidad Rey Juan Carlos, no ha parado de trabajar desde que obtuvo su t\u00edtulo all\u00e1 por el 2013. Despu\u00e9s de un breve impass en Palma de Mallorca, volvi\u00f3 a Legan\u00e9s donde arranc\u00f3 su experiencia con Legan\u00e9s Activo. En este tiempo he pasado por las redacciones de varios medios recayendo finalmente en Hearst Espa\u00f1a (Telenovela, Qu\u00e9 me dices y Diez Minutos). Tambi\u00e9n tiene experiencia en diferentes radios. \u00a0<\/p>\n","protected":false},"excerpt":{"rendered":"Antonia San Juan ha recibido la mejor noticia que podr\u00eda haber recibido. Entre l\u00e1grimas, la actriz ha comunicado&hellip;\n","protected":false},"author":2,"featured_media":316388,"comment_status":"","ping_status":"","sticky":false,"template":"","format":"standard","meta":{"footnotes":""},"categories":[174],"tags":[255,253,146,147,25,24,256,23],"class_list":{"0":"post-316387","1":"post","2":"type-post","3":"status-publish","4":"format-standard","5":"has-post-thumbnail","7":"category-famosos","8":"tag-celebrities","9":"tag-discover","10":"tag-entertainment","11":"tag-entretenimiento","12":"tag-es","13":"tag-espana","14":"tag-famosos","15":"tag-spain"},"share_on_mastodon":{"url":"https:\/\/pubeurope.com\/@es\/115816696546793865","error":""},"_links":{"self":[{"href":"https:\/\/www.europesays.com\/es\/wp-json\/wp\/v2\/posts\/316387","targetHints":{"allow":["GET"]}}],"collection":[{"href":"https:\/\/www.europesays.com\/es\/wp-json\/wp\/v2\/posts"}],"about":[{"href":"https:\/\/www.europesays.com\/es\/wp-json\/wp\/v2\/types\/post"}],"author":[{"embeddable":true,"href":"https:\/\/www.europesays.com\/es\/wp-json\/wp\/v2\/users\/2"}],"replies":[{"embeddable":true,"href":"https:\/\/www.europesays.com\/es\/wp-json\/wp\/v2\/comments?post=316387"}],"version-history":[{"count":0,"href":"https:\/\/www.europesays.com\/es\/wp-json\/wp\/v2\/posts\/316387\/revisions"}],"wp:featuredmedia":[{"embeddable":true,"href":"https:\/\/www.europesays.com\/es\/wp-json\/wp\/v2\/media\/316388"}],"wp:attachment":[{"href":"https:\/\/www.europesays.com\/es\/wp-json\/wp\/v2\/media?parent=316387"}],"wp:term":[{"taxonomy":"category","embeddable":true,"href":"https:\/\/www.europesays.com\/es\/wp-json\/wp\/v2\/categories?post=316387"},{"taxonomy":"post_tag","embeddable":true,"href":"https:\/\/www.europesays.com\/es\/wp-json\/wp\/v2\/tags?post=316387"}],"curies":[{"name":"wp","href":"https:\/\/api.w.org\/{rel}","templated":true}]}}