{"id":316389,"date":"2025-12-31T23:10:08","date_gmt":"2025-12-31T23:10:08","guid":{"rendered":"https:\/\/www.europesays.com\/es\/316389\/"},"modified":"2025-12-31T23:10:08","modified_gmt":"2025-12-31T23:10:08","slug":"no-lo-sabias-johnny-galecki-estuvo-a-punto-de-no-ser-leonard-en-the-big-bang-theory-para-dedicarse-a-la-fontaneria","status":"publish","type":"post","link":"https:\/\/www.europesays.com\/es\/316389\/","title":{"rendered":"No lo sab\u00edas: Johnny Galecki estuvo a punto de no ser Leonard en &#8216;The Big Bang Theory&#8217; para dedicarse a la fontaner\u00eda"},"content":{"rendered":"<p class=\"v-mdl-ath__p v-mdl-ath__p--6\">\nMi\u00e9rcoles, 31 de diciembre 2025, 19:22<\/p>\n<p class=\"v-p\">&#8216;The Big Bang Theory&#8217; es una de las series de televisi\u00f3n m\u00e1s exitosas y populares de los \u00faltimos a\u00f1os. Durante 12 temporadas hemos podido re\u00edr, e incluso llorar, gracias a sus protagonistas: Sheldon Cooper y su grupo de amigos.<\/p>\n<p class=\"v-p\">Lo que pocos saben es que, en realidad, Johnny Galecki pudo no haber sido el elegido para interpretar al f\u00edsico Leonard Hofstadter. La raz\u00f3n es que el actor estadounidense estuvo a punto de tomar otro rumbo profesional antes de ser fichado para la &#8216;sitcom&#8217;.<\/p>\n<p>Decidi\u00f3 tomarse un a\u00f1o sab\u00e1tico, a la vuelta no lograba encontrar ning\u00fan papel importante<\/p>\n<p class=\"v-p\">Seg\u00fan ha explicado en una entrevista en el programa &#8216;Live with Kelly and Mark&#8217;: \u00abHab\u00eda hecho &#8216;Roseanne&#8217; durante unos a\u00f1os. Despu\u00e9s estuve viviendo en diferentes lugares. Me tom\u00e9 un a\u00f1o sab\u00e1tico, hice un &#8216;road trip&#8217;&#8230; Sin darme cuenta de que en este negocio te enfr\u00edas. Volv\u00ed y no ten\u00eda oportunidades\u00bb. <\/p>\n<p class=\"v-p\">Pese a haber formado parte de una de las series m\u00e1s populares de los a\u00f1os 90 de la televisi\u00f3n estadounidense, su regreso no result\u00f3 como esperaba. Las oportunidades para aparecer en nuevos proyectos no llegaron con la frecuencia deseada, lo que le oblig\u00f3 a replantearse su futuro profesional.<\/p>\n<p>Propuso un plan B: dedicarse al dise\u00f1o de spas y ba\u00f1os<\/p>\n<p class=\"v-p\">De este modo, Johnny Galecki dise\u00f1\u00f3 un plan B completamente alejado de la interpretaci\u00f3n. La alternativa, seg\u00fan relat\u00f3 en &#8216;Fast Company&#8217;, era ser dise\u00f1ador de ba\u00f1os: \u00abComenc\u00e9 a pensar que, bueno, quiz\u00e1s solo fui un ni\u00f1o actor. Y estaba bien con eso\u00bb. Siguiendo el consejo de un amigo, se traslad\u00f3 hasta Wisconsin para formarse en fontaner\u00eda.<\/p>\n<p class=\"v-p\">Ese giro vital se vio interrumpido a causa de una llamada desde Nueva York, comunic\u00e1ndole que hab\u00eda una audici\u00f3n para una nueva serie: &#8216;The Big Bang Theory&#8217;. \u00abHay una parte de m\u00ed que cree que, en un mundo paralelo, sigo estudiando fontaner\u00eda en Wisconsin\u00bb, reconoce Galecki.<\/p>\n<p class=\"v-p\">Con el \u00e9xito de la serie, Johnny logr\u00f3 convertirse en uno de los actores mejor pagados de la televisi\u00f3n. Aun as\u00ed, el int\u00e9rprete ha asegurado que, si alg\u00fan d\u00eda lo necesita, no descarta dedicarse al dise\u00f1o de ba\u00f1os, un sector que por entonces ten\u00eda muchas salidas y que en la actualidad sigue teniendo una alta demanda.<\/p>\n<p>Reporta un error<\/p>\n","protected":false},"excerpt":{"rendered":"Mi\u00e9rcoles, 31 de diciembre 2025, 19:22 &#8216;The Big Bang Theory&#8217; es una de las series de televisi\u00f3n m\u00e1s&hellip;\n","protected":false},"author":2,"featured_media":316390,"comment_status":"","ping_status":"","sticky":false,"template":"","format":"standard","meta":{"footnotes":""},"categories":[171],"tags":[146,147,25,24,73979,73980,23,29249,214],"class_list":{"0":"post-316389","1":"post","2":"type-post","3":"status-publish","4":"format-standard","5":"has-post-thumbnail","7":"category-tv","8":"tag-entertainment","9":"tag-entretenimiento","10":"tag-es","11":"tag-espana","12":"tag-johnny-galecki","13":"tag-leonard-hofstadter","14":"tag-spain","15":"tag-the-big-bang-theory","16":"tag-tv"},"share_on_mastodon":{"url":"https:\/\/pubeurope.com\/@es\/115816708487932395","error":""},"_links":{"self":[{"href":"https:\/\/www.europesays.com\/es\/wp-json\/wp\/v2\/posts\/316389","targetHints":{"allow":["GET"]}}],"collection":[{"href":"https:\/\/www.europesays.com\/es\/wp-json\/wp\/v2\/posts"}],"about":[{"href":"https:\/\/www.europesays.com\/es\/wp-json\/wp\/v2\/types\/post"}],"author":[{"embeddable":true,"href":"https:\/\/www.europesays.com\/es\/wp-json\/wp\/v2\/users\/2"}],"replies":[{"embeddable":true,"href":"https:\/\/www.europesays.com\/es\/wp-json\/wp\/v2\/comments?post=316389"}],"version-history":[{"count":0,"href":"https:\/\/www.europesays.com\/es\/wp-json\/wp\/v2\/posts\/316389\/revisions"}],"wp:featuredmedia":[{"embeddable":true,"href":"https:\/\/www.europesays.com\/es\/wp-json\/wp\/v2\/media\/316390"}],"wp:attachment":[{"href":"https:\/\/www.europesays.com\/es\/wp-json\/wp\/v2\/media?parent=316389"}],"wp:term":[{"taxonomy":"category","embeddable":true,"href":"https:\/\/www.europesays.com\/es\/wp-json\/wp\/v2\/categories?post=316389"},{"taxonomy":"post_tag","embeddable":true,"href":"https:\/\/www.europesays.com\/es\/wp-json\/wp\/v2\/tags?post=316389"}],"curies":[{"name":"wp","href":"https:\/\/api.w.org\/{rel}","templated":true}]}}