{"id":316407,"date":"2025-12-31T23:20:11","date_gmt":"2025-12-31T23:20:11","guid":{"rendered":"https:\/\/www.europesays.com\/es\/316407\/"},"modified":"2025-12-31T23:20:11","modified_gmt":"2025-12-31T23:20:11","slug":"la-moncloa-agenda-del-gobierno-gobierno-agenda-8","status":"publish","type":"post","link":"https:\/\/www.europesays.com\/es\/316407\/","title":{"rendered":"La Moncloa. Agenda del Gobierno [Gobierno\/Agenda]"},"content":{"rendered":"<p> &#13;&#13;<\/p>\n<ul class=\"eventList personList\">&#13;<\/p>\n<li>&#13; <img decoding=\"async\" title=\"29\/12\/2023. Carlos Cuerpo. El ministro de Econom\u00eda, Comercio y Empresa, Carlos Cuerpo Caballero.\" class=\"eventImage\" src=\"https:\/\/www.europesays.com\/es\/wp-content\/uploads\/2025\/09\/ministro_carlos_cuerpo.png\" alt=\"29\/12\/2023. Carlos Cuerpo. El ministro de Econom\u00eda, Comercio y Empresa, Carlos Cuerpo Caballero.\"\/><br \/>\n&#13;<br \/>\nCarlos Cuerpo <\/p>\n<p class=\"eventDescription cargo\">Ministro de Econom\u00eda, Comercio y Empresa<\/p>\n<p>&#13;<\/p>\n<ul class=\"eventList\">&#13;<\/p>\n<li>&#13;\n<p>08:00 h.<\/p>\n<p>&#13;<\/p>\n<p class=\"eventPersonTitle\">Es entrevistado en el programa &#8216;Hoy por Hoy&#8217;, de la Cadena SER.<\/p>\n<p>\t&#13;<\/li>\n<p>&#13;<\/ul>\n<p>&#13;<\/li>\n<p>&#13;<\/ul>\n<p> &#13;\t<\/p>\n<p id=\"ctl00_CookieInfo_pCookieText\">Este sitio web utiliza cookies propias y de terceros para mantener la sesi\u00f3n, ofrecerle una mejor experiencia de usuario y obtener datos estad\u00edsticos de navegaci\u00f3n de los usuarios. Para m\u00e1s informaci\u00f3n vea la <a title=\"Pol\u00edtica de cookies\" target=\"_self\" href=\"https:\/\/www.lamoncloa.gob.es\/Paginas\/politica-de-cookies.aspx\" rel=\"nofollow noopener\">Pol\u00edtica de cookies<\/a><\/p>\n<p>Aceptar<br \/>\nRechazar<\/p>\n","protected":false},"excerpt":{"rendered":"&#13;&#13; &#13; &#13; &#13; Carlos Cuerpo Ministro de Econom\u00eda, Comercio y Empresa &#13; &#13; &#13; 08:00 h. &#13;&hellip;\n","protected":false},"author":2,"featured_media":46302,"comment_status":"","ping_status":"","sticky":false,"template":"","format":"standard","meta":{"footnotes":""},"categories":[5],"tags":[4071,17,18,25,24,13,14,582,11,19,20,9,10,15,16,23,12,21,22],"class_list":{"0":"post-316407","1":"post","2":"type-post","3":"status-publish","4":"format-standard","5":"has-post-thumbnail","7":"category-titulares","8":"tag-agenda","9":"tag-breaking-news","10":"tag-breakingnews","11":"tag-es","12":"tag-espana","13":"tag-featured-news","14":"tag-featurednews","15":"tag-gobierno","16":"tag-headlines","17":"tag-latest-news","18":"tag-latestnews","19":"tag-news","20":"tag-noticias","21":"tag-noticias-destacadas","22":"tag-noticiasdestacadas","23":"tag-spain","24":"tag-titulares","25":"tag-ultimas-noticias","26":"tag-ultimasnoticias"},"share_on_mastodon":{"url":"https:\/\/pubeurope.com\/@es\/115816747691874931","error":""},"_links":{"self":[{"href":"https:\/\/www.europesays.com\/es\/wp-json\/wp\/v2\/posts\/316407","targetHints":{"allow":["GET"]}}],"collection":[{"href":"https:\/\/www.europesays.com\/es\/wp-json\/wp\/v2\/posts"}],"about":[{"href":"https:\/\/www.europesays.com\/es\/wp-json\/wp\/v2\/types\/post"}],"author":[{"embeddable":true,"href":"https:\/\/www.europesays.com\/es\/wp-json\/wp\/v2\/users\/2"}],"replies":[{"embeddable":true,"href":"https:\/\/www.europesays.com\/es\/wp-json\/wp\/v2\/comments?post=316407"}],"version-history":[{"count":0,"href":"https:\/\/www.europesays.com\/es\/wp-json\/wp\/v2\/posts\/316407\/revisions"}],"wp:featuredmedia":[{"embeddable":true,"href":"https:\/\/www.europesays.com\/es\/wp-json\/wp\/v2\/media\/46302"}],"wp:attachment":[{"href":"https:\/\/www.europesays.com\/es\/wp-json\/wp\/v2\/media?parent=316407"}],"wp:term":[{"taxonomy":"category","embeddable":true,"href":"https:\/\/www.europesays.com\/es\/wp-json\/wp\/v2\/categories?post=316407"},{"taxonomy":"post_tag","embeddable":true,"href":"https:\/\/www.europesays.com\/es\/wp-json\/wp\/v2\/tags?post=316407"}],"curies":[{"name":"wp","href":"https:\/\/api.w.org\/{rel}","templated":true}]}}