{"id":316412,"date":"2025-12-31T23:29:09","date_gmt":"2025-12-31T23:29:09","guid":{"rendered":"https:\/\/www.europesays.com\/es\/316412\/"},"modified":"2025-12-31T23:29:09","modified_gmt":"2025-12-31T23:29:09","slug":"posible-ingreso-extra-para-el-betis-en-enero-con-la-salida-de-ismael-sierra-del-villarreal","status":"publish","type":"post","link":"https:\/\/www.europesays.com\/es\/316412\/","title":{"rendered":"Posible ingreso extra para el Betis en enero con la salida de Ismael Sierra del Villarreal"},"content":{"rendered":"<p>El central desea salir del Villarreal en enero, lo que supondr\u00eda cortar la cesi\u00f3n, y tiene pretendientes para dar el salto, lo que podr\u00eda dejar r\u00e9dito al Betis si fuera traspasado al reservarse un alto porcentaje de sus derechos en el acuerdo con el Estoril<\/p>\n<p class=\"parrafo\">Hace dos veranos, <strong>el Betis tom\u00f3 la decisi\u00f3n de traspasar definitivamente a Ismael Sierra<\/strong>, joven central que lleg\u00f3 en juveniles a la cantera verdiblanca y alcanz\u00f3 el Betis Deportivo, paso previo a la exitosa cesi\u00f3n al Teruel en la campa\u00f1a 23\/24.<\/p>\n<p class=\"parrafo\">Su rendimiento en el club aragon\u00e9s propici\u00f3 que <strong>Pellegrini lo quisiera ver en pretemporada e incluso se planteara qued\u00e1rselo como cuarto central<\/strong>, si bien, finalmente, pese a que todo apuntaba a una nueva cesi\u00f3n, <strong>el Betis alcanz\u00f3 un acuerdo con el Estoril para su traspaso <\/strong>sin coste directo pero reserv\u00e1ndose <strong>un alt\u00edsimo porcentaje de una futura venta, m\u00e1s concretamente un 45%, <\/strong>por lo que, desde entonces en Heli\u00f3polis est\u00e1n muy atentos de sus evoluciones.<\/p>\n<p>Ismael Sierra, con protagonismo en su cesi\u00f3n en el Villarreal B <\/p>\n<p class=\"parrafo\">En Portugal no tuvo oportunidades y <strong>en enero de 2024 sali\u00f3 cedido a Osasuna para su filial<\/strong>, donde firm\u00f3 un destacado paso que, sin embargo, no sirvi\u00f3 para que los rojillos ejecutaran la opci\u00f3n de compra, por lo que los b\u00e9ticos se quedaron sin ingreso extra. Sin sitio en el Estoril, <strong>el Villarreal se hizo con sus servicios a pr\u00e9stamo este verano con opci\u00f3n a compra <\/strong>y el oscense ha disfrutado de continuidad en el segundo equipo castellonense e, incluso, ha sido convocado por Marcelino en una ocasi\u00f3n, m\u00e1s concretamente contra el Sevilla.<\/p>\n<p><a class=\"elementos-rel-t2\" href=\"https:\/\/www.estadiodeportivo.com\/futbol\/betis\/betis-frota-las-manos-con-ismael-sierra-tras-relanzar-carrera-villarreal-20251030-518448.html\" title=\"El Betis se frota las manos con Ismael Sierra tras relanzar su carrera en el Villarreal\" rel=\"nofollow noopener\" target=\"_blank\"><\/p>\n<p class=\"titular titulo-4\">El Betis se frota las manos con Ismael Sierra tras relanzar su carrera en el Villarreal<\/p>\n<p><img decoding=\"async\" src=\"https:\/\/www.europesays.com\/es\/wp-content\/uploads\/2025\/12\/4038ef76-1b02-4e21-b8cd-ff1c626eed15_320x180.jpeg\" alt=\"El Betis se frota las manos con Ismael Sierra tras relanzar su carrera en el Villarreal\"\/><\/a><a class=\"elementos-rel-t2\" href=\"https:\/\/www.estadiodeportivo.com\/futbol\/betis\/acuerdo-para-vender-ismael-sierra-con-ventajas-para-betis-20240813-460840.html\" title=\"Acuerdo para vender a Ismael Sierra con ventajas para el Betis  \" rel=\"nofollow noopener\" target=\"_blank\"><\/p>\n<p class=\"titular titulo-4\">Acuerdo para vender a Ismael Sierra con ventajas para el Betis  <\/p>\n<p><img decoding=\"async\" src=\"https:\/\/www.europesays.com\/es\/wp-content\/uploads\/2025\/12\/8626cc53-a6d1-416a-865f-53f3fb30b6ab_320x180.jpeg\" alt=\"Acuerdo para vender a Ismael Sierra con ventajas para el Betis  \"\/><\/a><\/p>\n<p class=\"parrafo\"><strong>Sierra ha sido intocable en la mayor parte de la temporada<\/strong>, con un par\u00e9ntesis a partir de su sanci\u00f3n por amarilla en la jornada 13 y tres suplencias consecutivas frenadas por su titularidad y 90 minutos en el \u00faltimo partido del a\u00f1o contra el Algeciras (0-0). As\u00ed, <strong>ha disputado un total de 821 minutos repartidos en 10 encuentros <\/strong>en el Grupo II de Primera Federaci\u00f3n.<\/p>\n<p>Inter\u00e9s de C\u00e1diz y Osasuna<\/p>\n<p class=\"parrafo\">As\u00ed, <strong>su rendimiento ha llamado la atenci\u00f3n en categor\u00edas superiores <\/strong>y el periodista Francisco Jim\u00e9nez apuntaba recientemente que <strong>el C\u00e1diz se ha fijado en \u00e9l como opci\u00f3n para el eje de la zaga, pero no es el \u00fanico, pues, por ejemplo, tambi\u00b4n ha vuelto a preguntar Osasuna.<\/strong> Tanto es as\u00ed que, seg\u00fan ha podido saber ESTADIO, existe la posibilidad de que <strong>salga en el mes de enero <\/strong>de La Cer\u00e1mica, lo que podr\u00eda suponer <strong>un ingreso extra para el Betis<\/strong>, tanto en cuanto se llevar\u00eda casi la mitad en el caso de que se produjera su traspaso, aunque tampoco se descarta una nueva cesi\u00f3n.<\/p>\n<p class=\"parrafo\">Y es que <strong>el futbolista, <\/strong>como apunta Sportbase,<strong> ha solicitado salir en este mercado invernal del Villarreal a pesar de su \u00faltima titularidad<\/strong><strong>, <\/strong>en vista de que, por ahora, Marcelino no ha pasado de convocarle solamente contra los nervionenses. As\u00ed, primero habr\u00eda que <strong>cortar la cesi\u00f3n por parte del Estoril, para lo que el Villarreal no pondr\u00eda demasiados problemas <\/strong>y despu\u00e9s negociar con los pretendientes. Por baja que fuera la cantidad si hubiese traspaso, <strong>el Betis se llevar\u00eda un pellizco para sus arcas. <\/strong>Habr\u00e1 que esperar a que avance el mes de enero.<\/p>\n","protected":false},"excerpt":{"rendered":"El central desea salir del Villarreal en enero, lo que supondr\u00eda cortar la cesi\u00f3n, y tiene pretendientes para&hellip;\n","protected":false},"author":2,"featured_media":316413,"comment_status":"","ping_status":"","sticky":false,"template":"","format":"standard","meta":{"footnotes":""},"categories":[268],"tags":[168,25,24,284,280,282,286,281,23,167,9607],"class_list":{"0":"post-316412","1":"post","2":"type-post","3":"status-publish","4":"format-standard","5":"has-post-thumbnail","7":"category-futbol","8":"tag-deportes","9":"tag-es","10":"tag-espana","11":"tag-estadio-deportivo","12":"tag-football","13":"tag-futbol","14":"tag-real-betis-balompie","15":"tag-soccer","16":"tag-spain","17":"tag-sports","18":"tag-villarreal-cf"},"share_on_mastodon":{"url":"https:\/\/pubeurope.com\/@es\/115816783170238732","error":""},"_links":{"self":[{"href":"https:\/\/www.europesays.com\/es\/wp-json\/wp\/v2\/posts\/316412","targetHints":{"allow":["GET"]}}],"collection":[{"href":"https:\/\/www.europesays.com\/es\/wp-json\/wp\/v2\/posts"}],"about":[{"href":"https:\/\/www.europesays.com\/es\/wp-json\/wp\/v2\/types\/post"}],"author":[{"embeddable":true,"href":"https:\/\/www.europesays.com\/es\/wp-json\/wp\/v2\/users\/2"}],"replies":[{"embeddable":true,"href":"https:\/\/www.europesays.com\/es\/wp-json\/wp\/v2\/comments?post=316412"}],"version-history":[{"count":0,"href":"https:\/\/www.europesays.com\/es\/wp-json\/wp\/v2\/posts\/316412\/revisions"}],"wp:featuredmedia":[{"embeddable":true,"href":"https:\/\/www.europesays.com\/es\/wp-json\/wp\/v2\/media\/316413"}],"wp:attachment":[{"href":"https:\/\/www.europesays.com\/es\/wp-json\/wp\/v2\/media?parent=316412"}],"wp:term":[{"taxonomy":"category","embeddable":true,"href":"https:\/\/www.europesays.com\/es\/wp-json\/wp\/v2\/categories?post=316412"},{"taxonomy":"post_tag","embeddable":true,"href":"https:\/\/www.europesays.com\/es\/wp-json\/wp\/v2\/tags?post=316412"}],"curies":[{"name":"wp","href":"https:\/\/api.w.org\/{rel}","templated":true}]}}