{"id":316414,"date":"2025-12-31T23:30:14","date_gmt":"2025-12-31T23:30:14","guid":{"rendered":"https:\/\/www.europesays.com\/es\/316414\/"},"modified":"2025-12-31T23:30:14","modified_gmt":"2025-12-31T23:30:14","slug":"por-el-amor-de-dios-pasa-el-tiempo-y-no-se-habla-de-lo-mio","status":"publish","type":"post","link":"https:\/\/www.europesays.com\/es\/316414\/","title":{"rendered":"\u00a1Por el amor de Dios, pasa el tiempo y no se habla de lo m\u00edo!"},"content":{"rendered":"<p class=\"c-paragraph\">El c\u00f3mico <a href=\"https:\/\/www.20minutos.es\/tags\/personas\/jose-mota.html\" title=\"Jos\u00e9 Mota\" rel=\"nofollow noopener\" target=\"_blank\">Jos\u00e9 Mota<\/a> protagonizar\u00e1 esta noche,\u00a031 de diciembre, a partir de las 21.45 horas\u00a0<b>El juego del camelar, el especial de humor de este a\u00f1o<\/b> justo antes de las Campanadas.\u00a0<\/p>\n<p class=\"c-paragraph\">Para promocionarlo, Mota quiso rememorar un recordado momento televisivo, cuando<b> Francisco Umbral le mont\u00f3 una bronca en directo a Mercedes Mil\u00e1<\/b> porque no se hablaba del libro que acababa de publicar, con aquel \u00abyo he venido aqu\u00ed a hablar de mi libro\u00bb.\u00a0<\/p>\n<p class=\"c-paragraph\">As\u00ed, en el informativo presentado por Lourdes Maldonado <b>estaba en plat\u00f3 Carlos del Amor presentando el resumen del a\u00f1o<\/b> (a las 15.00 y a las 21.00 horas en La 1), cuando el c\u00f3mico aparec\u00eda en el control de realizaci\u00f3n del Telediario.\u00a0<\/p>\n<p class=\"c-paragraph\">Siempre en tono de humor, Mota se enfrentaba con el director: \u00ab<b>Llevo aqu\u00ed una semana por el amor de dios<\/b>, pasa el tiempo y aqu\u00ed no se habla de lo m\u00edo, al final voy a tener que tomar medidas\u00bb.\u00a0<\/p>\n<p class=\"c-paragraph\">A continuaci\u00f3n, Mota se levantaba y se iba por los entresijos de los plat\u00f3s rezongando hasta llegar al plat\u00f3, en pleno directo. \u00ab<b>Perd\u00f3n, Lourdes, respeto al m\u00e1ximo, pero cuidado, que veo que habl\u00e1is y habl\u00e1is y se acaba el tiempo<\/b> y yo he venido a hablar de lo m\u00edo\u00bb, les dice.\u00a0<\/p>\n<p class=\"c-paragraph\">\u00abAnda que te quejar\u00e1s,<b> que te has nutrido de todo lo que hemos contado en el Telediario<\/b>\u00ab, le contestaba Maldonado, que le invitaba a hablar de El juego del camelar.\u00a0<\/p>\n<p class=\"c-paragraph\">\u00abCogemos a toda la clase pol\u00edtica y l<b>a metemos a competir por una urna con cientos de miles de votos<\/b> y solo uno puede quedar con vida\u00bb, explica Mota sobre la parodia que han hecho para el especial de humor de este a\u00f1o.\u00a0<\/p>\n","protected":false},"excerpt":{"rendered":"El c\u00f3mico Jos\u00e9 Mota protagonizar\u00e1 esta noche,\u00a031 de diciembre, a partir de las 21.45 horas\u00a0El juego del camelar,&hellip;\n","protected":false},"author":2,"featured_media":316415,"comment_status":"","ping_status":"","sticky":false,"template":"","format":"standard","meta":{"footnotes":""},"categories":[174],"tags":[255,146,147,25,24,256,2467,3841,39595,7745,23,16743],"class_list":{"0":"post-316414","1":"post","2":"type-post","3":"status-publish","4":"format-standard","5":"has-post-thumbnail","7":"category-famosos","8":"tag-celebrities","9":"tag-entertainment","10":"tag-entretenimiento","11":"tag-es","12":"tag-espana","13":"tag-famosos","14":"tag-jose","15":"tag-marca","16":"tag-mota","17":"tag-se","18":"tag-spain","19":"tag-un"},"share_on_mastodon":{"url":"https:\/\/pubeurope.com\/@es\/115816786972345601","error":""},"_links":{"self":[{"href":"https:\/\/www.europesays.com\/es\/wp-json\/wp\/v2\/posts\/316414","targetHints":{"allow":["GET"]}}],"collection":[{"href":"https:\/\/www.europesays.com\/es\/wp-json\/wp\/v2\/posts"}],"about":[{"href":"https:\/\/www.europesays.com\/es\/wp-json\/wp\/v2\/types\/post"}],"author":[{"embeddable":true,"href":"https:\/\/www.europesays.com\/es\/wp-json\/wp\/v2\/users\/2"}],"replies":[{"embeddable":true,"href":"https:\/\/www.europesays.com\/es\/wp-json\/wp\/v2\/comments?post=316414"}],"version-history":[{"count":0,"href":"https:\/\/www.europesays.com\/es\/wp-json\/wp\/v2\/posts\/316414\/revisions"}],"wp:featuredmedia":[{"embeddable":true,"href":"https:\/\/www.europesays.com\/es\/wp-json\/wp\/v2\/media\/316415"}],"wp:attachment":[{"href":"https:\/\/www.europesays.com\/es\/wp-json\/wp\/v2\/media?parent=316414"}],"wp:term":[{"taxonomy":"category","embeddable":true,"href":"https:\/\/www.europesays.com\/es\/wp-json\/wp\/v2\/categories?post=316414"},{"taxonomy":"post_tag","embeddable":true,"href":"https:\/\/www.europesays.com\/es\/wp-json\/wp\/v2\/tags?post=316414"}],"curies":[{"name":"wp","href":"https:\/\/api.w.org\/{rel}","templated":true}]}}