{"id":316418,"date":"2025-12-31T23:35:23","date_gmt":"2025-12-31T23:35:23","guid":{"rendered":"https:\/\/www.europesays.com\/es\/316418\/"},"modified":"2025-12-31T23:35:23","modified_gmt":"2025-12-31T23:35:23","slug":"que-peliculas-ver-este-1-de-enero-en-television-de-un-oscarizado-clasico-de-tom-hanks-a-una-emocionante-cinta-de-disney","status":"publish","type":"post","link":"https:\/\/www.europesays.com\/es\/316418\/","title":{"rendered":"Qu\u00e9 pel\u00edculas ver este 1 de enero en televisi\u00f3n: de un oscarizado cl\u00e1sico de Tom Hanks a una emocionante cinta de Disney"},"content":{"rendered":"<p><a class=\"v-mdl-ath__fig-a\" href=\"https:\/\/www.lasprovincias.es\/autor\/maria-gardo-481.html\" title=\"Mar\u00eda Gard\u00f3\" rel=\"nofollow noopener\" target=\"_blank\"><br \/>\n<img decoding=\"async\" class=\"v-mdl-ath__img\" src=\"https:\/\/www.europesays.com\/es\/wp-content\/uploads\/2025\/07\/autor-481-foto-2.jpeg\" alt=\"Mar\u00eda Gard\u00f3\"\/><br \/>\n<\/a><\/p>\n<p class=\"v-mdl-ath__p v-mdl-ath__p--6\">\nMi\u00e9rcoles, 31 de diciembre 2025, 19:21<\/p>\n<p class=\"v-p\">Para empezar el a\u00f1o disfrutando de buen cine, la TDT ofrece, de forma gratuita, varios t\u00edtulos para todos los gustos. Este 1 de enero se emite &#8216;Encanto&#8217;, una de las pel\u00edculas de Disney m\u00e1s exitosas de los \u00faltimos a\u00f1os. Adem\u00e1s, Tom Hanks se pone en la piel de &#8216;Forrest Gump&#8217;, un oscarizado filme que ya forma parte de las mejores pel\u00edculas de la historia del s\u00e9ptimo arte.<\/p>\n<p class=\"v-p\">Estas son las pel\u00edculas que se emiten hoy:<\/p>\n<ol class=\"v-cmp-u-b__u\">\n<li class=\"v-cmp-u-b__l\">\n<p>\nLa 1<br \/>\n15.55 horas\n<\/p>\n<p>&#8216;Encanto&#8217;<\/p>\n<\/li>\n<\/ol>\n<p class=\"v-p\"><strong>A\u00f1o<\/strong>: 2021<\/p>\n<p class=\"v-p\"><strong>Direcci\u00f3n<\/strong>: Jared Bush, Byron Howard, Charise Castro Smith<\/p>\n<p class=\"v-p\"><strong>Sinopsis<\/strong>: En lo alto de las monta\u00f1as de Colombia existe un lugar m\u00e1gico llamado Encanto. All\u00ed vive la familia Madrigal, donde todos tienen dones fant\u00e1sticos, excepto la joven Mirabel. Cuando la magia que rodea su hogar corre peligro, ella ser\u00e1 la \u00faltima esperanza de su familia.<\/p>\n<ol class=\"v-cmp-u-b__u\">\n<li class=\"v-cmp-u-b__l\">\n<p>\nLaSexta<br \/>\n15.30 horas\n<\/p>\n<p>&#8216;Forrest Gump&#8217;<\/p>\n<\/li>\n<\/ol>\n<p class=\"v-p\"><strong>A\u00f1o<\/strong>: 1994<\/p>\n<p class=\"v-p\"><strong>Direcci\u00f3n<\/strong>: Robert Zemeckis<\/p>\n<p class=\"v-p\"><strong>Reparto<\/strong>: Tom Hanks, Sally Field , Robin Wright , Gary Sinise, Mykelti Williamson<\/p>\n<p class=\"v-p\"><strong>Sinopsis<\/strong>: Forrest Gump es un chico que, con sus limitaciones, contempla la vida con una mirada tierna y c\u00e1ndida. Su persistencia y bondad, valores que le ha inculcado su protectora madre, le llevan a vivir insospechadas peripecias que son un testimonio de la historia de Estados Unidos entre 1950 y 1980. <\/p>\n<ol class=\"v-cmp-u-b__u\">\n<li class=\"v-cmp-u-b__l\">\n<p>\nTrece<br \/>\n16.40 horas\n<\/p>\n<p>&#8216;La muerte ten\u00eda un precio&#8217;<\/p>\n<\/li>\n<\/ol>\n<p class=\"v-p\"><strong>A\u00f1o<\/strong>: 1965<\/p>\n<p class=\"v-p\"><strong>Direcci\u00f3n<\/strong>: Sergio Leone<\/p>\n<p class=\"v-p\"><strong>Reparto<\/strong>: Clint Eastwood, Lee Van Cleef, Gian Maria Volont\u00e9, Joseph Egger, Luigi Pistilli, Mario Brega , Mara Krupp, Klaus Kinski, Tom\u00e1s Blanco , Aldo Sambrell, Roberto Camardiel<\/p>\n<p class=\"v-p\"><strong>Sinopsis<\/strong>: Dos cazadores de recompensas se al\u00edan para encontrar a un peligroso forajido llamado El Indio y repartirse los beneficios de la captura. Uno de ellos es El Manco, un pistolero c\u00ednico, fumador y parco en palabras; el otro es el coronel Mortimer, un hombre mayor marcado por su pasado que tiene sus propios motivos para querer acabar con la vida del Indio.<\/p>\n<p>Otras pel\u00edculas para ver hoy gratis<\/p>\n<p class=\"v-p\">&#8211; &#8216;Viaje al centro de la Tierra 2: La isla misteriosa&#8217;, a las 15.30 horas, en Neox.<\/p>\n<p class=\"v-p\">&#8211; &#8216;El pr\u00edncipe y yo&#8217;, a las 17.25 horas, en La 1.<\/p>\n<p class=\"v-p\">&#8211; &#8216;Sully&#8217;, a las 18.00 horas, en laSexta.<\/p>\n<p class=\"v-p\">&#8211; &#8216;Grease&#8217;, a las 19.10 horas, en La 1.<\/p>\n<p class=\"v-p\">&#8211; &#8216;El bueno, el feo y el malo&#8217;, a las 19.10 horas, en Trece.<\/p>\n<p class=\"v-p\">&#8211; &#8216;El n\u00facleo&#8217;, a las 19.30 horas, en Neox.<\/p>\n<p class=\"v-p\">&#8211; &#8216;El fraude&#8217;, a las 21.25 horas, en Telecinco.<\/p>\n<p class=\"v-p\">&#8211; &#8216;Despierta la furia&#8217;, a las 22.45 horas, en La 1.<\/p>\n<p class=\"v-p\">&#8211; &#8216;Aquaman y el reino perdido&#8217;, a las 22.45 horas, en laSexta.<\/p>\n<p>Reporta un error<\/p>\n","protected":false},"excerpt":{"rendered":"Mi\u00e9rcoles, 31 de diciembre 2025, 19:21 Para empezar el a\u00f1o disfrutando de buen cine, la TDT ofrece, de&hellip;\n","protected":false},"author":2,"featured_media":316419,"comment_status":"","ping_status":"","sticky":false,"template":"","format":"standard","meta":{"footnotes":""},"categories":[169],"tags":[177,30962,5145,1060,13473,17936,146,147,25,24,176,31329,175,73981,753,23,807,9459,809],"class_list":{"0":"post-316418","1":"post","2":"type-post","3":"status-publish","4":"format-standard","5":"has-post-thumbnail","7":"category-cine","8":"tag-cine","9":"tag-cinta","10":"tag-clasico","11":"tag-disney","12":"tag-emocionante","13":"tag-enero","14":"tag-entertainment","15":"tag-entretenimiento","16":"tag-es","17":"tag-espana","18":"tag-film","19":"tag-hanks","20":"tag-movies","21":"tag-oscarizado","22":"tag-peliculas","23":"tag-spain","24":"tag-television","25":"tag-tom","26":"tag-ver"},"share_on_mastodon":{"url":"https:\/\/pubeurope.com\/@es\/115816806734259801","error":""},"_links":{"self":[{"href":"https:\/\/www.europesays.com\/es\/wp-json\/wp\/v2\/posts\/316418","targetHints":{"allow":["GET"]}}],"collection":[{"href":"https:\/\/www.europesays.com\/es\/wp-json\/wp\/v2\/posts"}],"about":[{"href":"https:\/\/www.europesays.com\/es\/wp-json\/wp\/v2\/types\/post"}],"author":[{"embeddable":true,"href":"https:\/\/www.europesays.com\/es\/wp-json\/wp\/v2\/users\/2"}],"replies":[{"embeddable":true,"href":"https:\/\/www.europesays.com\/es\/wp-json\/wp\/v2\/comments?post=316418"}],"version-history":[{"count":0,"href":"https:\/\/www.europesays.com\/es\/wp-json\/wp\/v2\/posts\/316418\/revisions"}],"wp:featuredmedia":[{"embeddable":true,"href":"https:\/\/www.europesays.com\/es\/wp-json\/wp\/v2\/media\/316419"}],"wp:attachment":[{"href":"https:\/\/www.europesays.com\/es\/wp-json\/wp\/v2\/media?parent=316418"}],"wp:term":[{"taxonomy":"category","embeddable":true,"href":"https:\/\/www.europesays.com\/es\/wp-json\/wp\/v2\/categories?post=316418"},{"taxonomy":"post_tag","embeddable":true,"href":"https:\/\/www.europesays.com\/es\/wp-json\/wp\/v2\/tags?post=316418"}],"curies":[{"name":"wp","href":"https:\/\/api.w.org\/{rel}","templated":true}]}}