{"id":31642,"date":"2025-08-07T13:20:11","date_gmt":"2025-08-07T13:20:11","guid":{"rendered":"https:\/\/www.europesays.com\/es\/31642\/"},"modified":"2025-08-07T13:20:11","modified_gmt":"2025-08-07T13:20:11","slug":"fuga-sin-premio-de-okamika-juaristi-y-mintegi-en-burgos-con-victoria-de-moschetti-al-sprint-ciclismo","status":"publish","type":"post","link":"https:\/\/www.europesays.com\/es\/31642\/","title":{"rendered":"Fuga sin premio de Okamika, Juaristi y Mintegi en Burgos, con victoria de Moschetti al sprint | Ciclismo"},"content":{"rendered":"<p>        <img decoding=\"async\" alt=\"Matteo Moschetti, feliz pero discreto tras ganar en Buniel.\" height=\"788\" loading=\"lazy\"  src=\"https:\/\/www.europesays.com\/es\/wp-content\/uploads\/2025\/08\/Burgos.jpg\"  width=\"1181\"\/>Matteo Moschetti, feliz pero discreto tras ganar en Buniel. (CONTACTO V\u00eda Europa Press | EUROPA PRESS)<\/p>\n<p>Durante m\u00e1s de 150 kil\u00f3metros de los 162 de la segunda etapa de la Vuelta a Burgos, la cabalgada de los vascos Ander Okamika (Burgos), Iker Mintegi y Txomin Juaristi (Euskaltel-Euskadi), junto con el catal\u00e1n Pau Llaneras (Illes Balears) ha sido el \u00fanico aliciente de una etapa plana y monocolor en los campos de Castilla, una etapa ideal para los sprinters y que el italiano del Q36 Matteo Moschetti ha llevado luego de un final cerrad\u00edsimo en el que ha precisado de photo finish. Su compatriota Matteo Malucelli (Astana) y el colombiano Juan Sebasti\u00e1n Molano (UAE) se han quedado a medio tubular de probar las mieles de un triunfo que Moschetti s\u00ed se ha llevado, aliviado cuando los jueces han hecho oficial su triunfo. Roger Adri\u00e1 (Bora), ganador de la primera etapa, ha mantenido el maillot de l\u00edder sin problemas.<\/p>\n<p>Los cuatro protagonistas de la jornada, una segunda etapa de 162 kil\u00f3metros entre Cilleruelo de Abajo y Buniel, no han tardado ni un kil\u00f3metro en dar el salto del gran grupo. A sabiendas de que su aventura hab\u00eda nacido para morir sin premio, gracias a su empuje han convertido en una etapa en apariencia sopor\u00edfera en una persecuci\u00f3n que ha tenido que esperar a ocho kil\u00f3metros de la meta, con los UAE gastando a sus gregarios para conseguir un final di\u00e1fano para su sprinter Molano.<\/p>\n<p>En un abrir y cerrar de ojos la renta del cuarteto fugado se ha ido a los cuatro minutos, momento en el que el pelot\u00f3n ha comenzado a desperezarse. Como suele ser habitual en estos casos, el gran grupo ha dejado hacer a los aventureros, con una renta prudencial siempre a su alcance, aun a costa de tener que ir quiz\u00e1s m\u00e1s r\u00e1pido de lo que nadie hubiera previsto. Lo cierto es que los mejores horarios previstos se han quedado cortos.<\/p>\n<p><img loading=\"lazy\" decoding=\"async\" src=\"https:\/\/www.europesays.com\/es\/wp-content\/uploads\/2025\/08\/Fuga.jpg\" alt=\"\" width=\"850\" height=\"567\"\/><\/p>\n<p>En ese sentido, la obstinaci\u00f3n de los tres escapados vascos ha sido encomiable. Agotado por el esfuerzo del d\u00eda, Pau Llaneras ha sido el primero en ceder, con m\u00e1s de 20 kil\u00f3metros a meta todav\u00eda. Los UAE, con Igor Arrieta comi\u00e9ndose buenas raciones de aire, han tenido a 30 segundos al tr\u00edo superviviente, pero la compenetraci\u00f3n de Okamika, Juaristi y Mintegi han sido tan buena, que durante m\u00e1s de 10 kil\u00f3metros han aguantado el pulso con ese medio minuto escaso de renta.<\/p>\n<p>Al final, peimero los dos miembros del conjunto naranja y un obstinado Okamika despu\u00e9s, han ido cayendo en las redes de un gran grupo que ha disputado el sprint final sin mayores incidentes, sin que los accidentados Isaac Del Toro y Ciccone haya tenido problemas en seguir la rueda y con la victoria de un Moschetti que ha cumplido con su gran objetivo en una ronda sin m\u00e1s oportunidades para los llegadores.<\/p>\n<p>La Vuelta a Burgos negocia este jueves su tercera etapa, 185 kil\u00f3metros entre la abad\u00eda cisterciense de San Pedro de Carde\u00f1a \u2013c\u00e1rcel durante la guerra de 1936 y albergue del Camino de Santiago en la actualidad\u2013 y Valpuesta, con tres puertos de tercera categor\u00eda y el paso por el puerto de Ordu\u00f1a, de primera, a solo 20 kil\u00f3metros de la meta. Quienes quieran disputar la clasificaci\u00f3n general, deber\u00e1n a su vez empezar a tomar posiciones.<\/p>\n<p><strong>Pello Bilbao, segundo en Polonia<\/strong><\/p>\n<p>En lo que respecta al Tour de Polonia, Pello Bilbao se ha quedado a las puertas de a\u00f1adir una victoria m\u00e1s a su palmar\u00e9s, pero se ha tenido que conformar con la segunda posici\u00f3n en la tercera etapa de la ronda, con salida y llegada en la localidad de Walbrzych. El ingl\u00e9s de Ineos Ben Turner ha relegado al gernikarra a la segunda posici\u00f3n.<\/p>\n<p>Una etapa en la que los tiempos no han tenido validez para la clasificaci\u00f3n general, luego de una ca\u00edda en la que se ha visto involucrado el l\u00edder de la prueba, el franc\u00e9s Paul Lapeira (Decathlon). Lapeira se ha ca\u00eddo junto a los corredores Rafal Majka, Jack Haig y Mathias Vacek a 21 kil\u00f3metros de la llegada a meta. Ante la imposibilidad de que las ambulancias accedieran al punto del incidente, la carrera ha quedado neutralizada cuando faltaban 14,9 kil\u00f3metros, para m\u00e1s tarde ser reanudada tras un par\u00f3n de m\u00e1s de 10 minutos.<\/p>\n<p>Esta decisi\u00f3n ha perjudicado a los tres corredores escapados, el australiano Kelland O&#8217;Brien, del Jayco AlUla; el italiano Diego Ulissi, del XDS Astana; y el italiano Lorenzo Milesi, del Movistar, que se encontraban a 40 segundos del pelot\u00f3n.<\/p>\n<p>La organizaci\u00f3n ha decidido darles 40 segundos de ventaja en la reanudaci\u00f3n de la carrera, lo que ha permitido que ciclistas que se hab\u00edan quedado sin opciones de victoria volvieran a tenerla, aunque seg\u00fan se ha anunciado, no se registrar\u00edan los tiempos de la general en la etapa, por lo que solo ha quedado en juego la victoria de etapa.<\/p>\n<p>Pello Bilbao ha temnido ah\u00ed su oportunidad de volver a lograr un triunfo, pero ha sido Ben Turner quien ha levantado los brazos, logrando as\u00ed su segunda victoria profesional, tras su triunfo en la carrera Vuelta a Murcia en el a\u00f1o 2023, mientras que Lapeira, a falta de saber el alcance de los posibles da\u00f1os y lesiones despu\u00e9s de la ca\u00edda, retiene el maillot amarillo como l\u00edder de la general.<\/p>\n<p>Este jueves se celebrar\u00e1 la quinta etapa del Tour de Polonia, una carrera de 201,4 kil\u00f3metros, entre Rybnik y Cieszyn.<\/p>\n<p>Asimismo, este mi\u00e9rcoles ha dado inicio la Volta a Portugal con una pr\u00f3logo de 3,4 kil\u00f3metros con salida y fin en Maia. El corredor luso Rafael Reis, del conjunto Anicolor\/Tien 21 es el primer l\u00edder al imponerse en la prueba contra el crono, siendo uno de los pocos que ha roto la barrera de los cuatro minutos.<\/p>\n","protected":false},"excerpt":{"rendered":"Matteo Moschetti, feliz pero discreto tras ganar en Buniel. (CONTACTO V\u00eda Europa Press | EUROPA PRESS) Durante m\u00e1s&hellip;\n","protected":false},"author":2,"featured_media":31643,"comment_status":"","ping_status":"","sticky":false,"template":"","format":"standard","meta":{"footnotes":""},"categories":[273],"tags":[623,313,312,168,25,24,5671,16545,16546,16547,16544,843,23,167,3596,1261,1511],"class_list":{"0":"post-31642","1":"post","2":"type-post","3":"status-publish","4":"format-standard","5":"has-post-thumbnail","7":"category-ciclismo","8":"tag-burgos","9":"tag-ciclismo","10":"tag-cycling","11":"tag-deportes","12":"tag-es","13":"tag-espana","14":"tag-fuga","15":"tag-juaristi","16":"tag-mintegi","17":"tag-moschetti","18":"tag-okamika","19":"tag-premio","20":"tag-spain","21":"tag-sports","22":"tag-sprint","23":"tag-victoria","24":"tag-y"},"share_on_mastodon":{"url":"","error":""},"_links":{"self":[{"href":"https:\/\/www.europesays.com\/es\/wp-json\/wp\/v2\/posts\/31642","targetHints":{"allow":["GET"]}}],"collection":[{"href":"https:\/\/www.europesays.com\/es\/wp-json\/wp\/v2\/posts"}],"about":[{"href":"https:\/\/www.europesays.com\/es\/wp-json\/wp\/v2\/types\/post"}],"author":[{"embeddable":true,"href":"https:\/\/www.europesays.com\/es\/wp-json\/wp\/v2\/users\/2"}],"replies":[{"embeddable":true,"href":"https:\/\/www.europesays.com\/es\/wp-json\/wp\/v2\/comments?post=31642"}],"version-history":[{"count":0,"href":"https:\/\/www.europesays.com\/es\/wp-json\/wp\/v2\/posts\/31642\/revisions"}],"wp:featuredmedia":[{"embeddable":true,"href":"https:\/\/www.europesays.com\/es\/wp-json\/wp\/v2\/media\/31643"}],"wp:attachment":[{"href":"https:\/\/www.europesays.com\/es\/wp-json\/wp\/v2\/media?parent=31642"}],"wp:term":[{"taxonomy":"category","embeddable":true,"href":"https:\/\/www.europesays.com\/es\/wp-json\/wp\/v2\/categories?post=31642"},{"taxonomy":"post_tag","embeddable":true,"href":"https:\/\/www.europesays.com\/es\/wp-json\/wp\/v2\/tags?post=31642"}],"curies":[{"name":"wp","href":"https:\/\/api.w.org\/{rel}","templated":true}]}}