{"id":316453,"date":"2026-01-01T00:01:09","date_gmt":"2026-01-01T00:01:09","guid":{"rendered":"https:\/\/www.europesays.com\/es\/316453\/"},"modified":"2026-01-01T00:01:09","modified_gmt":"2026-01-01T00:01:09","slug":"el-vestido-de-cristina-pedroche-en-las-campanadas-2025-un-traje-hecho-con-sus-anteriores-estilismos-y-en-recuerdo-a-las-personas-con-cancer-gente","status":"publish","type":"post","link":"https:\/\/www.europesays.com\/es\/316453\/","title":{"rendered":"El vestido de Cristina Pedroche en las Campanadas 2025: un traje hecho con sus anteriores estilismos y en recuerdo a las personas con c\u00e1ncer | Gente"},"content":{"rendered":"<p class=\"\">No hay <a href=\"https:\/\/elpais.com\/gente\/2024-12-31\/asi-han-sido-todos-los-looks-de-cristina-pedroche-en-las-campanadas-de-nochevieja-arriesgados-polemicos-y-reivindicativos.html\" target=\"_blank\" rel=\"noreferrer nofollow noopener\" title=\"https:\/\/elpais.com\/gente\/2024-12-31\/asi-han-sido-todos-los-looks-de-cristina-pedroche-en-las-campanadas-de-nochevieja-arriesgados-polemicos-y-reivindicativos.html\">secreto mejor guardado que el del estilismo <\/a>elegido por Cristina Pedroche (Madrid, 37 a\u00f1os) y su equipo creativo para dar las Campanadas el 31 de diciembre en Antena 3. Cada a\u00f1o, desde hace ya 12, la presentadora consigue acaparar toda la atenci\u00f3n \u2014tanto para bien, como para mal\u2014, y consciente de ello aprovecha ese altavoz para <a href=\"https:\/\/elpais.com\/gente\/2025-12-26\/las-reivindicaciones-de-cristina-pedroche-con-sus-vestidos-de-las-campanadas.html\" target=\"_blank\" rel=\"noreferrer nofollow noopener\" title=\"https:\/\/elpais.com\/gente\/2025-12-26\/las-reivindicaciones-de-cristina-pedroche-con-sus-vestidos-de-las-campanadas.html\">concienciar y reivindicar diferentes causas sociales<\/a>: un<a href=\"https:\/\/elpais.com\/gente\/2022-12-31\/el-vestido-de-cristina-pedroche-en-las-campanadas-2022-homenajea-a-los-refugiados-con-una-capa-y-un-top-paloma-de-la-paz.html\" target=\"_blank\" rel=\"noreferrer nofollow noopener\" title=\"https:\/\/elpais.com\/gente\/2022-12-31\/el-vestido-de-cristina-pedroche-en-las-campanadas-2022-homenajea-a-los-refugiados-con-una-capa-y-un-top-paloma-de-la-paz.html\"> mensaje por la paz en 2022<\/a>, una alegor\u00eda sobre<a href=\"https:\/\/elpais.com\/gente\/2023-12-31\/el-vestido-de-cristina-pedroche-en-las-campanadas-de-2023-una-alegoria-sobre-la-importancia-del-agua-de-la-mano-de-greenpeace.html\" target=\"_blank\" rel=\"noreferrer nofollow noopener\" title=\"https:\/\/elpais.com\/gente\/2023-12-31\/el-vestido-de-cristina-pedroche-en-las-campanadas-de-2023-una-alegoria-sobre-la-importancia-del-agua-de-la-mano-de-greenpeace.html\"> la importancia del agua en 2023<\/a> y la petici\u00f3n de <a href=\"https:\/\/elpais.com\/gente\/2024-12-31\/el-vestido-de-cristina-pedroche-en-las-campanadas-2024-un-alegato-por-la-proteccion-de-la-infancia-creado-a-partir-de-su-leche-materna.html\" target=\"_blank\" rel=\"noreferrer nofollow noopener\" title=\"https:\/\/elpais.com\/gente\/2024-12-31\/el-vestido-de-cristina-pedroche-en-las-campanadas-2024-un-alegato-por-la-proteccion-de-la-infancia-creado-a-partir-de-su-leche-materna.html\">la protecci\u00f3n de la infancia en 2024<\/a>. Para despedir este 2025, Pedroche echa la vista atr\u00e1s y ha unido en un mismo estilismo todos los trajes anteriores que consiguieron hacerla una figura imprescindible en televisi\u00f3n en la \u00faltima noche del a\u00f1o. Y para ello, se ha unido a la <a href=\"https:\/\/www.contraelcancer.es\/es\" target=\"_blank\" rel=\"noreferrer nofollow noopener\" title=\"https:\/\/www.contraelcancer.es\/es\">Asociaci\u00f3n Espa\u00f1ola Contra el C\u00e1ncer<\/a> (AECC) para lanzar un mensaje con el que quieren reconocer la labor de apoyo y acompa\u00f1amiento a las personas con c\u00e1ncer y sus familias, adem\u00e1s de para impulsar la investigaci\u00f3n. \u201cEl c\u00e1ncer no solo impacta en quien lo padece, tambi\u00e9n en su familia. Y lo hace sin avisar, sin horarios, sin entender de c\u00f3digos postales. Hay algo que puede recomponer la red de apoyo\u201d, ha afirmado a pocos minutos de entrar en el nuevo a\u00f1o, mandando un mensaje de apoyo a los diagnosticados con la enfermedad. <\/p>\n<p class=\"\">\u201cNo es una noche cualquiera y no es un vestido cualquiera. Quiero dedicar este vestido a cada una de las 300.000 personas que este a\u00f1o est\u00e1n recomponiendo su vida despu\u00e9s de un diagn\u00f3stico de c\u00e1ncer. Porque el c\u00e1ncer tiene una manera cruel de romper la vida en trozos, la rutina, la calma y necesita de toda nuestra atenci\u00f3n\u201d, ha explicado al mismo tiempo que <\/p>\n<p>M\u00e1s informaci\u00f3n<\/p>\n<p class=\"\">Bajo el nombre 12 campanadas, 12 vestidos, la presentadora ha recuperado elementos de sus anteriores estilismos para la capa y el vestido con el objetivo de recordar c\u00f3mo han sido estos a\u00f1os. \u201cEs una mel\u00e9 de deseos incumplidos, de elementos que forman parte de la memoria colectiva de millones de espectadores. Este ejercicio ha sido posible gracias a la generosidad y el desprendimiento de Cristina, que ha renunciado para siempre a muchos de ellos tal y como los mostr\u00f3 en su primera vida, pero ahora les ha dado una nueva con este primer upcycling presentado en unas Campanadas\u201d, <a href=\"https:\/\/elpais.com\/gente\/2025-12-29\/josie-el-estilista-de-las-campanadas-de-cristina-pedroche-los-dardos-que-me-claven-me-los-voy-a-quitar-victorioso-y-voy-a-seguir-haciendo-mi-vida.html\" target=\"_blank\" rel=\"noreferrer nofollow noopener\" title=\"https:\/\/elpais.com\/gente\/2025-12-29\/josie-el-estilista-de-las-campanadas-de-cristina-pedroche-los-dardos-que-me-claven-me-los-voy-a-quitar-victorioso-y-voy-a-seguir-haciendo-mi-vida.html\">explica a EL PA\u00cdS Josie, el estilista que lleva 12 a\u00f1os ideando la gran noche<\/a>. Unas explicaciones que hacen entender ahora el v\u00eddeo que Pedroche public\u00f3 hace unos d\u00edas en su cuenta de Instagram, donde acumula tres millones de seguidores, en el que se<a href=\"https:\/\/www.instagram.com\/p\/DSuZfUhjTSs\/?hl=es\" target=\"_blank\" rel=\"noreferrer nofollow noopener\" title=\"https:\/\/www.instagram.com\/p\/DSuZfUhjTSs\/?hl=es\"> la ve\u00eda destruir con un bate esos trajes.<\/a><\/p>\n<p><img alt=\"pedroche\" decoding=\"auto\" class=\"_re lazyload a_m-v\" height=\"518\"  width=\"414\"  src=\"https:\/\/www.europesays.com\/es\/wp-content\/uploads\/2026\/01\/3J6EQRRXUFF23LYPCC2ZMRQNMU.jpg\" loading=\"lazy\"\/>Vestido de Cristina Pedroche para las Campanadas de 2025. Andr\u00e9s Gar Luj\u00e1n<\/p>\n<p class=\"\">El resultado es un look que incorpora una serie de elementos ya ic\u00f3nicos que confluyen en un ejercicio de reciclaje. En el delantero de la capa, se mezclan distintos tejidos extra\u00eddos de esta prenda de abrigo con las que ha ido despidiendo los a\u00f1os, como el <a href=\"https:\/\/elpais.com\/cultura\/2017\/01\/01\/television\/1483232178_403478.html\" target=\"_blank\" rel=\"noreferrer nofollow noopener\" title=\"https:\/\/elpais.com\/cultura\/2017\/01\/01\/television\/1483232178_403478.html\">mikado rojo de 2016<\/a> y el <a href=\"https:\/\/elpais.com\/smoda\/famosos\/vestido-estrellado-cristina-pedroche-las-campanadas.html\" target=\"_blank\" rel=\"noreferrer nofollow noopener\" title=\"https:\/\/elpais.com\/smoda\/famosos\/vestido-estrellado-cristina-pedroche-las-campanadas.html\">tafet\u00e1n rosa tiza de 2017<\/a>, aderezados en algunos tramos con aplicaciones de cristal del vestido de Pronovias que luci\u00f3 en sus primeras Campanadas de Antena 3. Los distintos negros salpicados y el lazo de la cabeza proceden del vestido que acompa\u00f1\u00f3 la escultura dorada de 2019 y su primer vestido para La Sexta de Charo Ruiz, que ha sido despiezado para realizar un abanico del que cuelgan los llamadores de \u00e1ngeles que Pedroche llev\u00f3 durante las Campanadas de sus dos embarazos. <\/p>\n<p class=\"\">La base de la capa es el edred\u00f3n que Nacho Aguayo cre\u00f3 para Pedro del Hierro y<a href=\"https:\/\/elpais.com\/gente\/2020-12-31\/el-vestido-de-cristina-pedroche-en-las-campanadas-2020-una-minimascarilla-de-16300-cristales-de-pedro-del-hierro.html\" target=\"_blank\" rel=\"noreferrer nofollow noopener\" title=\"https:\/\/elpais.com\/gente\/2020-12-31\/el-vestido-de-cristina-pedroche-en-las-campanadas-2020-una-minimascarilla-de-16300-cristales-de-pedro-del-hierro.html\"> que ella llev\u00f3 para recibir 2021<\/a>. Destaca la asimetr\u00eda de sus mangas: la derecha est\u00e1 sacada del abrigo fucsia y verde lima de 2016, con cadenas de strass procedentes del tocado que decor\u00f3 su coleta en 2020; la izquierda es una de las cascadas de tul que compon\u00edan la cola del vestido con el que despidi\u00f3 2018. <\/p>\n<p class=\"\">Tanto los pechos dorados como el gl\u00fateo que se aprecian en un lateral son un despiece de la escultura que Jacinto de Manuel hizo bas\u00e1ndose en el cuerpo de la presentadora en 2019. Este mismo artista ha versionado la Paloma de la Paz que fue un top en 2022, que ahora corona el polis\u00f3n de tafet\u00e1n rosa tiza extra\u00eddo de la capa de 2017 y que esta vez abre sus alas. <\/p>\n<p><img decoding=\"auto\" class=\"_re lazyload a_m-v\" height=\"621\"  width=\"414\"  src=\"https:\/\/www.europesays.com\/es\/wp-content\/uploads\/2026\/01\/UHDTSOCSMBHV7DTLOI446PIULE.jpg\" loading=\"lazy\"\/>Cristina Pedroche con la capa realizada con otros estilismos de anteriores Campanadas. Andr\u00e9s Gar Luj\u00e1n<\/p>\n<p class=\"\">Otro de los elementos que forma parte de esta antolog\u00eda son las flores diseminadas del estilismo de 2019 y que han sido customizadas con tejidos de otras ediciones, el ala creada por BUJ Studio y que acompa\u00f1\u00f3 el vestido de Manuel Pi\u00f1a de 2021 o el parche circular que procede de la tienda de campa\u00f1a de refugiados que llev\u00f3 en 2023 a modo de abrigo y que confeccion\u00f3 Garaizabal Studio.<\/p>\n<p class=\"\">El traje rescata los bordados que Johan-Luc Katt realiz\u00f3 para las botas de 2021 y que ahora giran en torno a la cadera de un minivestido que incluye un collar de estrellas y cadenas en el pecho, extra\u00eddos del bustier de terciopelo azul del estilismo de 2016. Este conecta con el que enmarca el rostro de Cristina Pedroche y que parte de una tiara realizada con la mascarilla que llev\u00f3 en 2020 y que est\u00e1 rematada con un ramillete de plumas del casco de Vivas Carri\u00f3n, as\u00ed como los cristales realizados a partir de su leche materna creados por la joyer\u00eda Morir de Amor que vienen del look de 2024 y que se reparten a lo largo del conjunto realizado para este a\u00f1o nuevo. Para favorecer la salud y el movimiento natural de los pies, en l\u00ednea con la fidelidad de Pedroche con la filosof\u00eda barefoot, las sandalias han sido realizadas completamente a medida y respetando la anatom\u00eda de sus pies. <\/p>\n<p class=\"\">En total, han sido meses de trabajo a contrarreloj que han obligado a Josie a ponerse a coser y participar en el proceso de creaci\u00f3n. \u201cLa gente da por hecho que este \u00faltimo vestido es un ep\u00edlogo y quiz\u00e1s tengan raz\u00f3n, porque creo que el a\u00f1o que viene merece un giro de tim\u00f3n toda esta semi\u00f3tica que fue novedosa, pero que nos han copiado hasta la saciedad. Nos lleva a reinventarnos y tengo una idea, si es que Cristina Pedroche se lanza un a\u00f1o m\u00e1s a ser la reina de las campanadas\u201d, explica a este peri\u00f3dico. <\/p>\n<p><img decoding=\"auto\" class=\"_re lazyload a_m-v\" height=\"518\"  width=\"414\"  src=\"https:\/\/www.europesays.com\/es\/wp-content\/uploads\/2026\/01\/MN7GBESI6NEUJAG4CMAV3TBMMY.jpg\" loading=\"lazy\"\/>Josie y Cristina Pedroche han querido colaborar con la Asociaci\u00f3n Espa\u00f1ola Contra el C\u00e1ncer para enviar un mensaje de apoyo. Andr\u00e9s Gar Luj\u00e1n<\/p>\n<p class=\"\">La idea surgi\u00f3 hace ya meses, cuando Josie quiso <a href=\"https:\/\/elpais.com\/smoda\/moda\/en-la-era-del-upcyling-que-separa-al-reciclado-creativo-del-robo-intelectual.html\" target=\"_blank\" rel=\"noreferrer nofollow noopener\" title=\"https:\/\/elpais.com\/smoda\/moda\/en-la-era-del-upcyling-que-separa-al-reciclado-creativo-del-robo-intelectual.html\">hacer upcycling con los vestidos <\/a>y capas de los anteriores a\u00f1os. \u201cNo buscar la belleza convencional y descubrir el lado desordenado, o a veces incluso sucio, de la moda para hablar del ca\u00f3tico mundo que nos ha tocado vivir y ser el contrapunto imperfecto a la imperfecci\u00f3n digital\u201d, a\u00f1ade a su explicaci\u00f3n. Pero llegar hasta este punto no ha sido f\u00e1cil, porque \u201clo dif\u00edcil era convencer a Cristina, que se neg\u00f3 en rotundo\u201d: \u201cNo quer\u00eda perder los vestidos que tanto significan para ella. Ese ha sido el trabajo m\u00e1s dif\u00edcil: convencer con un cron\u00f3metro encendido. Un d\u00eda me escribi\u00f3 y me dijo: \u2018Prep\u00e1ralo todo porque voy a hacerlo\u201d. <\/p>\n<p class=\"\">Pero es que no solo se trata de recopilar en un \u00fanico estilismo todos los anteriores, hay dos mensajes importantes detr\u00e1s: de desapego a lo material y de despedida. \u201cHay piezas de la colecci\u00f3n que nunca volver\u00e1n a reconstruirse tal y como fueron. Tambi\u00e9n otro de despedirte de lo que eres cada d\u00eda y que va rompi\u00e9ndose a pedazos que muchas veces tienes que ensamblar para volver a brillar\u201d, apunta el estilista. Es entonces cuando entra en escena la AECC, con quienes han querido colaborar en esta ocasi\u00f3n: \u201cHay circunstancias vitales en las que, cuando parece todo roto, hay algo que puede recomponerse. Ah\u00ed entra en juego la red de apoyo para ensamblar las piezas vitales que, como la capa de este a\u00f1o, representan a pacientes, supervivientes, familiares, cuidadores, profesionales de la salud, investigadores&#8230; Cada pieza cuenta, es parte de uno mismo y, unidas, suman posibilitando volver a brillar y a una nueva vida\u201d. <\/p>\n<p class=\"\">La apuesta por la reivindicaci\u00f3n junto a la AECC la tuvieron clara desde el principio: \u201cNo puede haber una asociaci\u00f3n cuyo mensaje sea m\u00e1s compatible con el que el propio vestido expresa: habla de renuncias, de elementos que saltan en mil pedazos, de desapego a las posesiones que nos importan e incluso de desapego a la buena salud, porque somos elementos cambiantes en un proceso de transformaci\u00f3n, en una evoluci\u00f3n que a veces desemboca en enfermedades muy duras que nos obligan a pegar un golpe de tim\u00f3n y pedir ayuda, a buscar apoyo y acompa\u00f1amiento\u201d, sostiene Josie. <\/p>\n<p class=\"\">La Asociaci\u00f3n Espa\u00f1ola contra el C\u00e1ncer cuenta con una de las redes de profesionales e investigadores m\u00e1s importantes de Espa\u00f1a, que se encargan de apoyar a pacientes y sus familiares y a liderar los esfuerzos de la sociedad en disminuir el impacto de la enfermedad.<a href=\"https:\/\/elpais.com\/sociedad\/2025-06-23\/los-tumores-se-mantienen-como-la-primera-causa-de-muerte-en-espana-que-registro-en-2024-un-descenso-de-suicidios.html\" target=\"_blank\" rel=\"noreferrer nofollow noopener\" title=\"https:\/\/elpais.com\/sociedad\/2025-06-23\/los-tumores-se-mantienen-como-la-primera-causa-de-muerte-en-espana-que-registro-en-2024-un-descenso-de-suicidios.html\"> El c\u00e1ncer es la primera causa de muerte en Espa\u00f1a en la actualidad<\/a>, por lo que es imprescindible destinar recursos para financiar la investigaci\u00f3n. \u201cNo queremos que haya nadie que no sepa que podemos ayudarle con todo aquello que necesitan y no queremos que haya un momento del d\u00eda o de la noche en el que un paciente o un familiar se pueda sentir solo, desatendido o que no tenga d\u00f3nde llamar\u201d, se\u00f1ala Ram\u00f3n Reyes, presidente de la AECC. Y a\u00f1ade: \u201cQue Cristina Pedroche nos haya elegido para lanzar este mensaje nos permite recordar a todas las personas con c\u00e1ncer que el tel\u00e9fono contra el c\u00e1ncer existe y que est\u00e1 disponible las 24 horas del d\u00eda para ofrecer apoyo incondicional y ayudar a quien m\u00e1s lo necesita\u201d. <\/p>\n<p><script async src=\"\/\/www.instagram.com\/embed.js\"><\/script><\/p>\n","protected":false},"excerpt":{"rendered":"No hay secreto mejor guardado que el del estilismo elegido por Cristina Pedroche (Madrid, 37 a\u00f1os) y su&hellip;\n","protected":false},"author":2,"featured_media":316454,"comment_status":"","ping_status":"","sticky":false,"template":"","format":"standard","meta":{"footnotes":""},"categories":[91],"tags":[72478,18875,146,147,25,24,260,1023,2951,5199,10758,23,807,5732],"class_list":{"0":"post-316453","1":"post","2":"type-post","3":"status-publish","4":"format-standard","5":"has-post-thumbnail","7":"category-entretenimiento","8":"tag-ano-nuevo","9":"tag-cristina-pedroche","10":"tag-entertainment","11":"tag-entretenimiento","12":"tag-es","13":"tag-espana","14":"tag-gente","15":"tag-moda","16":"tag-navidad","17":"tag-nochevieja","18":"tag-presentadores-television","19":"tag-spain","20":"tag-television","21":"tag-vestidos"},"share_on_mastodon":{"url":"https:\/\/pubeurope.com\/@es\/115816909088532549","error":""},"_links":{"self":[{"href":"https:\/\/www.europesays.com\/es\/wp-json\/wp\/v2\/posts\/316453","targetHints":{"allow":["GET"]}}],"collection":[{"href":"https:\/\/www.europesays.com\/es\/wp-json\/wp\/v2\/posts"}],"about":[{"href":"https:\/\/www.europesays.com\/es\/wp-json\/wp\/v2\/types\/post"}],"author":[{"embeddable":true,"href":"https:\/\/www.europesays.com\/es\/wp-json\/wp\/v2\/users\/2"}],"replies":[{"embeddable":true,"href":"https:\/\/www.europesays.com\/es\/wp-json\/wp\/v2\/comments?post=316453"}],"version-history":[{"count":0,"href":"https:\/\/www.europesays.com\/es\/wp-json\/wp\/v2\/posts\/316453\/revisions"}],"wp:featuredmedia":[{"embeddable":true,"href":"https:\/\/www.europesays.com\/es\/wp-json\/wp\/v2\/media\/316454"}],"wp:attachment":[{"href":"https:\/\/www.europesays.com\/es\/wp-json\/wp\/v2\/media?parent=316453"}],"wp:term":[{"taxonomy":"category","embeddable":true,"href":"https:\/\/www.europesays.com\/es\/wp-json\/wp\/v2\/categories?post=316453"},{"taxonomy":"post_tag","embeddable":true,"href":"https:\/\/www.europesays.com\/es\/wp-json\/wp\/v2\/tags?post=316453"}],"curies":[{"name":"wp","href":"https:\/\/api.w.org\/{rel}","templated":true}]}}