{"id":316461,"date":"2026-01-01T00:05:53","date_gmt":"2026-01-01T00:05:53","guid":{"rendered":"https:\/\/www.europesays.com\/es\/316461\/"},"modified":"2026-01-01T00:05:53","modified_gmt":"2026-01-01T00:05:53","slug":"la-cabalgata-de-reyes-llega-a-mostoles-estrenando-nuevo-recorrido","status":"publish","type":"post","link":"https:\/\/www.europesays.com\/es\/316461\/","title":{"rendered":"La Cabalgata de Reyes llega a M\u00f3stoles, estrenando nuevo recorrido"},"content":{"rendered":"<p class=\"cmParagraph\"><strong>La salida de la Cabalgata de los Reyes Magos de Oriente ser\u00e1 en la Avenida Portugal, esquina Avenida Alcalde de M\u00f3stoles. <\/strong><\/p>\n<p class=\"cmParagraph\"><strong>Este a\u00f1o, por primera vez, participar\u00e1 la Escuela Municipal de Danza durante el desfile y habr\u00e1 animaci\u00f3n en la Plaza de Espa\u00f1a para hacer la espera de los Reyes Magos m\u00e1s amena. <\/strong><\/p>\n<p class=\"cmParagraph\">\u00b7<strong>Participar\u00e1n aproximadamente 900 personas en la cabalgata.<\/strong><\/p>\n<p class=\"cmParagraph\"><img loading=\"lazy\" decoding=\"async\" src=\"https:\/\/www.europesays.com\/es\/wp-content\/uploads\/2026\/01\/1426993-CABALGATA REYES MAGOS.jpg\" width=\"400\" height=\"225\" alt=\"CABALGATA REYES MAGOS\"\/>La Cabalgata de los Reyes Magos modifica este a\u00f1o su recorrido para acercarla a todos los mostole\u00f1os.<\/p>\n<p class=\"cmParagraph\">Las carrozas partir\u00e1n de la Avenida de Portugal esquina con la Avenida del Alcalde de M\u00f3stoles, recorrer\u00e1 la Avenida de Portugal, direcci\u00f3n al Teatro del Bosque, y pasar\u00e1 por las calles Juan de Oca\u00f1a y Antonio Hern\u00e1ndez hasta finalizar en la Plaza de Espa\u00f1a, donde los Reyes Magos saludar\u00e1n a todos los ni\u00f1os.<\/p>\n<p class=\"cmParagraph\">La tradicional cabalgata ser\u00e1 el 5 de enero a las 18:00 horas, en la que aproximadamente 900 personas participar\u00e1n acompa\u00f1ando a las carrozas de Melchor, Gaspar y Baltasar.<\/p>\n<p class=\"cmParagraph\">Como el a\u00f1o pasado, volver\u00e1 a desfilar el tren de mayores con personas de los centros de mayores de M\u00f3stoles y los pasacalles llenando M\u00f3stoles de magia, ilusi\u00f3n y mucha diversi\u00f3n tanto para los m\u00e1s peque\u00f1os como los adultos.<\/p>\n<p class=\"cmParagraph\">Para que todos los mostole\u00f1os y visitantes puedan disfrutar de la cabalgata, el Ayuntamiento de M\u00f3stoles habilitar\u00e1 el tramo azul en la zona de salida del desfile, en la Avenida de Portugal, para que personas con diversidad funcional y sensorial puedan disfrutar del m\u00e1gico desfile.<\/p>\n<p class=\"cmParagraph\">Durante el recorrido, se repartir\u00e1 un total de 11.000 kg de caramelos blandos y sin gluten.<\/p>\n<p class=\"cmParagraph\">Entre las novedades de este a\u00f1o, a las 19:00 h comenzar\u00e1 el espect\u00e1culo \u00abYa llegan los Reyes Magos\u00bb para hacer m\u00e1s amena la espera de sus Majestades de Oriente, en el que unos pajes pondr\u00e1n la m\u00fasica, animar\u00e1n y bailar\u00e1n para el disfrute de todos los asistentes.  Y la participaci\u00f3n de la Escuela Municipal de Danza en el desfile.<\/p>\n<p class=\"cmParagraph\">Durante la cabalgata, las tres carrozas de los Reyes Magos desfilar\u00e1n acompa\u00f1adas, aparte de la Escuela Municipal de Danza, por la Banda Municipal de M\u00fasica y de Majorettes de M\u00f3stoles, Bomberos, Protecci\u00f3n Civil y las pe\u00f1as de M\u00f3stoles: Barbacana, El Soto, La Loma, Lugare\u00f1os 2008, M\u00f3stoles City, Las Cumbres, La Era, el M\u00e1s All\u00e1, Los Justos, Los Corbatos, Los Independientes, Los Mixtos, Soniquete, El Churri y Larra, que con sus carrozas ambientadas en tem\u00e1ticas, dibujos animados y televisivos llenar\u00e1n de color las calles de M\u00f3stoles.<\/p>\n<p class=\"cmParagraph\"><strong>Cambios en la movilidad dentro de la ciudad<\/strong><\/p>\n<p class=\"cmParagraph\">Con motivo de la cabalgata, las calles del recorrido por donde desfilar\u00e1 la comitiva real sufrir\u00e1n cortes, de manera progresiva y por tramos, desde las 17:30 h hasta que finalice el acto. Por ello, se recomienda evitar el uso del coche en el centro de la ciudad durante esas horas.<\/p>\n<p class=\"cmParagraph\">Adem\u00e1s, se modificar\u00e1 el recorrido de las l\u00edneas de autobuses que transiten o tengan parada en las calles del desfile.<\/p>\n<p class=\"cmParagraph\">A lo largo de todo el recorrido, agentes de Polic\u00eda Municipal y miembros de Protecci\u00f3n Civil velar\u00e1n por la seguridad de los asistentes.<\/p>\n<p class=\"cmParagraph\"><strong>Consejos de seguridad durante la Cabalgata<\/strong><\/p>\n<p class=\"cmParagraph\">El Ayuntamiento de M\u00f3stoles recomienda tener en cuenta algunas precauciones para que todos disfruten de la Cabalgata con seguridad, especialmente los m\u00e1s peque\u00f1os:<\/p>\n<p class=\"cmParagraph\">\u00b7Antes de salir de casa, escribe el n\u00famero de tel\u00e9fono de contacto de los ni\u00f1os en el brazo o en un papel en el bolsillo.<\/p>\n<p class=\"cmParagraph\">\u00b7Mant\u00e9n a los ni\u00f1os siempre cogidos de la mano para evitar que se pierdan entre la multitud.<\/p>\n<p class=\"cmParagraph\">\u00b7Permanece siempre detr\u00e1s de las vallas si te encuentras en una zona vallada, para garantizar la seguridad de los ni\u00f1os.<\/p>\n<p class=\"cmParagraph\">\u00b7Busca lugares seguros y mant\u00e9n a los ni\u00f1os a una distancia prudente de las carrozas.<\/p>\n<p class=\"cmParagraph\">\u00b7No subas a los ni\u00f1os a sitios elevados para que vean mejor las carrozas; es un riesgo innecesario.<\/p>\n<p class=\"cmParagraph\">\u00b7Evita cruzar entre las carrozas, ni dejes que los ni\u00f1os lo hagan.<\/p>\n<p class=\"cmParagraph\">\u00b7Recuerda que una carroza parada puede reanudar su marcha en cualquier momento, por lo que no dejes que los ni\u00f1os se acerquen a ella.<\/p>\n<p class=\"cmParagraph\">\u00b7Si pierdes a alg\u00fan ni\u00f1o, mant\u00e9n la calma y dir\u00edgete a Protecci\u00f3n Civil o al Polic\u00eda Municipal m\u00e1s cercano para que te ayuden.<\/p>\n<p class=\"cmParagraph\">\u00b7Al finalizar la Cabalgata, abandona la zona de forma ordenada y con paciencia para evitar aglomeraciones.<\/p>\n","protected":false},"excerpt":{"rendered":"La salida de la Cabalgata de los Reyes Magos de Oriente ser\u00e1 en la Avenida Portugal, esquina Avenida&hellip;\n","protected":false},"author":2,"featured_media":316462,"comment_status":"","ping_status":"","sticky":false,"template":"","format":"standard","meta":{"footnotes":""},"categories":[8],"tags":[1201,6853,1250,17,18,6854,777,2800,5509,25,24,13,14,11,6852,1928,6850,19,20,6849,9,10,15,16,4111,6851,23,12,21,22,6855],"class_list":{"0":"post-316461","1":"post","2":"type-post","3":"status-publish","4":"format-standard","5":"has-post-thumbnail","7":"category-espana","8":"tag-alcalde","9":"tag-atencioacuten-ciudadana","10":"tag-ayuntamiento","11":"tag-breaking-news","12":"tag-breakingnews","13":"tag-callejero","14":"tag-ciudad","15":"tag-distritos","16":"tag-empleo","17":"tag-es","18":"tag-espana","19":"tag-featured-news","20":"tag-featurednews","21":"tag-headlines","22":"tag-inversioacuten","23":"tag-joven","24":"tag-juventud","25":"tag-latest-news","26":"tag-latestnews","27":"tag-moacutestoles","28":"tag-news","29":"tag-noticias","30":"tag-noticias-destacadas","31":"tag-noticiasdestacadas","32":"tag-presupuestos","33":"tag-sede-electroacutenica","34":"tag-spain","35":"tag-titulares","36":"tag-ultimas-noticias","37":"tag-ultimasnoticias","38":"tag-webs-municipales"},"share_on_mastodon":{"url":"https:\/\/pubeurope.com\/@es\/115816928561300366","error":""},"_links":{"self":[{"href":"https:\/\/www.europesays.com\/es\/wp-json\/wp\/v2\/posts\/316461","targetHints":{"allow":["GET"]}}],"collection":[{"href":"https:\/\/www.europesays.com\/es\/wp-json\/wp\/v2\/posts"}],"about":[{"href":"https:\/\/www.europesays.com\/es\/wp-json\/wp\/v2\/types\/post"}],"author":[{"embeddable":true,"href":"https:\/\/www.europesays.com\/es\/wp-json\/wp\/v2\/users\/2"}],"replies":[{"embeddable":true,"href":"https:\/\/www.europesays.com\/es\/wp-json\/wp\/v2\/comments?post=316461"}],"version-history":[{"count":0,"href":"https:\/\/www.europesays.com\/es\/wp-json\/wp\/v2\/posts\/316461\/revisions"}],"wp:featuredmedia":[{"embeddable":true,"href":"https:\/\/www.europesays.com\/es\/wp-json\/wp\/v2\/media\/316462"}],"wp:attachment":[{"href":"https:\/\/www.europesays.com\/es\/wp-json\/wp\/v2\/media?parent=316461"}],"wp:term":[{"taxonomy":"category","embeddable":true,"href":"https:\/\/www.europesays.com\/es\/wp-json\/wp\/v2\/categories?post=316461"},{"taxonomy":"post_tag","embeddable":true,"href":"https:\/\/www.europesays.com\/es\/wp-json\/wp\/v2\/tags?post=316461"}],"curies":[{"name":"wp","href":"https:\/\/api.w.org\/{rel}","templated":true}]}}