{"id":316469,"date":"2026-01-01T00:15:15","date_gmt":"2026-01-01T00:15:15","guid":{"rendered":"https:\/\/www.europesays.com\/es\/316469\/"},"modified":"2026-01-01T00:15:15","modified_gmt":"2026-01-01T00:15:15","slug":"valencia-cf-curro-torres-al-2026-le-pido-tener-un-gran-proyecto-con-el-que-poder-trabajar-bien","status":"publish","type":"post","link":"https:\/\/www.europesays.com\/es\/316469\/","title":{"rendered":"VALENCIA CF | Curro Torres: \u201cAl 2026 le pido tener un gran proyecto con el que poder trabajar bien\u201d"},"content":{"rendered":"<p class=\"ft-text\"><strong>El Valencia CF de principios de siglo infundi\u00f3 terror en el Viejo Continente. Un equipo aguerrido, competitivo y que llev\u00f3 la autoexigencia interna al siguiente nivel<\/strong>. En sus filas, profesionales que llevaron al conjunto de Mestalla al siguiente nivel <a class=\"ft-link ft-link--decoration\" href=\"https:\/\/www.superdeporte.es\/valencia-cf\/2025\/11\/27\/curro-torres-saca-cara-gaya-capitan-124177257.html\" rel=\"nofollow noopener\" target=\"_blank\">entre los que se encontraba Curro Torres defendiendo el lateral derecho y forjando un car\u00e1cter que se palpa ahora ejerciendo como entrenador. <\/a>Esperando una oportunidad que le estimule, el exjugador <strong>valencianista atiende a Superdeporte<\/strong> antes de cerrar el a\u00f1o para hablar de f\u00fatbol,<strong> de su Valencia Mestalla que enamor\u00f3 a la afici\u00f3n y que tantos adeptos gan\u00f3, de lo que est\u00e1 por llegar en su carrera y de la situaci\u00f3n actual del combinado de Carlos Corber\u00e1n. <\/strong><\/p>\n<p class=\"ft-text\"><strong>Lo primero \u00bfC\u00f3mo est\u00e1s t\u00fa? \u00bfC\u00f3mo est\u00e1 Curro Torres en este momento? Que adem\u00e1s hace unas semanitas conoc\u00edamos que acababa esa etapa de Levadia, casi una etapa exitosa. <\/strong><\/p>\n<p class=\"ft-text\">Estoy bien. Ocupado con mis hijos, que uno est\u00e1 fuera pues no tienes tanto tiempo para ellos. Intentando estar con ellos, disfrutar con ellos y aprovechando ver tambi\u00e9n a la familia en Barcelona cuando puedo. Ahora tranquilo, pero empiezo a estar un poquito impaciente porque al final tambi\u00e9n lo que queremos es trabajar. No queremos estar mucho tiempo parados, pero el mercado no est\u00e1 sencillo y m\u00e1s en esta \u00e9poca. Cuando est\u00e1s fuera en una liga como la que he estado yo, que es totalmente diferente a nivel de tiempos, a la de Europa en general, pues terminas en noviembre y es como que est\u00e1s un poco en medio de la nada. Y ahora nos toca esperar a que pueda haber alg\u00fan tipo de inter\u00e9s y que se pueda al final llegar a buen puerto. Hemos tenido situaciones, pero que nos han dado de momento para poder tener otro proyecto. A nivel \u00e9xito, a nivel t\u00edtulos, ha sido una etapa muy prol\u00edfica en tu anterior club.<\/p>\n<p class=\"ft-text\"><strong>\u00bfQu\u00e9 valoraci\u00f3n haces tanto a nivel profesional como a nivel personal en esta etapa en la que has podido cosechar t\u00edtulos, crecer como entrenador y conocer una liga nueva? <\/strong><\/p>\n<p class=\"ft-text\">Incluso como jugador, siempre he tenido ese punto de jugar fuera. Intentar buscar&#8230; Es verdad que no se me dio, porque ya renov\u00e9 en Valencia durante muchos a\u00f1os y luego con las lesiones pues tampoco se me dio la oportunidad de poder hacerlo. Pero luego como entrenador, la verdad es que siempre ten\u00eda. Aqu\u00ed en Espa\u00f1a el mercado est\u00e1 demasiado colapsado, hay continuamente cambios de entrenador. Es la posici\u00f3n m\u00e1s d\u00e9bil o m\u00e1s sencilla, pero no de ahora, yo creo que de siempre. Pero entonces no hay una estabilidad grande. Y siempre ten\u00eda como objetivo poder salir fuera por muchos motivos. Uno era conocer otras culturas, abrirme un poquito las puertas a lo que era el mundo en general, no solamente en Europa. Intentar mejorar el ingl\u00e9s, que creo que era una asignatura pendiente de la que me arrepiento. Y luego el hecho de estar tres a\u00f1os con gente, en un pa\u00eds con un respeto muy grande, en el d\u00eda a d\u00eda con nuestras dificultades, aunque no era uno de los equipos que ten\u00eda grandes dificultades, pero s\u00ed que ten\u00edas que adaptarte. Con jugadores que me han ayudado much\u00edsimo y que he tratado de mejorar. El f\u00fatbol estonio, digamos que es un f\u00fatbol que no es que no compita, pero que les cuesta un poco competir en el d\u00eda a d\u00eda. Son algo m\u00e1s fr\u00edos, si pasa bien y si no, pues tambi\u00e9n. Nosotros somos un poquito m\u00e1s calientes en ese sentido. Y creo que para m\u00ed, personalmente, ha sido una etapa buena. Echo de menos, porque al final, despu\u00e9s de tres a\u00f1os viviendo en Tallin, se echa de menos un poco todo ese tipo de cosas, aunque no se cambia por Valencia por nada del mundo.<\/p>\n<p><img decoding=\"async\" src=\"https:\/\/www.europesays.com\/es\/wp-content\/uploads\/2026\/01\/04fac20a-55f9-4506-b0bf-be4fafda17e9_alta-libre-aspect-ratio_default_0_x1102y221.jpg\" width=\"1200\" height=\"902\" alt=\"Curro Torres en las instalaciones de Superdeporte en una entrevista con camisetas m\u00edticas\" class=\"ft-helper-img-rd\" loading=\"lazy\"\/><\/p>\n<p class=\"ft-helper-fontColor-quaternary ft-helper-fontSize-body-S ft-helper-spacer-t-xxs\">Curro Torres en las instalaciones de Superdeporte en una entrevista con camisetas m\u00edticas  \/ Fernando Bustamante<\/p>\n<p class=\"ft-text\"><strong>Si te digo un jugador en concreto, si te digo Carlos Torres, no estoy diciendo un jugador normal en tu caso, para ti. Creo que ha sido tambi\u00e9n especial esta etapa y tambi\u00e9n exigente, imagino, desde la perspectiva de que cuando te metes ah\u00ed no es padre-hijo, es entrenador-jugador. <\/strong><\/p>\n<p class=\"ft-text\">A ver, mis hijos siempre han venido de vacaciones en el momento en que yo estaba all\u00ed. Y en esta etapa, que \u00e9l hab\u00eda terminado la etapa de juvenil, pues siempre se vino a estar conmigo, \u00e9l quer\u00eda estar conmigo dos o tres semanas. Y siempre han venido y siempre he tenido la oportunidad de que entrenasen con el segundo equipo, con nosotros, dependiendo un poco de lo que \u00edbamos a hacer. Una especie de preparaci\u00f3n a la pretemporada. Y este a\u00f1o era un poco diferente. La verdad es que yo no me lo hab\u00eda planteado. Fue mi compa\u00f1ero Soto el que me insist\u00eda cada d\u00eda en que nos pod\u00eda ayudar. Pero claro, yo no lo ve\u00eda porque al final era mi hijo y esa posici\u00f3n de padre-entrenador-hijo pues era complicado. Fue vez la mejor de toda mi vida. No lo cambio por nada.<\/p>\n<p class=\"ft-text\"><strong>\u00bfC\u00f3mo ha sido verlo desde tan cerca?<\/strong><\/p>\n<p class=\"ft-text\">Ha sido todo estos meses un orgullo tremendo porque ha evolucionado y ha rendido m\u00e1s r\u00e1pido de lo que nosotros esper\u00e1bamos. Y luego el tenerlo en el d\u00eda a d\u00eda vi\u00e9ndolo, comprendi\u00e9ndolo un poquito m\u00e1s tambi\u00e9n. Quiz\u00e1s en muchos momentos, si \u00e9l lo sabe, he sido mucho m\u00e1s exigente con \u00e9l que con cualquier otro. Pero bueno, espero que ese tiempo con nosotros le haya tambi\u00e9n servido a madurar un poco y a entender lo que es el f\u00fatbol m\u00e1s profesional. Y luego estaba el que conviv\u00edamos juntos. El convivir juntos lleg\u00f3 un momento que le dije&#8230; Porque \u00e9l tiene car\u00e1cter y \u00e9l se ve\u00eda siempre para jugar, sobre todo al principio. Y al final le tuve que decir&#8230; Si quieres hablar conmigo de f\u00fatbol, ma\u00f1ana en el despacho hablamos. Pero aqu\u00ed en casa no hablamos m\u00e1s de f\u00fatbol porque si no nos vas a volver locos. Vamos a estar discutiendo. Al final esa confianza que puedes tener no tienes que estar dando explicaciones tampoco aunque fuese tu hijo dentro de un contexto normal de convivencia.<\/p>\n<p class=\"ft-text\"><strong>Imagino que mucha gente tirar\u00e1 de una frase cara a la galer\u00eda de que no, de que a todos los tratas igual, pero cuando un jugador es tu hijo, pierde un bal\u00f3n que os cuesta una ocasi\u00f3n o que os cuesta un gol, imagino que dentro de ti hasta te pueden fastidiar un poco m\u00e1s. <\/strong><\/p>\n<p class=\"ft-text\">T\u00fa siempre cuando est\u00e1s jugando est\u00e1s analizando la situaci\u00f3n. El f\u00fatbol dice que est\u00e1 para poder equivocarse. Eso es algo natural o que si no no puede mejorar. Natural. Pero l\u00f3gicamente cada bal\u00f3n que tocaba \u00e9l est\u00e1s un poco m\u00e1s pendiente porque no quieres que sea \u00e9l. Quieres que lo haga bien. Afortunadamente no lo ha tenido. Ha hecho para m\u00ed muy buen rendimiento a nivel futbol\u00edstico. Es verdad que los jugadores de all\u00ed ya me entend\u00edan a veces las expresiones en espa\u00f1ol. A veces ese momento r\u00e1pido ellos ya lo entend\u00edan, pero sobre todo a \u00e9l. Y con \u00e9l me han pasado bastantes cosas. Pero vuelvo a repetir, es un jugador, es una persona con una personalidad muy grande. Muy grande, la verdad que en ese sentido estoy orgulloso de \u00e9l porque tiene una personalidad grande de seguir haciendo, asumiendo riesgos y seguir pidiendo el bal\u00f3n.<\/p>\n<p>M\u00e1s preparado tras triunfar en Estonia<\/p>\n<p class=\"ft-text\"><strong>Ahora tienes la idea de volver a entrenar por aqu\u00ed, supongo. \u00bfC\u00f3mo de m\u00e1s preparado te ves que antes de tomar aquella decisi\u00f3n hace tres a\u00f1os? <\/strong><\/p>\n<p class=\"ft-text\">Yo creo que estamos en proceso continuo de reinventarnos, de mejorar l\u00f3gicamente con la experiencia de los d\u00eda a d\u00eda. Ya no soy el mismo que estaba en el Mestalla. En el Mestalla ten\u00edas una mentalidad, yo sigo teniendo la misma mentalidad, pero con m\u00e1s experiencia. Al final vas viviendo situaciones en el d\u00eda a d\u00eda que vas sabiendo manejarlas mucho mejor. En los entrenamientos sigo siendo igual de exigente, de intenso, en ese sentido no cambia. Con la relaci\u00f3n con el futbolista tampoco me cambia absolutamente nada, soy muy exigente con ellos, siempre. Pero l\u00f3gicamente la experiencia te va dando tambi\u00e9n una ventaja. El hecho de haber estado aqu\u00ed, tanto en el Mestalla como luego cuando estaba en Segunda Divisi\u00f3n, o haberme ido fuera, donde est\u00e1s solo, realmente solo, el tema del ingl\u00e9s que a principios te cuesta un poder entender todo.<\/p>\n<p class=\"ft-text\"><strong>\u00bfC\u00f3mo es esa experiencia desde el punto de la soledad del m\u00edster?<\/strong><\/p>\n<p class=\"ft-text\">Bueno, est\u00e1bamos solos, pero estaba con Soto, mi compa\u00f1ero. Viv\u00edamos en un piso diferente, entonces nos ha hecho mejorar much\u00edsimo en todos los sentidos. Al final eres t\u00fa, tienes que buscar soluciones, tienes que saber, tienes que adaptarte a la cultura donde est\u00e1s, tienes que intentar darles tambi\u00e9n lo que es de la cultura que nosotros tenemos&#8230; Me ha hecho mucho mejor, mucho m\u00e1s preparado en todos los sentidos. Yo creo que no solamente se prepara uno en las mejores condiciones, sino que en las malas condiciones tambi\u00e9n se coge mucha experiencia.<\/p>\n<blockquote class=\"ft-mol-quote\" data-aida-quote=\"\"><p>La etapa en Estonia me ha hecho mucho mejor entrenador en todos los sentidos<\/p><\/blockquote>\n<p class=\"ft-text\"><strong>\u00bfCambia mucho la experiencia como entrenador y el Curro jugador, no? Cuando echas la vista atr\u00e1s, la gente te recuerda con ese cari\u00f1o, con esos \u00e9xitos que tuviste, los t\u00edtulos&#8230; \u00bfT\u00fa sientes ese orgullo en la gente cuando se cruza contigo? <\/strong><\/p>\n<p class=\"ft-text\">Bueno, si echo la vista atr\u00e1s, la verdad es que siempre he tenido la sensaci\u00f3n de much\u00edsimo respeto de todo el mundo, la verdad es que nos pill\u00f3 una \u00e9poca muy buena para ver el Valencia CF. Consiguiendo cosas muy importantes, y ahora viendo las fotos, pues te vienen recuerdos muy bonitos. El hecho de hacer feliz a much\u00edsima gente, que no nos pod\u00edamos imaginar, una vez conseguido el primer t\u00edtulo de Liga, sobre todo, ver tanta gente en la calle, tanta gente feliz&#8230; Yo creo que es uno de los mayores orgullos que podemos tener, independientemente de haber conseguido a nivel colectivo, o a nivel personal, esos t\u00edtulos, creo que el mayor recuerdo que podemos tener es el de haber hecho feliz a tanta gente.<\/p>\n<p>El secreto del Valencia del &#8216;doblete&#8217;<\/p>\n<p class=\"ft-text\"><strong>Ahora se ve al Atl\u00e9tico de Madrid del Cholo que ha ganado varias ligas, que llega lejos&#8230; El Sevilla de Unai hace unos a\u00f1os que gan\u00f3 varias Europa League. En el caso tuyo como jugador, cuando t\u00fa estabas ah\u00ed dentro en un equipo que consegu\u00eda \u00e9xitos. \u00bfSientes que lo disfrutaste como ten\u00edas que disfrutarlo o no? <\/strong><\/p>\n<p class=\"ft-text\">Mucho menos, creo que si lo hubi\u00e9semos disfrutado mucho m\u00e1s, no hubi\u00e9semos conseguido tanto. Yo creo que \u00e9ramos un equipo muy exigente, muy exigente a nivel individual, muy exigente a nivel colectivo, es verdad que cuando vas consiguiendo tambi\u00e9n vas subiendo los egos, tu categor\u00eda como futbolista o como equipo va subiendo. De hecho yo creo que siempre se ha dado en el mismo orden, gan\u00e1bamos, el a\u00f1o siguiente nos costaba un poco, luego nos volv\u00edamos otra vez a meter, porque es muy dif\u00edcil ganar l\u00f3gicamente, y aqu\u00ed en esa \u00e9poca se convirti\u00f3 como algo que ten\u00edamos que estar ah\u00ed s\u00ed o s\u00ed, y eso a veces tambi\u00e9n es injusto, porque los contrarios juegan, porque te enfrentas a dos poderosos entre Madrid y Barcelona que siempre est\u00e1n, pero no lo disfrutamos tanto como nos hubiese gustado, yo creo que lo estamos disfrutando mucho m\u00e1s despu\u00e9s de sentir un poco m\u00e1s ese cari\u00f1o en la gente. Es verdad que cuando las cosas no van bien en los clubs, siempre vienen los recuerdos anteriores, los bonitos, que no me parece justo para la gente que ha ido despu\u00e9s de nosotros, porque es muy complicado conseguir lo que conseguimos nosotros, pero bueno, no quiere decir que no hayamos vivido bien, pero para m\u00ed disfrutar es otro tipo de cosa.<\/p>\n<p><img decoding=\"async\" src=\"https:\/\/www.europesays.com\/es\/wp-content\/uploads\/2026\/01\/493f01d6-e494-4684-ab3a-554da28de1fa_alta-libre-aspect-ratio_default_0.jpg\" width=\"1200\" height=\"678\" alt=\"La plantilla del doblete del Valencia CF\" class=\"ft-helper-img-rd\" loading=\"lazy\"\/><\/p>\n<p class=\"ft-helper-fontColor-quaternary ft-helper-fontSize-body-S ft-helper-spacer-t-xxs\">La plantilla del doblete del Valencia CF  \/ VCF<\/p>\n<p class=\"ft-text\"><strong>Ah\u00ed el equipo ganaba un partido y ya estaba pensando en el siguiente, \u00bfno? <\/strong><\/p>\n<p class=\"ft-text\">No, pens\u00e1bamos en el siguiente entrenamiento. El siguiente entrenamiento era el momento donde ten\u00edamos que otra vez apechugar y correr y trabajar y ser intensos. Yo creo que la mentalidad que ten\u00edamos y cuando te relajabas entre todos, siempre nos met\u00edamos esa presi\u00f3n, esa intensidad&#8230; Hab\u00eda unos entrenamientos que siempre ten\u00edamos esa chispa para apretarnos mutuamente. Para m\u00ed jugar en el Valencia no era una situaci\u00f3n f\u00e1cil, si no ven\u00eda otro y te com\u00edan, y eso no se pod\u00eda permitir.<\/p>\n<p class=\"ft-text\"><strong>La gente no solo guarda ese cari\u00f1o como jugador, sino que cada vez que hay un cambio de banquillo en el Valencia, hay muchos alineados que hablan de Curro Torres, de que piensan en Curro como una figura futura en el banquillo del Valencia. Hace poco en La Banda, en el programa de \u00c0 Punt, dec\u00edas que no tienes dudas que en cualquier contexto en el que est\u00e9 el Valencia, asumir\u00edas el cargo. <\/strong><\/p>\n<p class=\"ft-text\">Hay que matizar muy bien, porque la gente luego habla y piensa que estoy diciendo algo diferente, mi objetivo como entrenador es ser entrenador del Valencia, es mi objetivo el m\u00e1ximo que puedo tener. No s\u00e9 si lo voy a conseguir, no s\u00e9 si me va a llegar en alg\u00fan momento o cu\u00e1ndo puedo llegar a serlo.<\/p>\n<p><img decoding=\"async\" src=\"https:\/\/www.europesays.com\/es\/wp-content\/uploads\/2026\/01\/abadfc38-2645-4e8a-b48a-f64e29214d6d_alta-libre-aspect-ratio_default_0.jpg\" width=\"1200\" height=\"902\" alt=\"Curro Torres en las instalaciones de Superdeporte\" class=\"ft-helper-img-rd\" loading=\"lazy\"\/><\/p>\n<p class=\"ft-helper-fontColor-quaternary ft-helper-fontSize-body-S ft-helper-spacer-t-xxs\">Curro Torres en las instalaciones de Superdeporte  \/ Fernando Bustamante<\/p>\n<p>El Valencia actual<\/p>\n<p class=\"ft-text\"><strong>Tan cierto es que es injusto con las generaciones de despu\u00e9s, como que entre ese Valencia y el actual hay mil mundos de distancia<\/strong><\/p>\n<p class=\"ft-text\">El otro d\u00eda contra Mallorca me gust\u00f3 bastante, creo que hizo un partido muy completo, creo que el equipo, espero que coja esa regularidad y un poquito m\u00e1s de resultados. No s\u00e9 hasta d\u00f3nde, pero creo que ahora, despu\u00e9s del partido del Betis, ha dado un peque\u00f1o cambio a nivel de sensaci\u00f3n. El d\u00eda del Sevilla, ah\u00ed no se dio una sensaci\u00f3n todo lo buena que se ven\u00eda dando, pero yo creo que el equipo ahora da una muestra de poder conseguir una mejor\u00eda. Creo que no hay tan mal equipo como para estar en esa situaci\u00f3n y estoy convencido que con el trabajo del cuerpo t\u00e9cnico, con los jugadores, cuando ellos tambi\u00e9n cojan un poco m\u00e1s confianza los resultados llegar\u00e1n. Al final a nivel mental a todo el mundo le viene bien para poder soltarse, por lo menos colocarse en una situaci\u00f3n un poco m\u00e1s c\u00f3moda. Mira lo que se consigui\u00f3 el a\u00f1o pasado en la segunda vuelta, que est\u00e1s en una situaci\u00f3n m\u00e1s c\u00f3moda y que no sabes si vas a estar m\u00e1s arriba o m\u00e1s abajo, pero por lo menos no sufrir. Esperemos que sea as\u00ed, ahora est\u00e1 el mercado de invierno tambi\u00e9n. Quiz\u00e1s se pueden incorporar jugadores que puedan ayudar para tener un abanico mucho m\u00e1s amplio y eso al entrenador tambi\u00e9n le va a ayudar much\u00edsimo.<\/p>\n<p class=\"ft-text\"><strong>\u00bfC\u00f3mo viste al equipo en el \u00faltimo partido?<\/strong><\/p>\n<p class=\"ft-text\">Estuve en el campo viendo el partido contra el Mallorca, excepto en situaciones de finalizaci\u00f3n que quiz\u00e1s falt\u00f3 algo m\u00e1s, de oportunidades m\u00e1s claras para poder ganar el partido, yo creo que el Valencia fue el dominador del partido en conjunto general y a m\u00ed me gust\u00f3. Estuvo en campo contrario, estuvo mejor en f\u00fatbol, el Mallorca tuvo dos o tres momentos y en el f\u00fatbol todo puede pasar, incluso son partidos que a veces nos cuesta poder entender que eres superior, que no consigues materializarlo con goles y que al final puedes perderlo, y esas cosas pasan en el f\u00fatbol y a veces no se puede controlar porque quieres ir a ganarlo, porque el Valencia fue a ganar el partido y en alguna contra que tuvo el Mallorca, incluso se pudo llevar el partido.<\/p>\n<p>Su &#8216;Mestalleta&#8217; enganch\u00f3 al valencianismo<\/p>\n<p class=\"ft-text\"><strong>Vamos ahora a tu etapa en el &#8216;Mestalleta&#8217;. \u00bfC\u00f3mo lo viviste?<\/strong><\/p>\n<p class=\"ft-text\">Creo que el proceso fue muy bueno, el proceso de tener a jugadores muy j\u00f3venes, ver c\u00f3mo fueron evolucionando y que luego el rendimiento que dieron me lo pas\u00e9 muy bien, me hizo mejor entrenador. Trat\u00e9 de aportarles todo lo que yo entend\u00eda que ten\u00edan que aportarles, pero luego ellos dieron un rendimiento excepcional. Verlos entrenar no solamente jugar, verlos entrenar era algo, para m\u00ed, un disfrute diario. Creo que fue una de las cosas que incluso los chicos se sent\u00edan m\u00e1s contentos, yo creo que conseguimos incorporar a mucha gente, much\u00edsima gente, porque les gustaba verlos jugar. Creo que conseguimos que la gente se aficionase a venir a vernos, ya que m\u00e1s all\u00e1 de poder ganar, conseguimos meternos en una din\u00e1mica muy buena. Sinceramente se lo dec\u00eda a ellos&#8230; \u00abNo necesit\u00e1is que est\u00e9 yo, jug\u00e1is solos. Sab\u00e9is lo que ten\u00e9is que hacer\u00bb. Incluso muchas veces en los descansos, ellos ya cogieron cierta experiencia, esa personalidad, entre ellos se mosqueaban antes de empezar a hablar yo. Si trabajamos esto, hay que hacerlo. Ellos mismos se autoexig\u00edan tambi\u00e9n, por lo que habl\u00e1bamos antes del equipo nuestro cuando jug\u00e1bamos, ellos se convirtieron en un equipo muy exigente a pesar de ser ni\u00f1os, a pesar de ser jugadores muy j\u00f3venes, pero llevan dos a\u00f1os jugando en segunda B y eso tambi\u00e9n te da cierta ventaja. Creo que llegamos en ese momento bueno.<\/p>\n<blockquote class=\"ft-mol-quote\" data-aida-quote=\"\"><p>Conseguimos que la gente se aficionase a ir a ver jugar al Mestalla<\/p><\/blockquote>\n<p class=\"ft-text\"><strong>T\u00fa de aquel equipo que cogiste, hay alg\u00fan jugador que dices, ten\u00eda claro que iba a ser jugador de primera y no lo ha sido. \u00bfHay alguno que digas, no me lo explico porque yo en el d\u00eda a d\u00eda ve\u00eda que este jugador era un \u2018avi\u00f3n\u2019? <\/strong><\/p>\n<p class=\"ft-text\">Yo lo tengo claro. En ese filial ya no ten\u00edamos a Carlos Soler porque ya estaba m\u00e1s arriba, o Rafa Mir por ejemplo, que con el potencial que ten\u00eda era solamente ordenarlo un poco porque f\u00edsicamente ten\u00eda un potencial y luego cambiarle un poco la mentalidad que ten\u00eda. \u00bfQui\u00e9n m\u00e1s hab\u00eda ah\u00ed? Bueno, Nacho Vidal estaba claro, Lato estaba claro, eran jugadores que no sab\u00edamos el nivel en el que pod\u00edan estar, pero sab\u00edamos que iban a ser jugadores Primera. Antonio Sivera, portero de primera divisi\u00f3n, clar\u00edsimo, que es una pena que no est\u00e9 en su equipo que es el Valencia. Pero luego yo tengo claro que quien era un futbolista brutal y que lo he hablado con \u00e9l es Nacho Gil.<\/p>\n<p><img decoding=\"async\" src=\"https:\/\/www.europesays.com\/es\/wp-content\/uploads\/2026\/01\/b7b32f9b-782e-4186-8ed3-5f4b390eafe8_alta-libre-aspect-ratio_default_0.jpg\" width=\"1200\" height=\"675\" alt=\"Curro Torres, en su etapa como t\u00e9cnico del Valencia Mestalla\" class=\"ft-helper-img-rd\" loading=\"lazy\"\/><\/p>\n<p class=\"ft-helper-fontColor-quaternary ft-helper-fontSize-body-S ft-helper-spacer-t-xxs\">Curro Torres, en su etapa como t\u00e9cnico del Valencia Mestalla  \/ SD<\/p>\n<p class=\"ft-text\"><strong>Lo has tenido muy claro en cuanto has escuchado la pregunta. <\/strong><\/p>\n<p class=\"ft-text\">Lo tengo claro. \u00c9l sosten\u00eda en momentos cuando el equipo no estaba bien. Lo sosten\u00eda \u00e9l porque sigue teniendo una personalidad&#8230; de hecho est\u00e1 jugando francamente bien en el Tenerife ahora, pero es un futbolista que para m\u00ed pod\u00eda haber jugado en primera divisi\u00f3n claramente, pero claramente es claramente y quiz\u00e1s se ha dado cuenta tarde. No es tarde, pero quiz\u00e1s ese cambio mental lo dio tarde. Aunque no siento que sea tan as\u00ed. Simplemente cuando sale del Mestalla, que es normal, porque creo que fue de lo mejorcito a nivel de rendimiento y tambi\u00e9n creo que fue la causa de nuestro no ascenso, el hecho de perderlo por sanci\u00f3n en el \u00faltimo partido contra Albacete. Ten\u00eda claro que \u00e9l iba a estar, o por lo menos tener la oportunidad, eso lo ten\u00eda clar\u00edsimo. Pero ah\u00ed es donde tienes que dar un pasito m\u00e1s para poder mantenerte. A m\u00ed personalmente me ten\u00eda enamorado en todos los sentidos, a pesar de pelearme con \u00e9l much\u00edsimo. Much\u00edsimo, porque le costaba. Porque \u00e9l iba a su ritmo y entrenaba, parec\u00eda que ten\u00eda 35 a\u00f1os y ten\u00edas que estar todos los d\u00edas detr\u00e1s de \u00e9l, pero luego es verdad que cuando sal\u00eda a jugar era diferencial. Consigui\u00f3 cambiar un poco, que no ten\u00eda estad\u00edsticamente gol, y al final en esa temporada creo que cambi\u00f3 un poquito m\u00e1s en ese sentido y ya fue m\u00e1s efectivo.<\/p>\n<p class=\"ft-text\"><strong>En el tiempo en el que estuviste en el Mestalla, hubo tambi\u00e9n varios cambios de entrenadores en el primer equipo, momentos en los que estuvo Voro como interino&#8230; \u00bfCrees que en alguna de esas etapas mereciste tener tu oportunidad de dirigir al primer equipo unos partidos para probar tu val\u00eda? <\/strong><\/p>\n<p class=\"ft-text\">A ver, creo que en todas, pero principalmente porque mi mentalidad es que si tienes un entrenador dentro de un segundo equipo, un filial, tiene que estar pensando en que aunque sea un d\u00eda hasta que se pueda traer un entrenador puede coger al equipo&#8230; Pero bueno, afortunadamente lo cogi\u00f3 Voro, lo hizo francamente bien y en eso no hay ning\u00fan tipo de excusa, ni reclamaci\u00f3n. Simplemente s\u00ed que es verdad que uno de los motivos por los que me march\u00e9 en ese momento era por eso, hab\u00eda 4 o 5 cambios de entrenadores y viendo que no ten\u00eda esa proyecci\u00f3n para poder estar con la posibilidad de estar en el primer equipo, decid\u00ed marcharme, a\u00fan no teniendo nada en ese momento.<\/p>\n<p class=\"ft-text\"><strong>\u00bfPuede ser que defina m\u00e1s al Curro Torres entrenador la primera temporada que la \u00faltima, cuando coge a un Mestalla en descenso y lo salva subiendo juveniles y con una propuesta atrevida?<\/strong><\/p>\n<p class=\"ft-text\">Hicimos lo que cre\u00edamos que ten\u00edamos que hacer, tambi\u00e9n es verdad que va con nuestra idea. Al final el hecho de salir con el bal\u00f3n jugado o intentar hacer cosas a trav\u00e9s del bal\u00f3n es una forma de defenderte, los partidos igual no los ganas porque tengas el bal\u00f3n o salgas con el bal\u00f3n jugado, pero es una manera de tenerlo t\u00fa el mayor tiempo posible. Es tratar de que el equipo se convierta en ese equipo compacto, aguerrido, intenso cuando no lo tiene. Y eso cuando t\u00fa tienes el bal\u00f3n, si est\u00e1s bien colocado, si est\u00e1s bien concentrado, provocas tambi\u00e9n que el equipo rival no sea capaz de reestructurarse y hacerte da\u00f1o.<\/p>\n<p class=\"ft-text\"><strong>Y hab\u00eda buena plantilla<\/strong><\/p>\n<p class=\"ft-text\">Es un trabajo que se tiene que hacer, pero nosotros en ese equipo cuando llegamos quiz\u00e1s no era el mejor como equipo, pero a nivel individual ten\u00edamos muy buenos futbolistas y tratamos de convencerles de eso. Ellos al final se sent\u00edan c\u00f3modos. Ten\u00edamos a Gay\u00e0, a Salva Ruiz, a Robert, a Portu, a Jaume, a Tendillo, a Chumbi, a Hiroshi, a Fernando Cano&#8230; Al final lo que hicimos es evaluar que era una plantilla no lo suficientemente en todos los puestos bien ordenados, pero con materia prima, y subimos jugadores con posiciones muy claras de lo que nos pod\u00edan dar. Lo hicieron todos ellos, Manu Molina tambi\u00e9n&#8230; Futbol\u00edsticamente creo que ten\u00edamos un equipo para estar en ascenso, para m\u00ed, que no se consigui\u00f3, porque al final te metes en una din\u00e1mica, pero creo que ten\u00edamos un equipo muy bueno.<\/p>\n<p>Un t\u00e9cnico valiente<\/p>\n<p class=\"ft-text\"><strong>Dicho lo cual, dentro de los matices \u00bfCu\u00e1l es el estilo de Curro Torres como entrenador? \u00bfCon qu\u00e9 se identifica?<\/strong><\/p>\n<p class=\"ft-text\">Somos un cuerpo t\u00e9cnico muy met\u00f3dico a nivel pr\u00e1ctico, me gusta ir a por los rivales, me gusta convencer al futbolista de que hay que ir arriba a presionar, para eso necesitamos estar f\u00edsicamente lo suficientemente bien como para soportarlo, porque es exigente. Y luego con el bal\u00f3n me gusta trabajar absolutamente todos los momentos que se puedan dar, para que el futbolista lo llegue a interiorizar y hacerlo luego ya libre. En la vez que t\u00fa ya tienes un plan t\u00e1ctico de lo que t\u00fa quieres, tanto con bal\u00f3n como sin bal\u00f3n, el futbolista luego te lo interpreta solo. Y luego tienes que intentar ayudarle a poder tomar decisiones, si chuta y a lo mejor tiene un pase, son acciones m\u00e1s individuales, pero a nivel colectivo me gusta trabajar mucho, me gusta ser un &#8216;hijo de puta&#8217; en el campo, que mi equipo sea competitivo, y con bal\u00f3n tambi\u00e9n. No me gusta el ritmo lento, no me gusta dar pases por darlos, y tratar de que las cosas tengan su sentido. Es un trabajo que tienes que machacar, machacar, asumir el riesgo que te puedes equivocar, y eso a veces no lo entendemos, porque es muy bonito cuando las cosas salen bien, pero cuando las cosas no salen bien, todo el mundo es con un \u00abno, que para qu\u00e9 quieres tener el bal\u00f3n, mejor tirar un largo&#8230;\u00bb.<\/p>\n<p><img decoding=\"async\" src=\"https:\/\/www.europesays.com\/es\/wp-content\/uploads\/2026\/01\/ee5774d6-f639-41c5-a5c0-bc969ddc117f_alta-libre-aspect-ratio_default_0.jpg\" width=\"1200\" height=\"675\" alt=\"Curro Torres levanta tambi\u00e9n la Supercopa estonia\" class=\"ft-helper-img-rd\" loading=\"lazy\"\/><\/p>\n<p class=\"ft-helper-fontColor-quaternary ft-helper-fontSize-body-S ft-helper-spacer-t-xxs\">Curro Torres levanta tambi\u00e9n la Supercopa estonia  \/ RRSS<\/p>\n<p class=\"ft-text\">Si no eres ganador, el 80 por cien de los balones no eres capaz de poder ganarlos, no tienes ese perfil de jugadores, no te sirve en ning\u00fan momento. Entonces es tratar de ayudarles a entender en diferentes contextos de partido qu\u00e9 es lo necesario. Pero al final es eso, a m\u00ed me gusta tener el bal\u00f3n como una forma de poder defender sin ser kamikazes, y en eso s\u00ed que hemos evolucionado un poco, quiz\u00e1s \u00e9ramos m\u00e1s kamikazes antes, y ahora tratamos de entender un poquito todo bien, y sobre todo es la mentalidad que tengan los jugadores.<\/p>\n<p class=\"ft-text\"><strong>En conversaciones con otros entrenadores, hay uno que me viene a la cabeza, me dec\u00eda que cuando se llevaba el bal\u00f3n parado, le dec\u00eda al lanzador o al segundo lanzador si estaban convencidos de la acci\u00f3n, si de verdad les convenc\u00eda lo que iban a hacer, y sobre todo a la persona a la que iban a buscar. <\/strong><\/p>\n<p class=\"ft-text\">T\u00fa debes de preguntar al jugador por si luego hay una p\u00e9rdida, si de verdad creen la jugada o si creen la acci\u00f3n. Yo hablo con una plantilla much\u00edsimo. Yo necesito saber su opini\u00f3n. Necesito saber la sensaci\u00f3n que tienen dentro del campo. Y ellos lo saben. Una vez que est\u00e1n trabajando, lo saben. Tontos no son. Y corregimos. Y a veces vas en el camino para buscar tambi\u00e9n un poco lo que t\u00fa quieres buscar del futbolista, pero claro. Yo he tenido muchas discusiones, muchas conversaciones con Soto, que es el encargado bal\u00f3n parado y es espectacular c\u00f3mo lo trabaja. Lleg\u00f3 un momento, en el segundo a\u00f1o, que metimos una cantidad de goles al bal\u00f3n parado brutales.<\/p>\n<p class=\"ft-text\">Este a\u00f1o pasado, por otra parte, nos estaba costando m\u00e1s y yo le dec\u00eda a Soto, escucha a los jugadores. \u00bfQuieren el bal\u00f3n que lo coloques aqu\u00ed y ellos como burros meterse 4 o 5 a rematar? Bueno, no pasa nada, pues hacemos as\u00ed. Si ellos est\u00e1n convencidos de que eso nos van a dar, lo vamos a hacer. Lo primordial es tener un lanzador que lance bien. Eso es lo primordial. Y luego ellos este a\u00f1o se notan y quieren que 2 o 3 vayan a buscar el bal\u00f3n. Pues bueno, vamos a hacerlo as\u00ed, m\u00e1s pr\u00e1ctico con ellos y ya est\u00e1. No pasa nada. Al final el objetivo es el mismo. Yo soy m\u00e1s de tener preparado cosas. Lo mismo que a nivel t\u00e1ctico, a nivel de juego, para m\u00ed todo es entrenable. Saque de banda es, bal\u00f3n largo&#8230; Todo. Y cuanto m\u00e1s lo entrenes, m\u00e1s posibilidades tienes de hacer las cosas bien. Yo soy de escuchar cosas coherentes para poder sumar, pero no el ego propio o reflexiones que buscan el ego\u00edsmo del propio jugador.<\/p>\n<p class=\"ft-text\"><strong>La \u00faltima. En unos d\u00edas empieza 2026. \u00bfCu\u00e1l es el prop\u00f3sito, cu\u00e1les son los deseos de Curro Torres para este 2026? <\/strong><\/p>\n<p class=\"ft-text\">Bueno, soy un afortunado. Tengo cuatro hijos maravillosos. Tengo una familia maravillosa. Tengo a mi padre, ahora malito, que afortunadamente sigue aguantando y luchando. Y en ese sentido que contin\u00fae y que mis hijos est\u00e9n bien. Y luego, a nivel profesional, que tengamos la oportunidad. No s\u00e9 d\u00f3nde, porque el mercado espa\u00f1ol cuando sale fuera es una de las cosas que a m\u00ed me da m\u00e1s rabia. Parece como que no es f\u00fatbol. Parece que lo que hemos estado trabajando no es f\u00fatbol y sigue siendo f\u00fatbol en todos lados. Que tengamos la oportunidad de poder tener un proyecto bueno y poder trabajar. Lo que te he dicho antes. Ya estamos impacientes por coger. El tiempo va pasando. Y bueno, imagino que como yo estar\u00e1n muchos compa\u00f1eros tambi\u00e9n y estaremos esperando. Entonces, d\u00f3nde, no lo s\u00e9. Si es en Espa\u00f1a mejor y si no, pues fuera. Porque una vez que ya he salido no tengo ning\u00fan tipo de temor a la hora de volver a irme fuera.<\/p>\n<p class=\"ft-text\">Lo \u00fanico problema es que la distancia te impide un poco disfrutar m\u00e1s de mis hijos en este caso. Que todos sigan de la misma forma que est\u00e1n. Que mi hijo siga trabajando. Que el otro cambie la mentalidad, que tiene posibilidades muy buenas de poder divertirse mucho m\u00e1s con el f\u00fatbol. Y que lo pueda conseguir. Que el mayor acabe la carrera y encuentre trabajo. Y que mi princesa siga de la misma forma que est\u00e1, que es a ni\u00f1a de mis ojos. Porque eso es lo que pido. Cosas normales.<\/p>\n<p class=\"ft-text\">Lo dem\u00e1s, afortunadamente, lo tenemos todo. Y que se acabe toda la mierda que hay alrededor de todos los sitios. Que <a class=\"ft-link ft-link--decoration\" href=\"https:\/\/www.valenciacf.com\/\" rel=\"nofollow noopener\" target=\"_blank\">Valencia <\/a>cambie tambi\u00e9n en todos los sentidos. Y que podamos volver otra vez a tener una ambici\u00f3n o estar todos mucho m\u00e1s contentos en todos los sentidos.<\/p>\n","protected":false},"excerpt":{"rendered":"El Valencia CF de principios de siglo infundi\u00f3 terror en el Viejo Continente. Un equipo aguerrido, competitivo y&hellip;\n","protected":false},"author":2,"featured_media":316470,"comment_status":"","ping_status":"","sticky":false,"template":"","format":"standard","meta":{"footnotes":""},"categories":[268],"tags":[3076,778,73989,168,13463,3141,25,24,280,282,3294,2457,23081,46529,281,23,167,4655,2752,235,5419],"class_list":{"0":"post-316469","1":"post","2":"type-post","3":"status-publish","4":"format-standard","5":"has-post-thumbnail","7":"category-futbol","8":"tag-3076","9":"tag-curro","10":"tag-curro-torres","11":"tag-deportes","12":"tag-el-valencia","13":"tag-entrevista","14":"tag-es","15":"tag-espana","16":"tag-football","17":"tag-futbol","18":"tag-le","19":"tag-mallorca","20":"tag-mestalla","21":"tag-pido","22":"tag-soccer","23":"tag-spain","24":"tag-sports","25":"tag-torres","26":"tag-trabajo","27":"tag-valencia","28":"tag-valencia-cf"},"share_on_mastodon":{"url":"https:\/\/pubeurope.com\/@es\/115816964219620094","error":""},"_links":{"self":[{"href":"https:\/\/www.europesays.com\/es\/wp-json\/wp\/v2\/posts\/316469","targetHints":{"allow":["GET"]}}],"collection":[{"href":"https:\/\/www.europesays.com\/es\/wp-json\/wp\/v2\/posts"}],"about":[{"href":"https:\/\/www.europesays.com\/es\/wp-json\/wp\/v2\/types\/post"}],"author":[{"embeddable":true,"href":"https:\/\/www.europesays.com\/es\/wp-json\/wp\/v2\/users\/2"}],"replies":[{"embeddable":true,"href":"https:\/\/www.europesays.com\/es\/wp-json\/wp\/v2\/comments?post=316469"}],"version-history":[{"count":0,"href":"https:\/\/www.europesays.com\/es\/wp-json\/wp\/v2\/posts\/316469\/revisions"}],"wp:featuredmedia":[{"embeddable":true,"href":"https:\/\/www.europesays.com\/es\/wp-json\/wp\/v2\/media\/316470"}],"wp:attachment":[{"href":"https:\/\/www.europesays.com\/es\/wp-json\/wp\/v2\/media?parent=316469"}],"wp:term":[{"taxonomy":"category","embeddable":true,"href":"https:\/\/www.europesays.com\/es\/wp-json\/wp\/v2\/categories?post=316469"},{"taxonomy":"post_tag","embeddable":true,"href":"https:\/\/www.europesays.com\/es\/wp-json\/wp\/v2\/tags?post=316469"}],"curies":[{"name":"wp","href":"https:\/\/api.w.org\/{rel}","templated":true}]}}