{"id":316494,"date":"2026-01-01T00:37:20","date_gmt":"2026-01-01T00:37:20","guid":{"rendered":"https:\/\/www.europesays.com\/es\/316494\/"},"modified":"2026-01-01T00:37:20","modified_gmt":"2026-01-01T00:37:20","slug":"perfumerias-avenida-en-la-lucha-por-el-tercer-puesto-de-la-liga-femenina","status":"publish","type":"post","link":"https:\/\/www.europesays.com\/es\/316494\/","title":{"rendered":"Perfumer\u00edas Avenida, en la lucha por el tercer puesto de la Liga Femenina"},"content":{"rendered":"<p class=\"paragraph-atom &#10;        A-500-300-700-N A-550-300-700-N--md  \">La Liga Femenina se \u2018pone al d\u00eda\u2019 y cierra el 2025 con Girona y Zaragoza muy aventajados en la lucha por el liderato. Los dos equipos llevan un bagaje de doce triunfos y una sola derrota en las trece jornadas disputadas hasta el momento.<\/p>\n<p class=\"paragraph-atom &#10;        A-500-300-700-N A-550-300-700-N--md  \">Valencia Basket es tercero con una marca de 9\/4. Y ah\u00ed entra en escena Perfumer\u00edas Avenida. Las charras luchar\u00e1n por el tercer puesto en la competici\u00f3n regular y marchan con ocho triunfos y cinco derrotas, lo mismo que Ensino Lugo. Todos estos equipos ya han logrado plaza en la pr\u00f3xima edici\u00f3n de la Copa de la Reina.<\/p>\n<p class=\"paragraph-atom &#10;        A-500-300-700-N A-550-300-700-N--md  \">La primera jornada del a\u00f1o se disputar\u00e1 el domingo 4 de enero. Perfumer\u00edas Avenida visitar\u00e1 la complicada cancha de Fontajau (11 horas) y all\u00ed les espera Girona con Roberto \u00cd\u00f1iguez a los mandos. <\/p>\n","protected":false},"excerpt":{"rendered":"La Liga Femenina se \u2018pone al d\u00eda\u2019 y cierra el 2025 con Girona y Zaragoza muy aventajados en&hellip;\n","protected":false},"author":2,"featured_media":316495,"comment_status":"","ping_status":"","sticky":false,"template":"","format":"standard","meta":{"footnotes":""},"categories":[269],"tags":[14092,299,298,168,25,24,591,14091,3576,23,167,619],"class_list":{"0":"post-316494","1":"post","2":"type-post","3":"status-publish","4":"format-standard","5":"has-post-thumbnail","7":"category-baloncesto","8":"tag-avenida","9":"tag-baloncesto","10":"tag-basketball","11":"tag-deportes","12":"tag-es","13":"tag-espana","14":"tag-lucha","15":"tag-perfumerias","16":"tag-puesto","17":"tag-spain","18":"tag-sports","19":"tag-tercer"},"share_on_mastodon":{"url":"https:\/\/pubeurope.com\/@es\/115817050601768243","error":""},"_links":{"self":[{"href":"https:\/\/www.europesays.com\/es\/wp-json\/wp\/v2\/posts\/316494","targetHints":{"allow":["GET"]}}],"collection":[{"href":"https:\/\/www.europesays.com\/es\/wp-json\/wp\/v2\/posts"}],"about":[{"href":"https:\/\/www.europesays.com\/es\/wp-json\/wp\/v2\/types\/post"}],"author":[{"embeddable":true,"href":"https:\/\/www.europesays.com\/es\/wp-json\/wp\/v2\/users\/2"}],"replies":[{"embeddable":true,"href":"https:\/\/www.europesays.com\/es\/wp-json\/wp\/v2\/comments?post=316494"}],"version-history":[{"count":0,"href":"https:\/\/www.europesays.com\/es\/wp-json\/wp\/v2\/posts\/316494\/revisions"}],"wp:featuredmedia":[{"embeddable":true,"href":"https:\/\/www.europesays.com\/es\/wp-json\/wp\/v2\/media\/316495"}],"wp:attachment":[{"href":"https:\/\/www.europesays.com\/es\/wp-json\/wp\/v2\/media?parent=316494"}],"wp:term":[{"taxonomy":"category","embeddable":true,"href":"https:\/\/www.europesays.com\/es\/wp-json\/wp\/v2\/categories?post=316494"},{"taxonomy":"post_tag","embeddable":true,"href":"https:\/\/www.europesays.com\/es\/wp-json\/wp\/v2\/tags?post=316494"}],"curies":[{"name":"wp","href":"https:\/\/api.w.org\/{rel}","templated":true}]}}