{"id":316502,"date":"2026-01-01T00:43:08","date_gmt":"2026-01-01T00:43:08","guid":{"rendered":"https:\/\/www.europesays.com\/es\/316502\/"},"modified":"2026-01-01T00:43:08","modified_gmt":"2026-01-01T00:43:08","slug":"la-oreja-de-van-gogh-presenta-antes-de-las-uvas-su-nuevo-single-todos-estamos-bailando-la-misma-cancion","status":"publish","type":"post","link":"https:\/\/www.europesays.com\/es\/316502\/","title":{"rendered":"La Oreja de Van Gogh presenta antes de las uvas su nuevo single, &#8216;Todos estamos bailando la misma canci\u00f3n&#8217;"},"content":{"rendered":"<p>Lleg\u00f3 el esperado momento y no defraud\u00f3. La Oreja de Van Gogh ha dado a conocer su nuevo single -el primero tras el regreso de  &#8230; Amaia Montero&#8217;- en un v\u00eddeo emitido por TVE poco antes de las Campanadas &#8216;Todos estamos bailando la misma canci\u00f3n&#8217; es el t\u00edtulo de este nuevo tema, el primero que lanza el grupo donostiarra desde 2020, cuyo lanzamiento ha despertado una enorme expectaci\u00f3n desde que se anunci\u00f3.<\/p>\n<p class=\"v-p\">La canci\u00f3n, que forma parte del nuevo disco que ver\u00e1 la luz a finales de este a\u00f1o, presenta a una Oreja en forma, con Amaia Montero de vuelta al centro del escenario y que para la ocasi\u00f3n luce un dise\u00f1o de Isabel Zapard\u00edez. El v\u00eddeo, grabado el pasado d\u00eda 19 en el Palacio de Miramar, incluye im\u00e1genes de Donostia, la ciudad que ha protagonizado buena parte del cancionero y el imaginario del grupo.<\/p>\n<p class=\"v-p\">M\u00e1s de uno habr\u00e1 grabado la emisi\u00f3n y es m\u00e1s que previsible que &#8216;Todos estamos bailando la misma canci\u00f3n&#8217; sea una de las piezas que formen parte de la banda sonora de esta Nochevieja, m\u00e1s a\u00fan en Latinoam\u00e9rica, que celebrar\u00e1 el cambio de a\u00f1o seis horas despu\u00e9s que en Espa\u00f1a.<\/p>\n<p>\u00abYo creo en Dios, a mi manera\u00bb<\/p>\n<p class=\"v-p\">La nueva canci\u00f3n de La Oreja de Van Gogh se mueve en un terreno casi m\u00edstico, con referencias constantes a lo espiritual, lo c\u00f3smico y lo ef\u00edmero. La letra plantea una fe \u00edntima y no dogm\u00e1tica \u2014\u00abyo creo en Dios, a mi manera\u00bb\u2014 y dibuja un universo de preguntas sin respuesta, auroras boreales, polvo de estrellas y viajes interestelares. Un relato po\u00e9tico que habla del asombro de estar vivos, de la fragilidad del tiempo y de la sensaci\u00f3n de que todo sucede mientras \u00abtodos estamos bailando la misma canci\u00f3n\u00bb. Entre luces, sombras y destellos, la banda propone una reflexi\u00f3n abierta sobre el misterio de la existencia y la conexi\u00f3n humana.<\/p>\n<p class=\"v-p\">Ese mismo esp\u00edritu de inicio y celebraci\u00f3n ha estado muy presente en el mensaje que el grupo ha compartido con sus seguidores al final del v\u00eddeo, mientras ven fuegos artificiales desde un balc\u00f3n sobre La Concha. \u00abLlegar al mundo entero con nuestras canciones y haciendo lo que nos gusta es un aut\u00e9ntico privilegio\u00bb, han se\u00f1alado. Para la banda, la llegada de 2026 no es solo un cambio de calendario, sino \u00abla primera noche de una etapa nueva\u00bb, que definen como m\u00e1s emocionante que nunca. Un a\u00f1o que estar\u00e1 marcado por la nueva gira, el reencuentro con el p\u00fablico y la reivindicaci\u00f3n de la m\u00fasica en directo: \u00abSer\u00e9 uno con el p\u00fablico\u00bb. Un brindis compartido para cerrar el a\u00f1o y abrir otro al grito de \u00abfeliz a\u00f1o y viva la m\u00fasica\u00bb.<\/p>\n","protected":false},"excerpt":{"rendered":"Lleg\u00f3 el esperado momento y no defraud\u00f3. La Oreja de Van Gogh ha dado a conocer su nuevo&hellip;\n","protected":false},"author":2,"featured_media":316503,"comment_status":"","ping_status":"","sticky":false,"template":"","format":"standard","meta":{"footnotes":""},"categories":[170],"tags":[15762,15350,146,147,25,24,13964,184,185,524,4801,2782,19655,23,36143,6174],"class_list":{"0":"post-316502","1":"post","2":"type-post","3":"status-publish","4":"format-standard","5":"has-post-thumbnail","7":"category-musica","8":"tag-bailando","9":"tag-cancion","10":"tag-entertainment","11":"tag-entretenimiento","12":"tag-es","13":"tag-espana","14":"tag-gogh","15":"tag-music","16":"tag-musica","17":"tag-nuevo","18":"tag-oreja","19":"tag-presenta","20":"tag-single","21":"tag-spain","22":"tag-uvas","23":"tag-van"},"share_on_mastodon":{"url":"https:\/\/pubeurope.com\/@es\/115817074136491518","error":""},"_links":{"self":[{"href":"https:\/\/www.europesays.com\/es\/wp-json\/wp\/v2\/posts\/316502","targetHints":{"allow":["GET"]}}],"collection":[{"href":"https:\/\/www.europesays.com\/es\/wp-json\/wp\/v2\/posts"}],"about":[{"href":"https:\/\/www.europesays.com\/es\/wp-json\/wp\/v2\/types\/post"}],"author":[{"embeddable":true,"href":"https:\/\/www.europesays.com\/es\/wp-json\/wp\/v2\/users\/2"}],"replies":[{"embeddable":true,"href":"https:\/\/www.europesays.com\/es\/wp-json\/wp\/v2\/comments?post=316502"}],"version-history":[{"count":0,"href":"https:\/\/www.europesays.com\/es\/wp-json\/wp\/v2\/posts\/316502\/revisions"}],"wp:featuredmedia":[{"embeddable":true,"href":"https:\/\/www.europesays.com\/es\/wp-json\/wp\/v2\/media\/316503"}],"wp:attachment":[{"href":"https:\/\/www.europesays.com\/es\/wp-json\/wp\/v2\/media?parent=316502"}],"wp:term":[{"taxonomy":"category","embeddable":true,"href":"https:\/\/www.europesays.com\/es\/wp-json\/wp\/v2\/categories?post=316502"},{"taxonomy":"post_tag","embeddable":true,"href":"https:\/\/www.europesays.com\/es\/wp-json\/wp\/v2\/tags?post=316502"}],"curies":[{"name":"wp","href":"https:\/\/api.w.org\/{rel}","templated":true}]}}