{"id":31651,"date":"2025-08-07T13:27:11","date_gmt":"2025-08-07T13:27:11","guid":{"rendered":"https:\/\/www.europesays.com\/es\/31651\/"},"modified":"2025-08-07T13:27:11","modified_gmt":"2025-08-07T13:27:11","slug":"mi-padre-fue-preso-y-me-quede-solo-en-europa","status":"publish","type":"post","link":"https:\/\/www.europesays.com\/es\/31651\/","title":{"rendered":"Mi padre fue preso y me qued\u00e9 solo en Europa"},"content":{"rendered":"<p class=\"paragraph\">Una noche m\u00e1s, &#8216;First dates&#8217;, ha regalado interesantes historias de solteros en Telecinco. De todos los participantes en la edici\u00f3n de este mi\u00e9rcoles 6 de agosto sobresali\u00f3<a href=\"https:\/\/www.heraldo.es\/noticias\/ocio-y-cultura\/2025\/08\/06\/fan-santiago-abascal-revoluciona-first-dates-arabes-1844874.html\" title=\"Una fan de Santiago Abascal revoluciona &#039;First dates&#039;: &quot;No veo normal que se ense\u00f1e \u00e1rabe en los colegios de Espa\u00f1a&quot;\" rel=\"nofollow noopener\" target=\"_blank\"> uno que conmovi\u00f3 tanto a su pretendienta (que termin\u00f3 llorando de emoci\u00f3n) como a la audiencia.\u00a0<\/a><\/p>\n<p class=\"paragraph\">Se trata de Clifford, un inmigrante de Ghana de 21 a\u00f1os, apasionado de la m\u00fasica y que reside en Manresa (Barcelona). <b>Extrovertido y tremendamente positivo, <\/b>relat\u00f3 un cap\u00edtulo tremendamente duro de su corta existencia.\u00a0<\/p>\n<p class=\"paragraph\">As\u00ed comenz\u00f3 su relato: \u00abYo soy de Ghana, de \u00c1frica. Pero vine aqu\u00ed con mi padre biol\u00f3gico y su mujerzuela de entonces. Tuvimos algunos problemas y fallos t\u00e9cnicos. Mi pap\u00e1 se fue preso, hablando en plata, <b>y la otra nos vaci\u00f3 la cuenta bancaria <\/b>y secuestr\u00f3 a una hermanastra y ya no s\u00e9 ni donde est\u00e1\u00bb.\u00a0<\/p>\n<p class=\"paragraph\">Clifford continu\u00f3 ofreciendo detalles de aquel suceso: \u00abEso pas\u00f3 un domingo y el lunes ten\u00eda que ir a clase. Yo siempre he sido muy participativo. Cuando la profesora de m\u00fasica, que era mi tutora, vio que ese d\u00eda no hablaba ni dec\u00eda nada, me pregunt\u00f3 qu\u00e9 me pasaba. En confianza <b>le coment\u00e9 lo que hab\u00eda pasado en casa y que me hab\u00eda quedado solo en Europa\u00bb.<\/b><\/p>\n<p class=\"paragraph\">Afortunadamente, la historia tuvo un final feliz: \u00abAl cabo de dos d\u00edas vino el director del cole y me pregunt\u00f3 si prefer\u00eda ir con una familia a un centro de menores. <b>Yo a un centro de menores no iba ni loco. <\/b>Me qued\u00e9 esperando y a la media hora se present\u00f3 la profesora de m\u00fasica con su marido y me llevaron a su casa. Ellos son mis padres y por eso yo soy as\u00ed. Yo no juzgo a nadie porque el mundo es muy dif\u00edcil. Lo que no te mata te hace m\u00e1s fuerte\u00bb.\u00a0<\/p>\n<p class=\"paragraph\">Mariana, de 20 a\u00f1os y cantante y empresaria en La Coru\u00f1a, asisti\u00f3 conmovida a este relato. Y no pudo reprimir las l\u00e1grimas. \u00abEstoy a punto de llorar.<b> Es jodido. No quer\u00eda llorar pero es muy triste\u00bb, <\/b>confes\u00f3.<\/p>\n<p class=\"paragraph\">Al margen de este cap\u00edtulo, la conexi\u00f3n entre Clifford y Mariana fue total ya que les un\u00edan muchas aficiones (sobre todo la m\u00fasica) y, finalmente, <b>decidieron seguir conoci\u00e9ndose<\/b> y comprobar si el amor prende entre ellos.\u00a0<\/p>\n","protected":false},"excerpt":{"rendered":"Una noche m\u00e1s, &#8216;First dates&#8217;, ha regalado interesantes historias de solteros en Telecinco. De todos los participantes en&hellip;\n","protected":false},"author":2,"featured_media":31652,"comment_status":"","ping_status":"","sticky":false,"template":"","format":"standard","meta":{"footnotes":""},"categories":[171],"tags":[146,147,25,24,2759,16550,16549,23,214],"class_list":{"0":"post-31651","1":"post","2":"type-post","3":"status-publish","4":"format-standard","5":"has-post-thumbnail","7":"category-tv","8":"tag-entertainment","9":"tag-entretenimiento","10":"tag-es","11":"tag-espana","12":"tag-first-dates","13":"tag-ghana","14":"tag-inmigrante","15":"tag-spain","16":"tag-tv"},"share_on_mastodon":{"url":"","error":""},"_links":{"self":[{"href":"https:\/\/www.europesays.com\/es\/wp-json\/wp\/v2\/posts\/31651","targetHints":{"allow":["GET"]}}],"collection":[{"href":"https:\/\/www.europesays.com\/es\/wp-json\/wp\/v2\/posts"}],"about":[{"href":"https:\/\/www.europesays.com\/es\/wp-json\/wp\/v2\/types\/post"}],"author":[{"embeddable":true,"href":"https:\/\/www.europesays.com\/es\/wp-json\/wp\/v2\/users\/2"}],"replies":[{"embeddable":true,"href":"https:\/\/www.europesays.com\/es\/wp-json\/wp\/v2\/comments?post=31651"}],"version-history":[{"count":0,"href":"https:\/\/www.europesays.com\/es\/wp-json\/wp\/v2\/posts\/31651\/revisions"}],"wp:featuredmedia":[{"embeddable":true,"href":"https:\/\/www.europesays.com\/es\/wp-json\/wp\/v2\/media\/31652"}],"wp:attachment":[{"href":"https:\/\/www.europesays.com\/es\/wp-json\/wp\/v2\/media?parent=31651"}],"wp:term":[{"taxonomy":"category","embeddable":true,"href":"https:\/\/www.europesays.com\/es\/wp-json\/wp\/v2\/categories?post=31651"},{"taxonomy":"post_tag","embeddable":true,"href":"https:\/\/www.europesays.com\/es\/wp-json\/wp\/v2\/tags?post=31651"}],"curies":[{"name":"wp","href":"https:\/\/api.w.org\/{rel}","templated":true}]}}