{"id":316514,"date":"2026-01-01T00:49:19","date_gmt":"2026-01-01T00:49:19","guid":{"rendered":"https:\/\/www.europesays.com\/es\/316514\/"},"modified":"2026-01-01T00:49:19","modified_gmt":"2026-01-01T00:49:19","slug":"record-de-empleo-y-cierres-iconicos","status":"publish","type":"post","link":"https:\/\/www.europesays.com\/es\/316514\/","title":{"rendered":"r\u00e9cord de empleo y cierres ic\u00f3nicos"},"content":{"rendered":"<p>\n        <strong>El mercado laboral navarro<\/strong> ha dejado <a href=\"https:\/\/www.noticiasdenavarra.com\/economia\/2025\/12\/18\/economia-seguira-creciendo-navarra-rozara-10490370.html\" title=\"un a\u00f1o de contrastes\" class=\"link copy\" rel=\"nofollow noopener\" target=\"_blank\">un a\u00f1o de contrastes<\/a>. Por un lado, el <a href=\"https:\/\/www.noticiasdenavarra.com\/tags\/economia\/\" title=\"r\u00e9cord\" rel=\"nofollow noopener\" target=\"_blank\" class=\"link copy\">r\u00e9cord<\/a> de personas trabajando en Navarra, con casi 318.000 cotizantes a la Seguridad Social \u2013dato de noviembre\u2013, en una econom\u00eda que crece a un ritmo del 2,1% \u2013siete d\u00e9cimas menos que el PIB nacional por la disminuci\u00f3n de las exportaciones\u2013.\u00a0\n<\/p>\n<p class=\"article-body__text \">\n        Y por otro lado, <strong>el cierre de empresas ic\u00f3nicas<\/strong> en Navarra por su trayectoria, n\u00famero de trabajadores y ubicaci\u00f3n estrat\u00e9gica en el territorio para su vertebraci\u00f3n. La multinacional germana BSH tiene el r\u00e9cord de negociar el mayor ERE de la historia en la Comunidad Foral, al despedir a 609 trabajadores y trabajadoras de su factor\u00eda de electrodom\u00e9sticos de frigor\u00edficos y lavavajillas compactos de Esqu\u00edroz. Entre los da\u00f1os colaterales \u2013uno de muchos\u2013, la extinci\u00f3n de contratos de casi una veintena de personas de ISS Facility Services, empresa externa que realizaba la limpieza en estas instalaciones.\n<\/p>\n<p>  Sunsundegui<\/p>\n<p class=\"article-body__text \">\n        La emblem\u00e1tica carrocera de Alsasua, Sunsundegui, cerr\u00f3 tras ocho d\u00e9cadas de historia en Sakana, <strong>con la destrucci\u00f3n de 340 puestos de trabajo<\/strong>. Finalmente, el posible inversor interesado en la planta, el grupo belga <strong>Dumarey<\/strong>, anunci\u00f3 su retirada de un proyecto, con muchas deudas acumuladas durante estos a\u00f1os \u2013m\u00e1s de 50 millones de euros\u2013.\n<\/p>\n<p class=\"article-body__text \">\n        <strong>Nano Automotive<\/strong>, especializada en la producci\u00f3n de aros de rodamiento para la industria automotriz, decidi\u00f3 clausurar las instalaciones de Tudela, con una plantilla de 120 empleados y empleadas.\u00a0\n<\/p>\n<p>  Tambi\u00e9n Saint-Gobain<\/p>\n<p class=\"article-body__text \">\n        Saint-Gobain ha dejado de fabricar en su centro de Berrioplano productos abrasivos para el acabado de superficies tras aplicar un expediente por el que pon\u00eda en la calle a <strong>42 asalariados<\/strong> y asalariadas. Quiso suprimir el centro de producci\u00f3n, pero mantener el \u00e1rea comercial.\u00a0\n<\/p>\n<p class=\"article-body__text \">\n        Solo entre los cuatro expedientes de regulaci\u00f3n de empleo, m\u00e1s de <strong>1.100 empleos desaparecidos<\/strong>, ya que son empresas con mucha mano de obra, cuyos cierres han coincidido en el tiempo por motivos distintos.\n<\/p>\n<p>            <a href=\"https:\/\/www.noticiasdenavarra.com\/economia\/2025\/12\/21\/cinfa-volkswagen-florette-salarios-pagan-industria-10497659.html\" title=\"De Cinfa y Volkswagen a Florette: los salarios que pagan las grandes empresas en Navarra\" class=\"new__media\" rel=\"nofollow noopener\" target=\"_blank\"><\/p>\n<p>                <img alt=\"De Cinfa y Volkswagen a Florette: los salarios que pagan las grandes empresas en Navarra\" data-src=\"https:\/\/www.europesays.com\/es\/wp-content\/uploads\/2026\/01\/348e2f6c-9dd2-4fa0-a327-1b55b5224489_16-9-aspect-ratio_default_0.jpg\" class=\"lozad\"\/><\/p>\n<p>        <\/a><\/p>\n<p>        <a href=\"https:\/\/www.noticiasdenavarra.com\/economia\/2025\/12\/21\/cinfa-volkswagen-florette-salarios-pagan-industria-10497659.html\" title=\"De Cinfa y Volkswagen a Florette: los salarios que pagan las grandes empresas en Navarra\" class=\"new__headline\" rel=\"nofollow noopener\" target=\"_blank\"><br \/>\n            De Cinfa y Volkswagen a Florette: los salarios que pagan las grandes empresas en Navarra<br \/>\n        <\/a><\/p>\n<p>  Por el futuro<\/p>\n<p class=\"article-body__text \">\n        Sin embargo, el Gobierno de Navarra, asociaciones empresariales y los propios trabajadores y trabajadoras han colaborado para luchar por un futuro laboral, basado en un nuevo proyecto industrial en cada una de las<strong> zonas geogr\u00e1ficas mencionadas.<\/strong>\n<\/p>\n<p class=\"article-body__text \">\n        <strong>El Ejecutivo foral y Sodena<\/strong> mantienen activados los contactos con posibles inversores en las instalaciones de BSH Esqu\u00edroz, y por ello exrepresentantes sindicales del comit\u00e9 van a seguir pendientes de la<strong> reindustrializaci\u00f3n.<\/strong> Aunque estos procesos hasta que cuajan se alargan en el tiempo.\u00a0\n<\/p>\n<p>  Sakana<\/p>\n<p class=\"article-body__text \">\n        Los departamentos de Industria y de Empleo han impulsado un informe sobre el Diagn\u00f3stico del ecosistema industrial de Sakana para incentivar la atracci\u00f3n de empresas, con la consiguiente generaci\u00f3n de empleo. Y tras el cierre de Nano, <strong>la Asociaci\u00f3n Empresa Ribera <\/strong>se involucr\u00f3 para ofrecer ofertas de empleo para las personas despedidas. A pesar de que la Comunidad Foral se encuentra en cifras r\u00e9cord de afiliaci\u00f3n, la desaparici\u00f3n de estas empresas hist\u00f3ricas han marcado este a\u00f1o.\n<\/p>\n<p>            <a href=\"https:\/\/www.noticiasdenavarra.com\/economia\/2025\/12\/30\/navarros-disponen-dinero-depositos-mas-que-nunca-10523183.html\" title=\"Navarra llega al r\u00e9cord de 23.388 millones en dep\u00f3sitos en un tercer trimestre\" class=\"new__media\" rel=\"nofollow noopener\" target=\"_blank\"><\/p>\n<p>                <img alt=\"Navarra llega al r\u00e9cord de 23.388 millones en dep\u00f3sitos en un tercer trimestre\" data-src=\"https:\/\/www.europesays.com\/es\/wp-content\/uploads\/2026\/01\/92b4ff4d-d0e6-4d03-9322-87f6d2f6d683_16-9-aspect-ratio_default_0.jpg\" class=\"lozad\"\/><\/p>\n<p>        <\/a><\/p>\n<p>        <a href=\"https:\/\/www.noticiasdenavarra.com\/economia\/2025\/12\/30\/navarros-disponen-dinero-depositos-mas-que-nunca-10523183.html\" title=\"Navarra llega al r\u00e9cord de 23.388 millones en dep\u00f3sitos en un tercer trimestre\" class=\"new__headline\" rel=\"nofollow noopener\" target=\"_blank\"><br \/>\n            Navarra llega al r\u00e9cord de 23.388 millones en dep\u00f3sitos en un tercer trimestre<br \/>\n        <\/a><\/p>\n<p>  Seguir trabajando&#8230;<\/p>\n<p class=\"article-body__text \">\n        Pero, 2025 tambi\u00e9n deja el inicio de hitos que seguir\u00e1n desarroll\u00e1ndose el pr\u00f3ximo ejercicio, como el lanzamiento de los dos el\u00e9ctricos en <strong>VW Navarra<\/strong>; la expansi\u00f3n del hidr\u00f3geno verde como alternativa renovable; la respuesta del<strong> Ministerio a las alegaciones de Navarra<\/strong> que exige incrementar la capacidad el\u00e9ctrica de las subestaciones para acoger centros de datos; las reclamaciones del sector primario para que <strong>la UE no recorte presupuesto de la PAC<\/strong> y respete el trabajo de sus agricultores y ganaderos; insistir en el desarrollo de otros sectores clave para la Comunidad, como construcci\u00f3n industrializada, aeroespacial, electr\u00f3nica o biolog\u00eda sint\u00e9tica; las plantas de biometano&#8230; <strong>Adi\u00f3s 2025, adelante 2026: \u00a1a la tarea!<\/strong><\/p>\n","protected":false},"excerpt":{"rendered":"El mercado laboral navarro ha dejado un a\u00f1o de contrastes. Por un lado, el r\u00e9cord de personas trabajando&hellip;\n","protected":false},"author":2,"featured_media":316515,"comment_status":"","ping_status":"","sticky":false,"template":"","format":"standard","meta":{"footnotes":""},"categories":[80],"tags":[45,82,95,8333,94,5509,25,24,708,4722,11967,23,73992],"class_list":{"0":"post-316514","1":"post","2":"type-post","3":"status-publish","4":"format-standard","5":"has-post-thumbnail","7":"category-economia","8":"tag-45","9":"tag-business","10":"tag-economia","11":"tag-economico","12":"tag-economy","13":"tag-empleo","14":"tag-es","15":"tag-espana","16":"tag-navarra","17":"tag-record","18":"tag-resumen","19":"tag-spain","20":"tag-y-cierre-de-empresas"},"share_on_mastodon":{"url":"https:\/\/pubeurope.com\/@es\/115817097904499334","error":""},"_links":{"self":[{"href":"https:\/\/www.europesays.com\/es\/wp-json\/wp\/v2\/posts\/316514","targetHints":{"allow":["GET"]}}],"collection":[{"href":"https:\/\/www.europesays.com\/es\/wp-json\/wp\/v2\/posts"}],"about":[{"href":"https:\/\/www.europesays.com\/es\/wp-json\/wp\/v2\/types\/post"}],"author":[{"embeddable":true,"href":"https:\/\/www.europesays.com\/es\/wp-json\/wp\/v2\/users\/2"}],"replies":[{"embeddable":true,"href":"https:\/\/www.europesays.com\/es\/wp-json\/wp\/v2\/comments?post=316514"}],"version-history":[{"count":0,"href":"https:\/\/www.europesays.com\/es\/wp-json\/wp\/v2\/posts\/316514\/revisions"}],"wp:featuredmedia":[{"embeddable":true,"href":"https:\/\/www.europesays.com\/es\/wp-json\/wp\/v2\/media\/316515"}],"wp:attachment":[{"href":"https:\/\/www.europesays.com\/es\/wp-json\/wp\/v2\/media?parent=316514"}],"wp:term":[{"taxonomy":"category","embeddable":true,"href":"https:\/\/www.europesays.com\/es\/wp-json\/wp\/v2\/categories?post=316514"},{"taxonomy":"post_tag","embeddable":true,"href":"https:\/\/www.europesays.com\/es\/wp-json\/wp\/v2\/tags?post=316514"}],"curies":[{"name":"wp","href":"https:\/\/api.w.org\/{rel}","templated":true}]}}