{"id":316527,"date":"2026-01-01T01:02:07","date_gmt":"2026-01-01T01:02:07","guid":{"rendered":"https:\/\/www.europesays.com\/es\/316527\/"},"modified":"2026-01-01T01:02:07","modified_gmt":"2026-01-01T01:02:07","slug":"asi-suena-el-primer-single-de-la-oreja-de-van-gogh-tras-el-regreso-de-amaia-montero","status":"publish","type":"post","link":"https:\/\/www.europesays.com\/es\/316527\/","title":{"rendered":"As\u00ed suena el primer single de &#8216;La Oreja de Van Gogh&#8217; tras el regreso de Amaia Montero"},"content":{"rendered":"<p>Y lleg\u00f3 el momento m\u00e1s esperado por los fans de La Oreja de Van Gogh. Poco antes de que acabase el a\u00f1o, por fin se  &#8230; materializa el anhelado <a href=\"https:\/\/www.elcorreo.com\/gente-estilo\/fecha-estreno-primer-single-oreja-van-gogh-20251222114321-nt.html\" target=\"_blank\" title=\"Ya hay fecha para el estreno del primer single de &#039;La Oreja de Van Gogh&#039; con la voz de Amaia Montero\" data-voc-vtm-id=\"in-text-traffic\" data-mrf-link=\"www.elcorreo.com\" rel=\"nofollow noopener\">regreso de Amaia Montero<\/a> al grupo con el estreno del nuevo single de la banda donostiarra. Un tema que ha salido a la luz, tal y como anunci\u00f3 RTVE hace unos d\u00edas,durante el programa especial con el que la cadena p\u00fablica ha celebrado sus 70 cumplea\u00f1os y que ha contado con lo m\u00e1s granado del panorama musical. <\/p>\n<p class=\"v-p\">Sin embargo, la atenci\u00f3n de los fans de &#8216;La Oreja&#8217; estaba centrada en el estreno de &#8216;Todos estamos bailando la misma canci\u00f3n&#8217;, un tema muy al estilo del grupo. Y ah\u00ed estaban los donostiarras. Primero ellos, los chicos, luego ella, la anhelada cantante que apreci\u00f3 envuelta en una especie de abrigo edred\u00f3n de un blanco impoluto, dise\u00f1o de Isabel Zapardiez. El v\u00eddeo, en el que ha participado un equipo de m\u00e1s de cien personas, se grab\u00f3 hace unas semanas en San Sebasti\u00e1n. <\/p>\n<p class=\"v-p\">La letra de la nueva canci\u00f3n hace referencias constantes a lo espiritual y plantea una fe real pero muy personal \u00abyo creo en Dios, a mi manera\u00bb. En ella se mezclan la futilidad del tiempo, la magia que supone el hecho de estar vivos y esa sensaci\u00f3n de que en el fondo \u00abtodos estamos bailando la misma canci\u00f3n\u00bb. Un tema &#8216;happy&#8217;con aspiraciones trascendentes que continua con el estilo que siempre ha tenido el grupo. <\/p>\n<p class=\"v-p\">El v\u00eddeo concluye con el grupo disfrutado de los fuegos artificiales desde un balc\u00f3n sobre La Concha y un mesaje que resume lo que para ellos supone volver a reunirse. \u00abLlegar al mundo entero con nuestras canciones y haciendo lo que nos gusta es un aut\u00e9ntico privilegio\u00bb. Para ellos, fue \u00abla primera noche de una etapa nueva\u00bb.<\/p>\n<p class=\"v-p\">Xabi (piano), \u00c1lvaro (guitarra), Haritz (bater\u00eda) y Amaia arrancan as\u00ed una nueva etapa, en la que, eso s\u00ed, no estar\u00e1 Pablo Benegas. Es la primera vez desde 2007 que Montero, tras decidir dejar el grupo para iniciar su carrera en solitario, vuelve a cantar con los integrantes originales. La Oreja de Van Gogh, que se ha convertido en la banda sonora de varias generaciones y en uno de los grupos m\u00e1s medi\u00e1ticos en el panorama pop nacional, ha vivido un \u00faltimo a\u00f1o y medio de lo m\u00e1s convulso. En octubre de 2024 el grupo anunci\u00f3 la salida de Leire Mart\u00ednez, la irundarra que sustituy\u00f3 a la vocalista donostiarra y que hab\u00eda ayudado a mantener el grupo sobre los escenarios durante 17 a\u00f1os. Una despedica que se liquid\u00f3 con un escueto comunicado que dej\u00f3 a muchos con un regusto amargo. M\u00e1s si se tiene en cuenta que aquella noticia coincidi\u00f3 con el apote\u00f3sico regreso de Amaia a los escenarios en su famosa actuaci\u00f3n junto a Karol G en el Bernabe\u00fa. Hubo pol\u00e9mica para rato.<\/p>\n<p class=\"v-p\"> Justo un a\u00f1o despu\u00e9s, el grupo confirm\u00f3 lo que muchos esperaban y otros muchos sab\u00edan que antes o despu\u00e9s ocurrir\u00eda: la vuelta definitiva de Amaia Montero y <a href=\"https:\/\/www.elcorreo.com\/culturas\/musica\/nueva-oreja-van-gogh-amaia-montero-debutara-20251017120357-nt.html\" target=\"_blank\" title=\"La &#039;nueva&#039; Oreja de Van Gogh con Amaia Montero arrancar\u00e1 su gira el 9 de mayo en el BEC\" data-voc-vtm-id=\"in-text-traffic\" data-mrf-link=\"www.elcorreo.com\" rel=\"nofollow noopener\">la consiguiente gira, que arrancar\u00e1 el 9 de mayo en Bilbao<\/a> bajo el t\u00edtulo de &#8216;Tantas cosas que contar&#8217;. El espect\u00e1culo celebra m\u00e1s de tres d\u00e9cadas de trayectoria musical de la banda y homenajea a su trabajo m\u00e1s emblem\u00e1ticos, &#8216;El viaje de Copperpot&#8217;, publicado hace 25 a\u00f1os. Y no ser\u00e1 una celebraci\u00f3n corta porque la gira espa\u00f1ola suma 35 conciertos con 400.000 entradas a la venta. A estas alturas, ya se han vendido 380.000. Ser\u00e1 solo el inicio, porque en 2027 el grupo dar\u00e1 el salto al otro lado del Atl\u00e1ntico y en 2028 el plan es girar por Asia y Europa.<\/p>\n<p>El periplo de La Oreja de Van Gogh<\/p>\n<p class=\"v-p\">El lanzamiento al mercado del primer disco del grupo donostiarra fue un pelotazo. &#8216;Dile al sol&#8217; sali\u00f3 a la venta el 18 de mayo de 1998 y arras\u00f3 con casi un mill\u00f3n de copias vendidas en todo el mundo. Tras 11 a\u00f1os de \u00e9xitos, el 19 de noviembre de 2007, Amaia anunci\u00f3 su marcha de La Oreja de Van Gogh y el comienzo de una nueva andadura profesional.<\/p>\n<p class=\"v-p\">No sali\u00f3 como esperaba. Comenz\u00f3 en lo m\u00e1s alto de las listas musicales, pero su \u00e9xito se fue diluyendo con el tiempo. Adem\u00e1s, en estos primeros a\u00f1os como solista, la artista sufri\u00f3 uno de los mayores mazazos de su vida: en 2009, perdi\u00f3 a su padre. Fue un varapalo que la afect\u00f3 durante mucho tiempo y una de las principales razones que originaron sus problemas de salud mental. La artista guipuzcoana tuvo que alejarse de los escenarios debido a una fuerte depresi\u00f3n.<\/p>\n<p class=\"v-p\">En octubre de 2022, publicaba un inquietante mensaje en su perfil de Instagram junto a una fotograf\u00eda, en la que aparec\u00eda visiblemente desmejorada. La cantante preocup\u00f3 a sus seguidores y caus\u00f3 un gran revuelo en el panorama musical. Poco despu\u00e9s borr\u00f3 aquel post e ingres\u00f3 en la Cl\u00ednica de Navarra para recibir tratamiento.<\/p>\n<p class=\"v-p\"><a href=\"https:\/\/www.elcorreo.com\/culturas\/musica\/leire-martinez-anuncia-fecha-lanzamiento-titulo-primer-20251208203158-nt.html\" target=\"_blank\" title=\"Leire Mart\u00ednez anuncia la fecha de lanzamiento y el t\u00edtulo de su primer \u00e1lbum en solitario\" data-voc-vtm-id=\"in-text-traffic\" data-mrf-link=\"www.elcorreo.com\" rel=\"nofollow noopener\">Leire Mart\u00ednez<\/a>, por su parte, ha emprendido una carrera en solitario y lanzar\u00e1 su primer \u00e1lbum el 20 de febrero de 2026. &#8216;Historias de aquella ni\u00f1a&#8217; estar\u00e1 compuesto por 11 temas en los que ha colaborado con artistas como Edurne o Andr\u00e9s Su\u00e1rez. \u00abMi primer \u00e1lbum en solitario. Para mi era impensable no hace tanto y con tanta trascendencia en lo personal. Despu\u00e9s de un a\u00f1o de mucho trabajo, poni\u00e9ndome a prueba a diario, ya llega el momento de &#8216;abandonar&#8217; las canciones para que las hag\u00e1is vuestras\u00bb, anunci\u00f3. \u00abS\u00e9 que las tratar\u00e9is con cari\u00f1o y me hace much\u00edsimas ilusi\u00f3n! Estoy deseando que llegue el momento\u00bb, a\u00f1adi\u00f3 la irundarra, que hace hoy un a\u00f1o daba las <a href=\"https:\/\/www.elcorreo.com\/bizkaiadmoda\/moda\/leire-martinez-estrella-rock-africa-baeta-diva-hollywood-campanads-etb2-20241231125801-nt.html\" title=\"www.elcorreo.com\" data-voc-vtm-id=\"in-text-traffic\" data-mrf-link=\"www.elcorreo.com\" rel=\"nofollow noopener\" target=\"_blank\">Campanadas en EITB<\/a>, junto a \u00c1frica Baeta. <\/p>\n","protected":false},"excerpt":{"rendered":"Y lleg\u00f3 el momento m\u00e1s esperado por los fans de La Oreja de Van Gogh. Poco antes de&hellip;\n","protected":false},"author":2,"featured_media":316528,"comment_status":"","ping_status":"","sticky":false,"template":"","format":"standard","meta":{"footnotes":""},"categories":[174],"tags":[19674,255,146,147,25,24,256,13964,2466,4801,977,19655,23,5038,6174],"class_list":{"0":"post-316527","1":"post","2":"type-post","3":"status-publish","4":"format-standard","5":"has-post-thumbnail","7":"category-famosos","8":"tag-amaia","9":"tag-celebrities","10":"tag-entertainment","11":"tag-entretenimiento","12":"tag-es","13":"tag-espana","14":"tag-famosos","15":"tag-gogh","16":"tag-montero","17":"tag-oreja","18":"tag-primer","19":"tag-single","20":"tag-spain","21":"tag-suena","22":"tag-van"},"share_on_mastodon":{"url":"https:\/\/pubeurope.com\/@es\/115817148756713981","error":""},"_links":{"self":[{"href":"https:\/\/www.europesays.com\/es\/wp-json\/wp\/v2\/posts\/316527","targetHints":{"allow":["GET"]}}],"collection":[{"href":"https:\/\/www.europesays.com\/es\/wp-json\/wp\/v2\/posts"}],"about":[{"href":"https:\/\/www.europesays.com\/es\/wp-json\/wp\/v2\/types\/post"}],"author":[{"embeddable":true,"href":"https:\/\/www.europesays.com\/es\/wp-json\/wp\/v2\/users\/2"}],"replies":[{"embeddable":true,"href":"https:\/\/www.europesays.com\/es\/wp-json\/wp\/v2\/comments?post=316527"}],"version-history":[{"count":0,"href":"https:\/\/www.europesays.com\/es\/wp-json\/wp\/v2\/posts\/316527\/revisions"}],"wp:featuredmedia":[{"embeddable":true,"href":"https:\/\/www.europesays.com\/es\/wp-json\/wp\/v2\/media\/316528"}],"wp:attachment":[{"href":"https:\/\/www.europesays.com\/es\/wp-json\/wp\/v2\/media?parent=316527"}],"wp:term":[{"taxonomy":"category","embeddable":true,"href":"https:\/\/www.europesays.com\/es\/wp-json\/wp\/v2\/categories?post=316527"},{"taxonomy":"post_tag","embeddable":true,"href":"https:\/\/www.europesays.com\/es\/wp-json\/wp\/v2\/tags?post=316527"}],"curies":[{"name":"wp","href":"https:\/\/api.w.org\/{rel}","templated":true}]}}