{"id":316531,"date":"2026-01-01T01:06:21","date_gmt":"2026-01-01T01:06:21","guid":{"rendered":"https:\/\/www.europesays.com\/es\/316531\/"},"modified":"2026-01-01T01:06:21","modified_gmt":"2026-01-01T01:06:21","slug":"bilbao-despide-el-ano-por-todo-lo-alto-con-las-campanadas-de-radio-nervion-y-telebilbao","status":"publish","type":"post","link":"https:\/\/www.europesays.com\/es\/316531\/","title":{"rendered":"Bilbao despide el a\u00f1o por todo lo alto con las Campanadas de Radio Nervi\u00f3n y Telebilbao"},"content":{"rendered":"<p>Hoy les invitamos a despedir el a\u00f1o con las Campanadas m\u00e1s nuestras, con la gente de aqu\u00ed y recordando una noche incre\u00edble para esta casa.<\/p>\n<p>La <strong>P\u00e9rgola del Parque de Do\u00f1a Casilda<\/strong> se convirti\u00f3 en el epicentro de la fiesta con las <a href=\"https:\/\/www.radionervion.com\/?s=precampanadas\" rel=\"nofollow noopener\" target=\"_blank\"><strong>Precampanadas 2026 de Radio Nervi\u00f3n y Telebilbao<\/strong><\/a>, una cita que volvi\u00f3\u00a0 a demostrar su tir\u00f3n popular con un \u00e9xito rotundo de p\u00fablico y ambiente. A pesar de la incesante lluvia la gente disfrut\u00f3 de una velada marcada por la m\u00fasica en directo, el humor, la emoci\u00f3n y la solidaridad.<\/p>\n<p>La celebraci\u00f3n arranc\u00f3 con el ritmo del <strong>DJ y locutor Dani<\/strong>, que calent\u00f3 motores y anim\u00f3 a un p\u00fablico entregado desde el primer momento. A partir de ah\u00ed, el escenario fue encadenando actuaciones en un ambiente cada vez m\u00e1s festivo, con la conducci\u00f3n de <a href=\"https:\/\/www.radionervion.com\/?s=joseba%20solozabal\" rel=\"nofollow noopener\" target=\"_blank\"><strong>Joseba Solozabal<\/strong><\/a>, que fue dando paso a los distintos momentos de la noche.<\/p>\n<p>La m\u00fasica tradicional y moderna lleg\u00f3 de la mano de <strong>Xabi Aburruzaga<\/strong>,\u00a0 acompa\u00f1ado a la percusi\u00f3n por <strong>I\u00f1igo Olaz\u00e1bal<\/strong> , y que emocion\u00f3 al p\u00fablico con Afreekandango y Beroa Amesgai, dos temas muy aplaudidos. Despu\u00e9s, La Otxoa desat\u00f3 la diversi\u00f3n con su inconfundible Otxoa Dance, uno de los momentos m\u00e1s celebrados de la velada.<\/p>\n<p>La noche tambi\u00e9n dej\u00f3 espacio para la elegancia y la emoci\u00f3n con el <strong>Brindis de La Traviata<\/strong>, interpretado por la soprano Leyre Mesa y el tenor Martin Barcelona, que logr\u00f3 un respetuoso silencio y una gran ovaci\u00f3n al finalizar.<\/p>\n<p>Un gesto solidario en plena fiesta<\/p>\n<p>    Publicidad<\/p>\n<p>Uno de los instantes m\u00e1s emotivos lleg\u00f3 con la entrega del donativo a ASPANOVAS, fruto de lo recaudado con la <strong>loter\u00eda de Navidad<\/strong> de Radio Nervi\u00f3n. Ainhoa Fern\u00e1ndez, coordinadora de la asociaci\u00f3n, recogi\u00f3 el cheque en nombre de la entidad, en un acto cargado de aplausos y reconocimiento por parte del p\u00fablico.<\/p>\n<p><img loading=\"lazy\" decoding=\"async\" class=\"size-medium wp-image-131147 aligncenter\" src=\"https:\/\/www.europesays.com\/es\/wp-content\/uploads\/2026\/01\/IMG-20251219-WA0071-300x207.jpg\" alt=\"\" width=\"300\" height=\"207\"  \/><\/p>\n<p>Tras el momento solidario, la fiesta volvi\u00f3 a subir de intensidad con <strong>Ra\u00fal<\/strong>, que puso a bailar a la p\u00e9rgola con el tema Baila y un animado remix que prepar\u00f3 el terreno para el gran final.<\/p>\n<p>Finalmente, las campanadas pusieron el broche de oro a una noche inolvidable, celebrada con uvas, risas y deseos compartidos. En esta ocasi\u00f3n Joseba decidi\u00f3 dedicar cada campanada a diferentes problemas que afectan a la sociedad vasca seg\u00fan distintas estad\u00edsticas consultadas:<\/p>\n<ol>\n<li>Vivienda<\/li>\n<li>Sanidad<\/li>\n<li>Violencia de g\u00e9nero<\/li>\n<li>Corrupci\u00f3n<\/li>\n<li>Econom\u00eda familiar y trabajo<\/li>\n<li>Delincuencia<\/li>\n<li>Juventud y futuro<\/li>\n<li>Pensiones dignas<\/li>\n<li>Racismo<\/li>\n<li>Libertad<\/li>\n<li>Athletic<\/li>\n<li>Me pido Bilbao (el eslogan de la campa\u00f1a navide\u00f1a de la Villa)<\/li>\n<\/ol>\n<p>Todo lo podr\u00e1n ver esta noche en Telebilbao para despedir juntos el 2025 y dar la bienvenida a un a\u00f1o, esperamos que mejor.<\/p>\n","protected":false},"excerpt":{"rendered":"Hoy les invitamos a despedir el a\u00f1o con las Campanadas m\u00e1s nuestras, con la gente de aqu\u00ed y&hellip;\n","protected":false},"author":2,"featured_media":316532,"comment_status":"","ping_status":"","sticky":false,"template":"","format":"standard","meta":{"footnotes":""},"categories":[170],"tags":[2601,146,147,25,24,184,185,69654,30326,23,69655],"class_list":{"0":"post-316531","1":"post","2":"type-post","3":"status-publish","4":"format-standard","5":"has-post-thumbnail","7":"category-musica","8":"tag-bilbao","9":"tag-entertainment","10":"tag-entretenimiento","11":"tag-es","12":"tag-espana","13":"tag-music","14":"tag-musica","15":"tag-precampanadas","16":"tag-radio-nervion","17":"tag-spain","18":"tag-telebilbao"},"share_on_mastodon":{"url":"https:\/\/pubeurope.com\/@es\/115817164547490320","error":""},"_links":{"self":[{"href":"https:\/\/www.europesays.com\/es\/wp-json\/wp\/v2\/posts\/316531","targetHints":{"allow":["GET"]}}],"collection":[{"href":"https:\/\/www.europesays.com\/es\/wp-json\/wp\/v2\/posts"}],"about":[{"href":"https:\/\/www.europesays.com\/es\/wp-json\/wp\/v2\/types\/post"}],"author":[{"embeddable":true,"href":"https:\/\/www.europesays.com\/es\/wp-json\/wp\/v2\/users\/2"}],"replies":[{"embeddable":true,"href":"https:\/\/www.europesays.com\/es\/wp-json\/wp\/v2\/comments?post=316531"}],"version-history":[{"count":0,"href":"https:\/\/www.europesays.com\/es\/wp-json\/wp\/v2\/posts\/316531\/revisions"}],"wp:featuredmedia":[{"embeddable":true,"href":"https:\/\/www.europesays.com\/es\/wp-json\/wp\/v2\/media\/316532"}],"wp:attachment":[{"href":"https:\/\/www.europesays.com\/es\/wp-json\/wp\/v2\/media?parent=316531"}],"wp:term":[{"taxonomy":"category","embeddable":true,"href":"https:\/\/www.europesays.com\/es\/wp-json\/wp\/v2\/categories?post=316531"},{"taxonomy":"post_tag","embeddable":true,"href":"https:\/\/www.europesays.com\/es\/wp-json\/wp\/v2\/tags?post=316531"}],"curies":[{"name":"wp","href":"https:\/\/api.w.org\/{rel}","templated":true}]}}