{"id":316556,"date":"2026-01-01T01:25:10","date_gmt":"2026-01-01T01:25:10","guid":{"rendered":"https:\/\/www.europesays.com\/es\/316556\/"},"modified":"2026-01-01T01:25:10","modified_gmt":"2026-01-01T01:25:10","slug":"david-beckham-desaira-a-su-hijo-brooklyn-en-su-emotivo-mensaje-de-ano-nuevo","status":"publish","type":"post","link":"https:\/\/www.europesays.com\/es\/316556\/","title":{"rendered":"David Beckham desaira a su hijo Brooklyn en su emotivo mensaje de A\u00f1o Nuevo"},"content":{"rendered":"<p>\n          David Beckham desaira a Brooklyn en su mensaje de A\u00f1o Nuevo<\/p>\n<p><b> <a class=\"Link\" href=\"https:\/\/www.quien.com\/espectaculos\/2025\/12\/25\/la-razon-por-la-que-brooklyn-beckham-bloqueo-a-david-y-victoria-beckham-antes-de-navidad?utm_source=internal&amp;utm_medium=link-recommended\" target=\"_blank\" rel=\"nofollow noopener\">David Beckham<\/a>  <\/b> cerr\u00f3 el 2025 compartiendo un emotivo recuento de los momentos m\u00e1s significativos del a\u00f1o en sus redes sociales; sin embargo, una ausencia no pas\u00f3 desapercibida. En la publicaci\u00f3n previa al A\u00f1o Nuevo, en la que el exfutbolista reuni\u00f3 recuerdos familiares y profesionales, no apareci\u00f3 su hijo mayor, <b>Brooklyn<\/b>, lo que de inmediato reaviv\u00f3 las versiones sobre que la tensi\u00f3n dentro de la familia Beckham contin\u00faa.<\/p>\n<p>             <img loading=\"lazy\" decoding=\"async\" src=\"https:\/\/www.europesays.com\/es\/wp-content\/uploads\/2026\/01\/.webp\" class=\"lazyload\" alt=\"David Beckham\"  width=\"600\" height=\"600\"\/> <\/p>\n<p>              Victoria y David Beckham<br \/>\n              (Instagram)<\/p>\n<p>El empresario de 50 a\u00f1os comparti\u00f3 un carrusel de 20 im\u00e1genes en el que incluy\u00f3 a su esposa, <b>Victoria Beckham<\/b>, y a sus otros tres hijos: <b>Romeo<\/b>, de 23 a\u00f1os; <b>Cruz<\/b>, de 20; y <b>Harper<\/b>, de 14, al tiempo que record\u00f3 algunos de los momentos que asegur\u00f3 \u201cnunca olvidar\u00e1\u201d de este a\u00f1o.<\/p>\n<p>             <img loading=\"lazy\" decoding=\"async\" src=\"https:\/\/www.europesays.com\/es\/wp-content\/uploads\/2026\/01\/1767230709_974_.webp\" class=\"lazyload\" alt=\"Familia Beckham\"  width=\"600\" height=\"600\"\/> <\/p>\n<p>              Familia Beckham<br \/>\n              (Intagram)<\/p>\n<p>La publicaci\u00f3n abri\u00f3 con una imagen de <b>David y Victoria <\/b>sonri\u00e9ndose mutuamente, seguida de una fotograf\u00eda familiar en la que llam\u00f3 la atenci\u00f3n la ausencia de Brooklyn.}<\/p>\n<p>\u00abMe siento muy afortunado de haber tenido el a\u00f1o que he tenido en 2025 lleno de momentos que nunca olvidar\u00e9 desde mis 50 a\u00f1os hasta mi t\u00edtulo de caballero (todav\u00eda me pellizco) y luego terminar ganando la MLS como propietario\u00bb, escribi\u00f3 en la publicaci\u00f3n.<\/p>\n<p>             <img loading=\"lazy\" decoding=\"async\" src=\"https:\/\/www.europesays.com\/es\/wp-content\/uploads\/2026\/01\/1767230710_248_.webp\" class=\"lazyload\" alt=\"David Beckham y Tom Cruise\"  width=\"600\" height=\"600\"\/> <\/p>\n<p>              David Beckham y Tom Cruise<br \/>\n              (Instagram)<\/p>\n<p>\u201cEstoy muy agradecido con mi incre\u00edble esposa, mis maravillosos hijos, mis amigos y el equipo con el que trabajo a diario. Nada habr\u00eda sido posible sin ustedes&#8230; Pero como dir\u00eda Sir Alex Ferguson: \u00ab\u00a1A lo que sigue!\u00bb, continu\u00f3. \u201cGracias por los recuerdos incre\u00edbles que siempre recordar\u00e9 del 2025\u201d. Un mensaje que Victoria no tard\u00f3 en comentar: \u201cEstamos muy orgullosos de ti. Todos te amamos mucho\u201d.<\/p>\n","protected":false},"excerpt":{"rendered":"David Beckham desaira a Brooklyn en su mensaje de A\u00f1o Nuevo David Beckham cerr\u00f3 el 2025 compartiendo un&hellip;\n","protected":false},"author":2,"featured_media":316557,"comment_status":"","ping_status":"","sticky":false,"template":"","format":"standard","meta":{"footnotes":""},"categories":[174],"tags":[3064,255,3062,74000,74001,146,147,25,24,2793,256,23,3063],"class_list":{"0":"post-316556","1":"post","2":"type-post","3":"status-publish","4":"format-standard","5":"has-post-thumbnail","7":"category-famosos","8":"tag-brooklyn-beckham","9":"tag-celebrities","10":"tag-david-beckham","11":"tag-david-beckham-desaira-a-brooklyn","12":"tag-david-beckham-mensaje-de-ano-nuevo","13":"tag-entertainment","14":"tag-entretenimiento","15":"tag-es","16":"tag-espana","17":"tag-espectaculos","18":"tag-famosos","19":"tag-spain","20":"tag-victoria-beckham"},"share_on_mastodon":{"url":"https:\/\/pubeurope.com\/@es\/115817239249798803","error":""},"_links":{"self":[{"href":"https:\/\/www.europesays.com\/es\/wp-json\/wp\/v2\/posts\/316556","targetHints":{"allow":["GET"]}}],"collection":[{"href":"https:\/\/www.europesays.com\/es\/wp-json\/wp\/v2\/posts"}],"about":[{"href":"https:\/\/www.europesays.com\/es\/wp-json\/wp\/v2\/types\/post"}],"author":[{"embeddable":true,"href":"https:\/\/www.europesays.com\/es\/wp-json\/wp\/v2\/users\/2"}],"replies":[{"embeddable":true,"href":"https:\/\/www.europesays.com\/es\/wp-json\/wp\/v2\/comments?post=316556"}],"version-history":[{"count":0,"href":"https:\/\/www.europesays.com\/es\/wp-json\/wp\/v2\/posts\/316556\/revisions"}],"wp:featuredmedia":[{"embeddable":true,"href":"https:\/\/www.europesays.com\/es\/wp-json\/wp\/v2\/media\/316557"}],"wp:attachment":[{"href":"https:\/\/www.europesays.com\/es\/wp-json\/wp\/v2\/media?parent=316556"}],"wp:term":[{"taxonomy":"category","embeddable":true,"href":"https:\/\/www.europesays.com\/es\/wp-json\/wp\/v2\/categories?post=316556"},{"taxonomy":"post_tag","embeddable":true,"href":"https:\/\/www.europesays.com\/es\/wp-json\/wp\/v2\/tags?post=316556"}],"curies":[{"name":"wp","href":"https:\/\/api.w.org\/{rel}","templated":true}]}}