{"id":316572,"date":"2026-01-01T01:35:15","date_gmt":"2026-01-01T01:35:15","guid":{"rendered":"https:\/\/www.europesays.com\/es\/316572\/"},"modified":"2026-01-01T01:35:15","modified_gmt":"2026-01-01T01:35:15","slug":"greymile-invierte-209-millones-en-dos-naves-logisticas-de-frio-en-barcelona-y-valencia","status":"publish","type":"post","link":"https:\/\/www.europesays.com\/es\/316572\/","title":{"rendered":"GreyMile invierte 20,9 millones en dos naves log\u00edsticas de fr\u00edo en Barcelona y Valencia"},"content":{"rendered":"<p>La socimi de activos log\u00edsticos e industriales <a href=\"https:\/\/elmercantil.com\/tag\/greymile\/\" rel=\"nofollow noopener\" target=\"_blank\">GreyMile<\/a> ha adquirido dos naves log\u00edsticas especializadas en el almacenamiento y la distribuci\u00f3n de productos refrigerados situadas en Sant Esteve Sesrovires (Barcelona) y Ribarroja de Turia (Valencia). Fundada por la inmobiliaria\u00a0<a href=\"https:\/\/elmercantil.com\/?s=Grupo+Lar\" rel=\"nofollow noopener\" target=\"_blank\">Grupo Lar<\/a>\u00a0y Azahar Inversiones Capital \u2014sociedad vinculada al empresario Juan Conesa, propietario de\u00a0<a href=\"https:\/\/elmercantil.com\/?s=Primafrio\" rel=\"nofollow noopener\" target=\"_blank\">Primafrio<\/a>\u2014, la firma ha destinado un total de 20,9 millones de euros a esta operaci\u00f3n, que le permite iniciar su cartera con activos vinculados a la log\u00edstica de fr\u00edo.<\/p>\n<blockquote class=\"has-blockquote-image quote-type\"><p><img loading=\"lazy\" decoding=\"async\" width=\"150\" height=\"150\" src=\"https:\/\/www.europesays.com\/es\/wp-content\/uploads\/2026\/01\/Jose-Manuel-Llovet-Barquero-01-e1767106944388-150x150.jpg\" class=\"quote-avatar\" alt=\"\"  \/>\u201cEstas primeras adquisiciones marcan el inicio del portfolio de GreyMile\u201d<br \/><strong>Jos\u00e9 Manuel Llovet<\/strong> Presidente de GreyMile<\/p><\/blockquote>\n<p>Las plataformas cuentan con una superficie conjunta de 13.800 metros cuadrados y se encuentran \u00edntegramente alquiladas a <a href=\"https:\/\/elmercantil.com\/?s=Logifr%C3%ADo\" rel=\"nofollow noopener\" target=\"_blank\">Logifr\u00edo<\/a>, uno de los operadores de referencia en log\u00edstica y transporte especializado en alimentaci\u00f3n a temperatura controlada. En concreto, la nave de Sant Esteve Sesrovires dispone de 9.500 metros cuadrados, mientras que el activo ubicado en Ribarroja de Turia suma 4.300 metros cuadrados. El vendedor de los activos ha sido EuroLog Wolf, filial de la socimi EuroLog Canola, veh\u00edculo gestionado por el grupo alem\u00e1n Patrizia.<\/p>\n<p>Adem\u00e1s, la operaci\u00f3n ha contado con el asesoramiento legal de KPMG para la parte vendedora y el comprador ha recurrido a Ram\u00f3n y Cajal como asesor legal, a la consultora inmobiliaria JLL como asesora comercial y a Arcadis como asesor t\u00e9cnico. Desde GreyMile, su presidente, Jos\u00e9 Manuel Llovet, ha se\u00f1alado que estas primeras adquisiciones marcan \u201cel inicio del portfolio de GreyMile\u201d y reflejan \u201cnuestra estrategia de invertir en activos log\u00edsticos de calidad, en ubicaciones consolidadas y alquiladas a operadores de primer nivel\u201d.<\/p>\n<p>Asimismo, Llovet ha destacado que \u201cla log\u00edstica de fr\u00edo, en especial, es un segmento con fundamentales muy s\u00f3lidos y plenamente alineado con nuestra visi\u00f3n de largo plazo\u201d, en referencia a la actual apuesta de la socimi. Esta inversi\u00f3n se enmarca en el plan de GreyMile de destinar <a href=\"https:\/\/elmercantil.com\/2025\/11\/20\/grupo-lar-y-azahar-invertiran-100-millones-en-activos-logisticos-a-traves-de-su-nueva-socimi\/\" rel=\"nofollow noopener\" target=\"_blank\">hasta 40 millones de euros entre 2025 y 2026<\/a> a operaciones de peque\u00f1o y mediano tama\u00f1o, con el objetivo de constituir una plataforma especializada en activos log\u00edsticos e industriales fuera del radar de los grandes fondos inversores.<\/p>\n","protected":false},"excerpt":{"rendered":"La socimi de activos log\u00edsticos e industriales GreyMile ha adquirido dos naves log\u00edsticas especializadas en el almacenamiento y&hellip;\n","protected":false},"author":2,"featured_media":316573,"comment_status":"","ping_status":"","sticky":false,"template":"","format":"standard","meta":{"footnotes":""},"categories":[80],"tags":[74002,19185,74003,210,82,71801,95,94,25,24,74004,74005,74006,74007,10418,4320,74008,74009,35191,74010,74011,74012,54239,74013,74014,74015,74016,74017,55407,23,74018,235],"class_list":{"0":"post-316572","1":"post","2":"type-post","3":"status-publish","4":"format-standard","5":"has-post-thumbnail","7":"category-economia","8":"tag-activos-inmologisticos","9":"tag-azahar","10":"tag-azahar-global-capital","11":"tag-barcelona","12":"tag-business","13":"tag-diciembre-2025","14":"tag-economia","15":"tag-economy","16":"tag-es","17":"tag-espana","18":"tag-eurolog-canola","19":"tag-eurolog-wolf","20":"tag-greymile","21":"tag-grupo-lar","22":"tag-inmologistica","23":"tag-inversiones","24":"tag-jll","25":"tag-jose-manuel-llovet","26":"tag-kpmg","27":"tag-logifrio","28":"tag-logistica-de-frio","29":"tag-naves-logisticas","30":"tag-patrizia","31":"tag-plataformas-logisticas","32":"tag-primafrio","33":"tag-reefer","34":"tag-refrigerados","35":"tag-ribarroja-de-turia","36":"tag-sant-esteve-sesrovires","37":"tag-spain","38":"tag-temperatura-controlada","39":"tag-valencia"},"share_on_mastodon":{"url":"","error":"Validation failed: Text character limit of 500 exceeded"},"_links":{"self":[{"href":"https:\/\/www.europesays.com\/es\/wp-json\/wp\/v2\/posts\/316572","targetHints":{"allow":["GET"]}}],"collection":[{"href":"https:\/\/www.europesays.com\/es\/wp-json\/wp\/v2\/posts"}],"about":[{"href":"https:\/\/www.europesays.com\/es\/wp-json\/wp\/v2\/types\/post"}],"author":[{"embeddable":true,"href":"https:\/\/www.europesays.com\/es\/wp-json\/wp\/v2\/users\/2"}],"replies":[{"embeddable":true,"href":"https:\/\/www.europesays.com\/es\/wp-json\/wp\/v2\/comments?post=316572"}],"version-history":[{"count":0,"href":"https:\/\/www.europesays.com\/es\/wp-json\/wp\/v2\/posts\/316572\/revisions"}],"wp:featuredmedia":[{"embeddable":true,"href":"https:\/\/www.europesays.com\/es\/wp-json\/wp\/v2\/media\/316573"}],"wp:attachment":[{"href":"https:\/\/www.europesays.com\/es\/wp-json\/wp\/v2\/media?parent=316572"}],"wp:term":[{"taxonomy":"category","embeddable":true,"href":"https:\/\/www.europesays.com\/es\/wp-json\/wp\/v2\/categories?post=316572"},{"taxonomy":"post_tag","embeddable":true,"href":"https:\/\/www.europesays.com\/es\/wp-json\/wp\/v2\/tags?post=316572"}],"curies":[{"name":"wp","href":"https:\/\/api.w.org\/{rel}","templated":true}]}}