{"id":316576,"date":"2026-01-01T01:37:35","date_gmt":"2026-01-01T01:37:35","guid":{"rendered":"https:\/\/www.europesays.com\/es\/316576\/"},"modified":"2026-01-01T01:37:35","modified_gmt":"2026-01-01T01:37:35","slug":"la-reforma-que-hace-una-justicia-mas-agil-y-cercana-culmina-su-entrada-en-vigor-a-principios-de-2026","status":"publish","type":"post","link":"https:\/\/www.europesays.com\/es\/316576\/","title":{"rendered":"La reforma que hace una Justicia m\u00e1s \u00e1gil y cercana culmina su entrada en vigor a principios de 2026"},"content":{"rendered":"<p class=\"main-image\">&#13; <img decoding=\"async\" alt=\"Justicia siglo XXI\" title=\"Justicia siglo XXI\" src=\"https:\/\/www.europesays.com\/es\/wp-content\/uploads\/2026\/01\/301225-justicia-siglo-XXI.JPG\"\/>&#13;&#13;<\/p>\n<p>La reforma ha sido progresiva: m\u00e1s de 300 tribunales de instancia ya funcionan desde julio sin incidencias destacables. Ahora se activan los \u00faltimos 100 en grandes partidos judiciales como Barcelona, Madrid, Zaragoza, Palma y Valladolid. Solo las oficinas judiciales de Oviedo, Gij\u00f3n y Avil\u00e9s se pondr\u00e1n en marcha el 15 de febrero para que puedan completar los \u00faltimos ajustes t\u00e9cnicos.<\/p>\n<p>Una nueva estructura para ganar agilidad y eficiencia<\/p>\n<p>La ley introduce una reorganizaci\u00f3n que moderniza una planta judicial dise\u00f1ada en el siglo XIX. Hasta ahora, cada juzgado contaba con un \u00fanico juez y su equipo t\u00e9cnico. Los tribunales de instancia, en cambio, son \u00f3rganos colegiados formados por todos los jueces del partido judicial, organizados en secciones especializadas (civil, penal, violencia sobre la mujer, etc.), y cuentan con una \u00fanica Oficina Judicial de apoyo t\u00e9cnico. Esta estructura permite optimizar recursos, distribuir mejor la carga de trabajo y aumentar la flexibilidad para adaptarse a las necesidades y evitar cuellos de botella.<\/p>\n<p>Otro avance relevante es la creaci\u00f3n de las Oficinas de Justicia en el Municipio, que permiten a los ciudadanos realizar m\u00faltiples tr\u00e1mites judiciales sin tener que desplazarse al municipio donde se ubican los tribunales de instancia. Desde julio hasta diciembre, estas oficinas han gestionado m\u00e1s de 114.000 tr\u00e1mites.<\/p>\n<p>Financiaci\u00f3n y coordinaci\u00f3n<\/p>\n<p>Para implementar el nuevo modelo, el Ministerio ha invertido m\u00e1s de 325 millones de euros procedentes de fondos europeos en las 12 comunidades con competencias transferidas en Justicia, con un ahorro estimado de cerca de 300 millones de euros en los pr\u00f3ximos 10 a\u00f1os. La puesta en marcha del modelo ha contado con coordinaci\u00f3n y planificaci\u00f3n conjunta, el grupo t\u00e9cnico del Ministerio y las comunidades aut\u00f3nomas han realizado 27 reuniones de seguimiento y siete Comisiones Sectoriales durante el a\u00f1o.<\/p>\n<p>Adem\u00e1s, se ha desarrollado un amplio plan de formaci\u00f3n sobre la nueva norma, con m\u00e1s de 280 sesiones informativas, 305 cursos de digitalizaci\u00f3n con m\u00e1s de 15.000 participantes y una Jornada de Directores de Servicios Comunes con cerca de 300 asistentes.<\/p>\n<p>Esta reforma, fruto de a\u00f1os de trabajo en el Ministerio, ha sido posible gracias al compromiso de comunidades aut\u00f3nomas, jueces, magistrados, letrados de la Administraci\u00f3n y funcionarios de Justicia.<\/p>\n<p>La eficacia demostrada de los tribunales de instancia<\/p>\n<p>Los tribunales que entraron en funcionamiento en julio agilizan los procedimientos y as\u00ed lo demuestran los datos. Los actos de comunicaci\u00f3n pendientes (notificaciones, requerimientos, etc.) se han reducido un 36% de media en siete comunidades, con un 43% en Andaluc\u00eda y un 34% en la Comunitat Valenciana. La ejecuci\u00f3n de sentencias se ha agilizado un 30% de media, alcanzando un 69% en Andaluc\u00eda, un 55% en Castilla-La Mancha y un 27% en Catalunya y la Comunitat Valenciana. (Datos de los Tribunales de Instancia en funcionamiento desde el 1 de julio facilitados por los Secretarios de Gobierno de los Tribunales Superiores de Justicia)<\/p>\n<p>Por otra parte, la Ley tambi\u00e9n fomenta la reducci\u00f3n de litigios al exigir recurrir a los Medios Adecuados de Soluci\u00f3n de Controversias (MASC) en asuntos civiles y mercantiles antes de iniciar cualquier proceso judicial. As\u00ed, en el tercer trimestre del a\u00f1o, los nuevos litigios civiles descendieron un 30,9% en toda Espa\u00f1a.<\/p>\n","protected":false},"excerpt":{"rendered":"&#13; &#13;&#13; La reforma ha sido progresiva: m\u00e1s de 300 tribunales de instancia ya funcionan desde julio sin&hellip;\n","protected":false},"author":2,"featured_media":316577,"comment_status":"","ping_status":"","sticky":false,"template":"","format":"standard","meta":{"footnotes":""},"categories":[8],"tags":[517,17,18,25,24,13,14,11,71561,19,20,9,10,15,16,2330,15913,23,12,21,22],"class_list":{"0":"post-316576","1":"post","2":"type-post","3":"status-publish","4":"format-standard","5":"has-post-thumbnail","7":"category-espana","8":"tag-actualidad","9":"tag-breaking-news","10":"tag-breakingnews","11":"tag-es","12":"tag-espana","13":"tag-featured-news","14":"tag-featurednews","15":"tag-headlines","16":"tag-justicia-y-relaciones-con-las-cortes","17":"tag-latest-news","18":"tag-latestnews","19":"tag-news","20":"tag-noticias","21":"tag-noticias-destacadas","22":"tag-noticiasdestacadas","23":"tag-prensa","24":"tag-presidencia","25":"tag-spain","26":"tag-titulares","27":"tag-ultimas-noticias","28":"tag-ultimasnoticias"},"share_on_mastodon":{"url":"https:\/\/pubeurope.com\/@es\/115817286383790842","error":""},"_links":{"self":[{"href":"https:\/\/www.europesays.com\/es\/wp-json\/wp\/v2\/posts\/316576","targetHints":{"allow":["GET"]}}],"collection":[{"href":"https:\/\/www.europesays.com\/es\/wp-json\/wp\/v2\/posts"}],"about":[{"href":"https:\/\/www.europesays.com\/es\/wp-json\/wp\/v2\/types\/post"}],"author":[{"embeddable":true,"href":"https:\/\/www.europesays.com\/es\/wp-json\/wp\/v2\/users\/2"}],"replies":[{"embeddable":true,"href":"https:\/\/www.europesays.com\/es\/wp-json\/wp\/v2\/comments?post=316576"}],"version-history":[{"count":0,"href":"https:\/\/www.europesays.com\/es\/wp-json\/wp\/v2\/posts\/316576\/revisions"}],"wp:featuredmedia":[{"embeddable":true,"href":"https:\/\/www.europesays.com\/es\/wp-json\/wp\/v2\/media\/316577"}],"wp:attachment":[{"href":"https:\/\/www.europesays.com\/es\/wp-json\/wp\/v2\/media?parent=316576"}],"wp:term":[{"taxonomy":"category","embeddable":true,"href":"https:\/\/www.europesays.com\/es\/wp-json\/wp\/v2\/categories?post=316576"},{"taxonomy":"post_tag","embeddable":true,"href":"https:\/\/www.europesays.com\/es\/wp-json\/wp\/v2\/tags?post=316576"}],"curies":[{"name":"wp","href":"https:\/\/api.w.org\/{rel}","templated":true}]}}