{"id":316578,"date":"2026-01-01T01:46:23","date_gmt":"2026-01-01T01:46:23","guid":{"rendered":"https:\/\/www.europesays.com\/es\/316578\/"},"modified":"2026-01-01T01:46:23","modified_gmt":"2026-01-01T01:46:23","slug":"artur-zagars-no-jugara-contra-baskonia-por-lesion","status":"publish","type":"post","link":"https:\/\/www.europesays.com\/es\/316578\/","title":{"rendered":"Artur Zagars no jugar\u00e1 contra Baskonia por lesi\u00f3n"},"content":{"rendered":"<p>\n        Casualidades del destino, el <strong>Kosner Baskonia<\/strong> no se cruzar\u00e1 este viernes con <strong>uno de los jugadores que lleva<\/strong><a href=\"https:\/\/www.noticiasdealava.eus\/baskonia\/2025\/07\/13\/zagars-opcion-recamara-timon-baskonia-9875198.html\" title=\"varios veranos en su punto de mira\" target=\"_blank\" class=\"link copy\" rel=\"nofollow noopener\"> varios veranos en su punto de mira<\/a> de cara a un posible fichaje.\n<\/p>\n<p class=\"article-body__text \">\n        <strong>Arturs Zagars<\/strong>, <strong>base let\u00f3n del Fenerbahce<\/strong> con pasado en la <strong>ACB en el Joventut<\/strong>, result\u00f3 <strong>lesionado el pasado fin de semana<\/strong> en el duelo dom\u00e9stico de la <strong>liga turca ante el Manisa<\/strong> y est\u00e1 <strong>totalmente descartado<\/strong> para la visita al <strong>Buesa Arena<\/strong> prevista a las <strong>20:00 horas<\/strong>.\n<\/p>\n<p class=\"article-body__text \">\n        <strong>Zagars<\/strong>, de <strong>1,90 metros y 25 a\u00f1os<\/strong>, es <strong>uno de los muchos jugadores<\/strong> que <strong>Jasikevicius<\/strong> tiene en estos instantes en la <strong>enfermer\u00eda<\/strong> junto a <strong>Jantunen, Bitim, Bango y Wilbekin<\/strong>, aunque el <strong>ala-p\u00edvot finland\u00e9s<\/strong> podr\u00eda <strong>reaparecer en Vitoria<\/strong>.\n<\/p>\n<p class=\"article-body__text \">\n        La <strong>ausencia de Zagars<\/strong> tampoco constituye un <strong>contratiempo muy importante<\/strong> para el <strong>entrenador lituano<\/strong>, ya que <strong>apenas ha podido contar con \u00e9l<\/strong> durante esta temporada por culpa de <strong>diversas lesiones musculares<\/strong>.\n<\/p>\n<blockquote class=\"twitter-tweet\" data-lang=\"es\" wp_automatic_readability=\"10.460732984293\">\n<p lang=\"tr\" dir=\"ltr\">Arturs Zagars\u2019\u0131n sa\u011fl\u0131k durumu hakk\u0131nda bilgilendirme<\/p>\n<p>Oyuncumuz Arturs Zagars, 27 Aral\u0131k Cumartesi g\u00fcn\u00fc oynanan Glint Manisa Basket kar\u015f\u0131la\u015fmas\u0131nda hamstring b\u00f6lgesinden sakatl\u0131k ya\u015fam\u0131\u015ft\u0131r.<\/p>\n<p>Sporcumuzun Medicana Ata\u015fehir Hastanesi\u2019nde yap\u0131lan kontrollerinin ard\u0131ndan sa\u011f\u2026 <a href=\"https:\/\/t.co\/56su5zeezZ\" rel=\"nofollow\">pic.twitter.com\/56su5zeezZ<\/a><\/p>\n<p>\u2014 Fenerbah\u00e7e Beko (@FBBasketbol) <a href=\"https:\/\/twitter.com\/FBBasketbol\/status\/2005231973967511693?ref_src=twsrc%5Etfw\" rel=\"nofollow noopener\" target=\"_blank\">28 de diciembre de 2025<\/a><\/p><\/blockquote>\n<p class=\"article-body__text \">\n        El <strong>historial de Zagars<\/strong> resulta <strong>preocupante<\/strong> en este sentido y es por ello que su <strong>hipot\u00e9tico fichaje en el futuro<\/strong> despertar\u00eda <strong>muchas dudas<\/strong> al ser considerado un <strong>jugador de cristal<\/strong> que <strong>dif\u00edcilmente puede aguantar la exigencia<\/strong> de dos competiciones tan duras como la <strong>ACB y la Euroliga<\/strong>.\n<\/p>\n<p class=\"article-body__text \">\n        Prueba de ello es que su <strong>bagaje en la presente edici\u00f3n continental<\/strong> se reduce a <strong>\u00fanicamente tres partidos<\/strong> con promedios de <strong>5 puntos y 2 asistencias<\/strong> en <strong>algo menos de 14 minutos<\/strong>. Tan solo ha estado disponible para los encuentros ante el <strong>Bayern Munich<\/strong>, el <strong>Dub\u00e1i Basketball<\/strong> y el <strong>Panathinaikos<\/strong>.\n<\/p>\n<p class=\"article-body__text \">\n        Zagars sufre en esta ocasi\u00f3n <strong>\u201cuna lesi\u00f3n de grado 2 en el m\u00fasculo isquiotibial derecho\u201d<\/strong>, tal y como inform\u00f3 recientemente el <strong>Fenerbahce<\/strong> en su <strong>comunicado<\/strong>.\n<\/p>\n<p>            <a href=\"https:\/\/www.noticiasdealava.eus\/baskonia\/2025\/12\/30\/luis-scola-agredido-espalda-tenso-trapani-varese-en-la-serie-a-italiana-agresion-a-luis-scola-en-italia-10523727.html\" title=\"Luis Scola, agredido por la espalda tras un tenso Trapani\u2013Varese en la Serie A italiana\" class=\"new__media\" rel=\"nofollow noopener\" target=\"_blank\"><\/p>\n<p>                <img alt=\"Luis Scola, agredido por la espalda tras un tenso Trapani\u2013Varese en la Serie A italiana\" data-src=\"https:\/\/www.europesays.com\/es\/wp-content\/uploads\/2026\/01\/afed3f61-06fc-45b1-ae88-ac6869e488fa_16-9-aspect-ratio_default_0.jpg\" class=\"lozad\"\/><\/p>\n<p>        <\/a><\/p>\n<p>        <a href=\"https:\/\/www.noticiasdealava.eus\/baskonia\/2025\/12\/30\/luis-scola-agredido-espalda-tenso-trapani-varese-en-la-serie-a-italiana-agresion-a-luis-scola-en-italia-10523727.html\" title=\"Luis Scola, agredido por la espalda tras un tenso Trapani\u2013Varese en la Serie A italiana\" class=\"new__headline\" rel=\"nofollow noopener\" target=\"_blank\"><br \/>\n            Luis Scola, agredido por la espalda tras un tenso Trapani\u2013Varese en la Serie A italiana<br \/>\n        <\/a><\/p>\n<p class=\"article-photo__footer\">\n            Zagars durante su etapa en el Joventut            DAVID GRAU        <\/p>\n<p>  OPCI\u00d3N PARA LOS CUPOS<\/p>\n<p class=\"article-body__text \">\n        El <strong>base-escolta b\u00e1ltico<\/strong>, cuyos <strong>derechos en la ACB<\/strong> siguen correspondiendo al <strong>Joventut<\/strong>, vive su <strong>\u00faltima campa\u00f1a de contrato<\/strong> en el <strong>Fenerbahce<\/strong>, club al que lleg\u00f3 en el <strong>verano de 2023<\/strong> tras convertirse en <strong>una de las grandes sensaciones del Mundial con Letonia<\/strong>.\n<\/p>\n<p class=\"article-body__text \">\n        Su pa\u00eds alcanz\u00f3 un <strong>hist\u00f3rico quinto puesto<\/strong> y disput\u00f3 los <strong>cuartos de final<\/strong>, por lo que el <strong>prestigio de la mayor\u00eda de sus internacionales<\/strong> subi\u00f3 <strong>muchos enteros<\/strong>.\n<\/p>\n<p class=\"article-body__text \">\n        Pese a tener <strong>un a\u00f1o m\u00e1s de contrato<\/strong>, Zagars volvi\u00f3 a <strong>salir el pasado verano al mercado<\/strong> y <a href=\"https:\/\/www.noticiasdealava.eus\/baskonia\/2025\/07\/13\/zagars-opcion-recamara-timon-baskonia-9875198.html\" title=\"el Baskonia pens\u00f3 en \u00e9l como una buena soluci\u00f3n\" target=\"_blank\" class=\"link copy\" rel=\"nofollow noopener\">el Baskonia pens\u00f3 en \u00e9l como una buena soluci\u00f3n <\/a>para conseguir un <strong>salto de calidad<\/strong> en los <strong>jugadores de formaci\u00f3n<\/strong>, una <strong>asignatura pendiente<\/strong> que con el <strong>desembarco de Xevi Pujol<\/strong> en la <strong>secretar\u00eda t\u00e9cnica<\/strong> se ha <strong>solucionado con creces<\/strong>.\n<\/p>\n<p class=\"article-photo__footer\">\n            Zagars en un duelo contra Maccabi en Euroliga            Euroleague        <\/p>\n<p class=\"article-body__text \">\n        El <strong>base let\u00f3n<\/strong> confirm\u00f3 finalmente en una <strong>entrevista en su pa\u00eds<\/strong> que <strong>continuar\u00eda a las \u00f3rdenes de Jasikevicius<\/strong> disipando as\u00ed <strong>todas las dudas sobre su futuro<\/strong>.\n<\/p>\n<p class=\"article-body__text \">\n        En <strong>Vitoria<\/strong> acab\u00f3 recalando <strong>otro exterior de un perfil similar<\/strong> como <a href=\"https:\/\/www.noticiasdealava.eus\/baskonia\/2025\/06\/24\/spagnolo-fichaje-fuego-lento-baskonia-euroliga-alba-berlin-9796594.html\" title=\"Matteo Spagnolo\" target=\"_blank\" class=\"link copy\" rel=\"nofollow noopener\">Matteo Spagnolo<\/a>, que est\u00e1 ofreciendo <strong>unas buenas prestaciones<\/strong> a las \u00f3rdenes de <strong>Paolo Galbiati<\/strong> simultaneando las <strong>posiciones de base y escolta<\/strong>. De ah\u00ed que <strong>nadie lamente<\/strong> en estos instantes en los <strong>despachos del Buesa Arena<\/strong> aquella <strong>decisi\u00f3n de Zagars<\/strong> de <strong>permanecer un a\u00f1o m\u00e1s en Estambul<\/strong>.\n<\/p>\n<p class=\"article-body__text \">\n        Si quiere <strong>relanzar su carrera<\/strong>, todo hace indicar que el <strong>let\u00f3n deber\u00e1 emprender un nuevo destino profesional<\/strong> dentro de unos meses <strong>lejos del Fenerbahce<\/strong>, donde la <strong>competencia es feroz en el tim\u00f3n<\/strong>.\n<\/p>\n<p>            <script async src=\"https:\/\/platform.twitter.com\/widgets.js\" charset=\"utf-8\"><\/script><\/p>\n","protected":false},"excerpt":{"rendered":"Casualidades del destino, el Kosner Baskonia no se cruzar\u00e1 este viernes con uno de los jugadores que lleva&hellip;\n","protected":false},"author":2,"featured_media":316579,"comment_status":"","ping_status":"","sticky":false,"template":"","format":"standard","meta":{"footnotes":""},"categories":[269],"tags":[74021,299,298,4714,168,25,24,74019,18057,23,167,74020],"class_list":{"0":"post-316578","1":"post","2":"type-post","3":"status-publish","4":"format-standard","5":"has-post-thumbnail","7":"category-baloncesto","8":"tag-arturs-zagars-no-jugara-contra-baskonia","9":"tag-baloncesto","10":"tag-basketball","11":"tag-baskonia","12":"tag-deportes","13":"tag-es","14":"tag-espana","15":"tag-frustrado","16":"tag-morbo","17":"tag-spain","18":"tag-sports","19":"tag-zagars"},"share_on_mastodon":{"url":"https:\/\/pubeurope.com\/@es\/115817321905105603","error":""},"_links":{"self":[{"href":"https:\/\/www.europesays.com\/es\/wp-json\/wp\/v2\/posts\/316578","targetHints":{"allow":["GET"]}}],"collection":[{"href":"https:\/\/www.europesays.com\/es\/wp-json\/wp\/v2\/posts"}],"about":[{"href":"https:\/\/www.europesays.com\/es\/wp-json\/wp\/v2\/types\/post"}],"author":[{"embeddable":true,"href":"https:\/\/www.europesays.com\/es\/wp-json\/wp\/v2\/users\/2"}],"replies":[{"embeddable":true,"href":"https:\/\/www.europesays.com\/es\/wp-json\/wp\/v2\/comments?post=316578"}],"version-history":[{"count":0,"href":"https:\/\/www.europesays.com\/es\/wp-json\/wp\/v2\/posts\/316578\/revisions"}],"wp:featuredmedia":[{"embeddable":true,"href":"https:\/\/www.europesays.com\/es\/wp-json\/wp\/v2\/media\/316579"}],"wp:attachment":[{"href":"https:\/\/www.europesays.com\/es\/wp-json\/wp\/v2\/media?parent=316578"}],"wp:term":[{"taxonomy":"category","embeddable":true,"href":"https:\/\/www.europesays.com\/es\/wp-json\/wp\/v2\/categories?post=316578"},{"taxonomy":"post_tag","embeddable":true,"href":"https:\/\/www.europesays.com\/es\/wp-json\/wp\/v2\/tags?post=316578"}],"curies":[{"name":"wp","href":"https:\/\/api.w.org\/{rel}","templated":true}]}}