{"id":316582,"date":"2026-01-01T01:48:08","date_gmt":"2026-01-01T01:48:08","guid":{"rendered":"https:\/\/www.europesays.com\/es\/316582\/"},"modified":"2026-01-01T01:48:08","modified_gmt":"2026-01-01T01:48:08","slug":"mas-de-200-invitados-rocio-jurado-siempre-presente-y-un-guiso-que-nunca-faltaba-a-la-mesa","status":"publish","type":"post","link":"https:\/\/www.europesays.com\/es\/316582\/","title":{"rendered":"m\u00e1s de 200 invitados, Roc\u00edo Jurado siempre presente y un guiso que nunca faltaba a la mesa"},"content":{"rendered":"<p style=\"\">Rosario Flores se ha emocionado en &#8216;<strong>El tiempo justo<\/strong>&#8216; (Telecinco) al hablar de las fiestas de Nochebuena y Nochevieja en su familia, cuando Lola y Antonio Flores viv\u00edan. La <strong>cantante<\/strong> ha compartido detalles de los que se ha hablado en infinidad de ocasiones.  &#8230; Eran encuentros multitudinarios, con entre 200 y 250 personas, ha dicho la artista. Acud\u00edan amigos, familiares y entre los primeros muchos artistas. \u00abInolvidable, porque mi madre era la mejor anfitriona del mundo\u00bb, ha dicho a <strong>Joaqu\u00edn Prat<\/strong> desde una tienda de moda que tiene en Madrid junto a Mariola Orellana.<\/p>\n<p class=\"voc-p\" style=\"\">Es con <strong>los Orellana y los Carmona<\/strong>, la gran saga de artistas, que ahora se unen los Flores para celebrar estas fechas tan se\u00f1aladas. \u00bbSu marido, Antonio, y yo somos gitanos, flamencos, y nos encanta juntarnos y cantar. Es irrepetible. Tratamos de hacer lo m\u00e1s parecido a cuando estaba mi madre\u00bb, ha referido Rosario. Todo arrancaba con la cena, por un lado, y ya despu\u00e9s acud\u00eda el resto de los invitados. <\/p>\n<p class=\"voc-p\" style=\"\">Entre quienes se acercaban a casa de <strong>Lola Flores y familia<\/strong>, el clan Jurado, con Roc\u00edo a la cabeza. \u00abMi madre, en cuanto termin\u00e1bamos de cenar, llamaba a casa de Roc\u00edo y le dec\u00eda que se viniera con todos los que estuvieran con ellos y as\u00ed lo hac\u00edan\u00bb, ha recordado en su intervenci\u00f3n en directo. \u00abPor eso tratamos de hacer algo similar, pues se disfrutaba mucho, y aunque ya jam\u00e1s se consiga que sea igual, s\u00ed podemos acercarnos\u00bb, ha a\u00f1adido la cantante.<\/p>\n<p class=\"voc-p\" style=\"\">Rosario Flores ha dado detalles sobre el men\u00fa de estos d\u00edas tan especiales, tanto para <strong>Nochebuena<\/strong> como para <strong>Nochevieja<\/strong>. En la noche del 24 de diciembre, Lola Flores preparaba una sopa de puchero \u00abcalentita, para reponer fuerzas de cara a lo que ven\u00eda despu\u00e9s, y luego pavo con lombarda\u00bb. Y para el 31 de diciembre, la \u00faltima comida del a\u00f1o, \u00absopa de puchero, siempre, para arreglar el cuerpo, y un solomillo a continuaci\u00f3n. Despu\u00e9s la copa, claro, y dar gracias a la vida por todo lo que tenemos\u00bb, ha sentenciado la peque\u00f1a de los Flores. <\/p>\n<p class=\"voc-p\" style=\"\"><strong>Rosario<\/strong> sigue as\u00ed celebrando a lo grande estos d\u00edas junto a los suyos, a su hermana <strong>Lolita<\/strong>, con sus sobrinas Alba, hija de su hermano <strong>Antonio<\/strong>, y con todos los dem\u00e1s. \u00abNos acordamos mucho de ella, de las grandes noches que nos daba, pero es la mejor manera de recordarla y tenerla siempre presente\u00bb, ha terminado diciendo la cantante.<\/p>\n","protected":false},"excerpt":{"rendered":"Rosario Flores se ha emocionado en &#8216;El tiempo justo&#8216; (Telecinco) al hablar de las fiestas de Nochebuena y&hellip;\n","protected":false},"author":2,"featured_media":316583,"comment_status":"","ping_status":"","sticky":false,"template":"","format":"standard","meta":{"footnotes":""},"categories":[174],"tags":[6815,385,255,146,147,25,24,9788,256,43,9646,74022,3551,15761,15726,2570,50562,2951,1050,9249,3152,369,23],"class_list":{"0":"post-316582","1":"post","2":"type-post","3":"status-publish","4":"format-standard","5":"has-post-thumbnail","7":"category-famosos","8":"tag-6815","9":"tag-casa","10":"tag-celebrities","11":"tag-entertainment","12":"tag-entretenimiento","13":"tag-es","14":"tag-espana","15":"tag-faltaba","16":"tag-famosos","17":"tag-fiestas","18":"tag-flores","19":"tag-guiso","20":"tag-invitados","21":"tag-jurado","22":"tag-lola","23":"tag-mesa","24":"tag-miticas","25":"tag-navidad","26":"tag-nunca","27":"tag-presente","28":"tag-rocio","29":"tag-siempre","30":"tag-spain"},"share_on_mastodon":{"url":"https:\/\/pubeurope.com\/@es\/115817329595357096","error":""},"_links":{"self":[{"href":"https:\/\/www.europesays.com\/es\/wp-json\/wp\/v2\/posts\/316582","targetHints":{"allow":["GET"]}}],"collection":[{"href":"https:\/\/www.europesays.com\/es\/wp-json\/wp\/v2\/posts"}],"about":[{"href":"https:\/\/www.europesays.com\/es\/wp-json\/wp\/v2\/types\/post"}],"author":[{"embeddable":true,"href":"https:\/\/www.europesays.com\/es\/wp-json\/wp\/v2\/users\/2"}],"replies":[{"embeddable":true,"href":"https:\/\/www.europesays.com\/es\/wp-json\/wp\/v2\/comments?post=316582"}],"version-history":[{"count":0,"href":"https:\/\/www.europesays.com\/es\/wp-json\/wp\/v2\/posts\/316582\/revisions"}],"wp:featuredmedia":[{"embeddable":true,"href":"https:\/\/www.europesays.com\/es\/wp-json\/wp\/v2\/media\/316583"}],"wp:attachment":[{"href":"https:\/\/www.europesays.com\/es\/wp-json\/wp\/v2\/media?parent=316582"}],"wp:term":[{"taxonomy":"category","embeddable":true,"href":"https:\/\/www.europesays.com\/es\/wp-json\/wp\/v2\/categories?post=316582"},{"taxonomy":"post_tag","embeddable":true,"href":"https:\/\/www.europesays.com\/es\/wp-json\/wp\/v2\/tags?post=316582"}],"curies":[{"name":"wp","href":"https:\/\/api.w.org\/{rel}","templated":true}]}}