{"id":316592,"date":"2026-01-01T01:56:13","date_gmt":"2026-01-01T01:56:13","guid":{"rendered":"https:\/\/www.europesays.com\/es\/316592\/"},"modified":"2026-01-01T01:56:13","modified_gmt":"2026-01-01T01:56:13","slug":"asi-protegeran-a-pedroche-y-chicote-de-un-saludo-al-estilo-broncano","status":"publish","type":"post","link":"https:\/\/www.europesays.com\/es\/316592\/","title":{"rendered":"as\u00ed &#8216;proteger\u00e1n&#8217; a Pedroche y Chicote de un saludo al estilo Broncano"},"content":{"rendered":"<p class=\"article-text\">\n        La guerra por la audiencia en las <strong>Campanadas <\/strong>vuelve a vivirse en los balcones de la Puerta del Sol. Para sorpresa de los espectadores, <strong>RTVE<\/strong> ha captado en riguroso directo el set de <strong>Atresmedia <\/strong>donde <strong>Cristina Pedroche<\/strong> y <strong>Alberto Chicote<\/strong> despedir\u00e1n el 2025. Durante la emisi\u00f3n de <strong>La hora de La 1<\/strong><strong> <\/strong>se ha podido ver la estrategia del grupo para &#8216;proteger&#8217; a sus presentadores y evitar <a href=\"https:\/\/www.eldiario.es\/vertele\/noticias\/campanadas-tv-2024-2025-pedroche-leche-materna-saludo-broncano-lalachus-balcon-antena-3-tve_1_11936725.html\" target=\"_blank\" data-mrf-recirculation=\"links-noticia\" class=\"link\" rel=\"nofollow noopener\">otro saludo<\/a> como el de<strong> David Broncano<\/strong> hace ahora un a\u00f1o.\n    <\/p>\n<p>    <a href=\"https:\/\/www.eldiario.es\/vertele\/noticias\/campanadas-2025-2026-tv-guia-presentadores-presentadoras-daran-uvas-nochevieja-nacional-autonomico-chenoa-estopa-pedroche-chicote_1_12875079.html\" data-mrf-recirculation=\"saber-mas\" data-dl-event=\"saber-mas\" rel=\"nofollow noopener\" target=\"_blank\"><\/p>\n<p class=\"know-more__title\">Campanadas 2025-2026 en TV: la gu\u00eda de los presentadores que dar\u00e1n las uvas a nivel nacional y auton\u00f3mico<\/p>\n<p>            <img decoding=\"async\" class=\"lazy\" loading=\"lazy\" data-src=\"https:\/\/static.eldiario.es\/clip\/9fa68f4f-8aba-4cc6-bf44-6dbeb5b78b46_16-9-aspect-ratio_default_0.jpg\" src=\"data:image\/svg+xml,%3Csvg xmlns=\" http:=\"\" viewbox=\"0 0 880 495\" alt=\"Campanadas 2025-2026 en TV: la gu\u00eda de los presentadores que dar\u00e1n las uvas a nivel nacional y auton\u00f3mico\"\/><\/p>\n<p>                        <\/a><\/p>\n<p class=\"article-text\">\n        Desde las alturas de la madrile\u00f1a plaza, la periodista Maitane Bermejo conectaba con Silvia Intxaurrondo para abordar el \u201cblindaje policial\u201d durante la retransmisi\u00f3n. Si la primera intervenci\u00f3n de la reportera se produc\u00eda sobre el pavimento, la segunda se puso en marcha desde el balc\u00f3n donde <strong>Chenoa<\/strong> y <strong>Estopa <\/strong>acompa\u00f1ar\u00e1n a los espectadores. En ese momento, <strong>las c\u00e1maras captaron el balc\u00f3n <\/strong>del edificio contiguo: el lugar desde el que se emitir\u00e1n las Campanadas de Atresmedia.\n    <\/p>\n<p class=\"article-text\">\n        A juzgar por lo que se aprecia en el plano, Atresmedia ha decidido <strong>proteger su despliegue<\/strong> para que ninguna otra cadena destape las sorpresas previstas. En el lateral del set, el grupo ha instalado un <strong>biombo <\/strong>que impide apreciar cualquier detalle. Conviene recordar que Pedroche y Chicote sufrieron una inesperada <strong>interferencia <\/strong>provocada por sus &#8216;vecinos&#8217; <strong>Broncano y Lalachus<\/strong>: meg\u00e1fono en mano, los presentadores de RTVE saludaron a sus compa\u00f1eros, que aparecieron en la emisi\u00f3n de la competencia.\n    <\/p>\n<p class=\"article-text\">\n        Despu\u00e9s de que se produjera ese episodio, el equipo despleg\u00f3 un biombo de dimensiones similares al actual para evitar que se repitiera algo parecido. Meses despu\u00e9s,  cuando todav\u00eda no se hab\u00eda confirmado que <strong>Buenafuente <\/strong>no estar\u00eda al frente de las Campanadas de RTVE, el propio <strong>Alberto Chicote<\/strong> fue preguntado en un encuentro con <a href=\"https:\/\/www.eldiario.es\/vertele\/entrevistas\/chicote-alaba-buenafuente-campanadas-rtve-saludo-broncano-elegante_1_12808784.html\" target=\"_blank\" data-mrf-recirculation=\"links-noticia\" class=\"link\" rel=\"nofollow noopener\"><strong>verTele<\/strong><\/a><strong> <\/strong>y otros medios sobre la posibilidad de que volviera a producirse el saludo: \u201cNo lo creo. <strong>Es un t\u00edo elegante<\/strong> de cojones [\u2026] Para m\u00ed es un alegr\u00f3n tener en otra cadena a gente tan buena\u201d.\n    <\/p>\n<p>            <img decoding=\"async\" class=\"lazy\" loading=\"lazy\" data-src=\"https:\/\/static.eldiario.es\/clip\/8ed48008-c070-469f-8573-fd045c7048f9_16-9-discover-aspect-ratio_default_0.jpg\" src=\"data:image\/svg+xml,%3Csvg xmlns=\" http:=\"\" viewbox=\"0 0 1200 675\" alt=\"Atresmedia protege su balc\u00f3n para evitar otro saludo como el de Broncano\"\/><\/p>\n<p>    Atresmedia y RTVE retoman su batalla por la audiencia en las Campanadas<\/p>\n<p class=\"article-text\">\n        Hace un a\u00f1o, David Broncano y Lalachus lograron un hito: <a href=\"https:\/\/www.eldiario.es\/vertele\/audiencias-tv\/campanadas-2024-2025-nochevieja-la-1-rtve-david-broncano-lalachus-recupera-lider-uvas-ganan-efecto-cristina-pedroche-antena-3-alberto-chicote-mediaset-telecinco-ion-aramendi-blanca-romero_1_11937413.html\" target=\"_blank\" data-mrf-recirculation=\"links-noticia\" class=\"link\" rel=\"nofollow noopener\"><strong>La 1 de RTVE<\/strong><\/a><a href=\"https:\/\/www.eldiario.es\/vertele\/audiencias-tv\/campanadas-2024-2025-nochevieja-la-1-rtve-david-broncano-lalachus-recupera-lider-uvas-ganan-efecto-cristina-pedroche-antena-3-alberto-chicote-mediaset-telecinco-ion-aramendi-blanca-romero_1_11937413.html\" target=\"_blank\" data-mrf-recirculation=\"links-noticia\" class=\"link\" rel=\"nofollow noopener\"> logr\u00f3 liderar<\/a> y romper la hegemon\u00eda que Antena 3 lleva ostentando durante tres a\u00f1os. La pareja de presentadores capitalizaron el \u00e9xito que suscit\u00f3 el estreno de La Revuelta para llevarse el triunfo ante el temido &#8216;efecto Pedroche&#8217;. La cadena p\u00fablica fue primera opci\u00f3n durante la retransmisi\u00f3n completa \u2014 <strong>31.2% de cuota<\/strong> y <strong>4.800.000 espectadores<\/strong>\u2014 y tambi\u00e9n en el minuto de las uvas \u201433.1% y 5.642.000\u2014.\n    <\/p>\n<p>    <a href=\"https:\/\/www.eldiario.es\/vertele\/audiencias-tv\/martes-30-diciembre-2025-primeras-preuvas-la-2-rtve-destacan-decimocuartas-neox-suben-audiencia_1_12878459.html\" data-mrf-recirculation=\"saber-mas-abajo\" data-dl-event=\"saber-mas-abajo\" rel=\"nofollow noopener\" target=\"_blank\"><\/p>\n<p class=\"know-more__title\">Las primeras pre\u00favas de La 2 de RTVE (3.9%) destacan sobre las decimocuartas de Neox (2.1%), que suben en audiencia<\/p>\n<p>            <img decoding=\"async\" class=\"lazy\" loading=\"lazy\" data-src=\"https:\/\/static.eldiario.es\/clip\/ab5abe16-34e3-49f7-a39e-3f5d9ca59b13_16-9-aspect-ratio_default_0.jpg\" src=\"data:image\/svg+xml,%3Csvg xmlns=\" http:=\"\" viewbox=\"0 0 880 495\" alt=\"Las primeras pre\u00favas de La 2 de RTVE (3.9%) destacan sobre las decimocuartas de Neox (2.1%), que suben en audiencia\"\/><\/p>\n<p>                        <\/a><\/p>\n<p class=\"article-text\">\n        El canal estatal logr\u00f3 retomar el liderazgo perdido en las Campanadas 2021-2022 por primera vez en su historia, con un crecimiento que le permiti\u00f3 quedar por delante de la de Atresmedia. Cristina Pedroche y Alberto Chicote se clasificaron en segunda posici\u00f3n \u2014<strong>28.1%<\/strong> y <strong>4.345.000<\/strong>\u2014, mejorando en el momento exacto de las uvas \u201432.6% y 5.550.000\u2014. Queda por ver si el ranking se mantiene o si, por el contrario, vuelve a producirse un cambio de tendencia.\n    <\/p>\n","protected":false},"excerpt":{"rendered":"La guerra por la audiencia en las Campanadas vuelve a vivirse en los balcones de la Puerta del&hellip;\n","protected":false},"author":2,"featured_media":316593,"comment_status":"","ping_status":"","sticky":false,"template":"","format":"standard","meta":{"footnotes":""},"categories":[91],"tags":[1554,9692,33870,13289,48603,10504,38680,146,147,25,24,10386,32459,74024,518,42059,23],"class_list":{"0":"post-316592","1":"post","2":"type-post","3":"status-publish","4":"format-standard","5":"has-post-thumbnail","7":"category-entretenimiento","8":"tag-1554","9":"tag-antena","10":"tag-balcon","11":"tag-broncano","12":"tag-campanadas","13":"tag-capta","14":"tag-chicote","15":"tag-entertainment","16":"tag-entretenimiento","17":"tag-es","18":"tag-espana","19":"tag-estilo","20":"tag-pedroche","21":"tag-protegeran","22":"tag-rtve","23":"tag-saludo","24":"tag-spain"},"share_on_mastodon":{"url":"https:\/\/pubeurope.com\/@es\/115817361195174840","error":""},"_links":{"self":[{"href":"https:\/\/www.europesays.com\/es\/wp-json\/wp\/v2\/posts\/316592","targetHints":{"allow":["GET"]}}],"collection":[{"href":"https:\/\/www.europesays.com\/es\/wp-json\/wp\/v2\/posts"}],"about":[{"href":"https:\/\/www.europesays.com\/es\/wp-json\/wp\/v2\/types\/post"}],"author":[{"embeddable":true,"href":"https:\/\/www.europesays.com\/es\/wp-json\/wp\/v2\/users\/2"}],"replies":[{"embeddable":true,"href":"https:\/\/www.europesays.com\/es\/wp-json\/wp\/v2\/comments?post=316592"}],"version-history":[{"count":0,"href":"https:\/\/www.europesays.com\/es\/wp-json\/wp\/v2\/posts\/316592\/revisions"}],"wp:featuredmedia":[{"embeddable":true,"href":"https:\/\/www.europesays.com\/es\/wp-json\/wp\/v2\/media\/316593"}],"wp:attachment":[{"href":"https:\/\/www.europesays.com\/es\/wp-json\/wp\/v2\/media?parent=316592"}],"wp:term":[{"taxonomy":"category","embeddable":true,"href":"https:\/\/www.europesays.com\/es\/wp-json\/wp\/v2\/categories?post=316592"},{"taxonomy":"post_tag","embeddable":true,"href":"https:\/\/www.europesays.com\/es\/wp-json\/wp\/v2\/tags?post=316592"}],"curies":[{"name":"wp","href":"https:\/\/api.w.org\/{rel}","templated":true}]}}