{"id":316608,"date":"2026-01-01T02:11:07","date_gmt":"2026-01-01T02:11:07","guid":{"rendered":"https:\/\/www.europesays.com\/es\/316608\/"},"modified":"2026-01-01T02:11:07","modified_gmt":"2026-01-01T02:11:07","slug":"la-reconciliacion-de-fin-de-ano-j-balvin-hace-las-paces-con-residente-antes-de-terminar-el-2025","status":"publish","type":"post","link":"https:\/\/www.europesays.com\/es\/316608\/","title":{"rendered":"La reconciliaci\u00f3n de fin de a\u00f1o: J Balvin hace las paces con Residente antes de terminar el 2025"},"content":{"rendered":"<p class=\"\">Pasaron <a href=\"https:\/\/elpais.com\/cultura\/2021-10-01\/residente-vs-j-balvin-pierde-el-hot-dog-ganan-los-grammy.html\" target=\"_self\" rel=\"nofollow noopener\" title=\"https:\/\/elpais.com\/cultura\/2021-10-01\/residente-vs-j-balvin-pierde-el-hot-dog-ganan-los-grammy.html\">cuatro a\u00f1os para que dos iconos de la m\u00fasica urbana en Am\u00e9rica Latina se reconciliaran<\/a>. En 2021, los dos fueron protagonistas de la pelea del a\u00f1o en el mundo de los reguetoneros y en la que metieron en el centro hasta un carrito de hot-dogs. Por un lado estaba el colombiano Jos\u00e9 Osorio, <a href=\"https:\/\/elpais.com\/cultura\/2025-07-18\/j-balvin-lanza-por-sorpresa-mixteip-un-album-de-10-canciones-para-volver-a-la-raiz-del-regueton.html\" target=\"_self\" rel=\"nofollow noopener\" title=\"https:\/\/elpais.com\/cultura\/2025-07-18\/j-balvin-lanza-por-sorpresa-mixteip-un-album-de-10-canciones-para-volver-a-la-raiz-del-regueton.html\">conocido como J Balvin<\/a>, consentido del g\u00e9nero en Medell\u00edn y quien ese a\u00f1o llam\u00f3 a un boicot a los premios Grammy. \u201cLos Grammy no nos valoran, pero nos necesitan. Les damos rating, pero no nos dan el respeto\u201d, dijo entonces. En la otra esquina estaba <a href=\"https:\/\/elpais.com\/eps\/2024-02-04\/residente-el-genero-urbano-pelea-por-pendejadas-y-nadie-dice-nada-de-palestina-no-quiero-pertenecer-a-esa-escena.html\" target=\"_self\" rel=\"nofollow noopener\" title=\"https:\/\/elpais.com\/eps\/2024-02-04\/residente-el-genero-urbano-pelea-por-pendejadas-y-nadie-dice-nada-de-palestina-no-quiero-pertenecer-a-esa-escena.html\">Ren\u00e9 P\u00e9rez, o Residente<\/a>, el reguetonero de Puerto Rico que ahora se reconoce m\u00e1s por su rap protesta. Este \u00faltimo anhelaba la llegada de los premios ese noviembre, que har\u00edan gala especial a su amigo, el <a href=\"https:\/\/elpais.com\/us\/migracion\/2025-03-27\/ruben-blades-alza-su-voz-por-un-musico-deportado-a-el-salvador-ser-venezolano-no-convierte-en-antisocial-a-nadie.html\" target=\"_self\" rel=\"nofollow noopener\" title=\"https:\/\/elpais.com\/us\/migracion\/2025-03-27\/ruben-blades-alza-su-voz-por-un-musico-deportado-a-el-salvador-ser-venezolano-no-convierte-en-antisocial-a-nadie.html\">paname\u00f1o Rub\u00e9n Blades<\/a>, y tild\u00f3 al colombiano de resentido por no tener tantas nominaciones ese a\u00f1o. \u201cYo te creer\u00eda lo del boicot si, no s\u00e9, el a\u00f1o pasado cuando te nominaron 13 veces no ibas pa\u2019 los Grammy. Pero ah\u00ed t\u00fa no pediste boicot\u201c, dijo entonces Residente. Y luego sum\u00f3 la frase lapidaria: \u201cTe explico, pa\u2019 que entiendas: tu m\u00fasica es como si fuera un carrito de hot-dog, que a mucha gente le puede gustar o a casi todo el mundo. Pero cuando esa gente quiere comer bien, se van a un restaurante y ese restaurante es el que se gana las estrellas Michelin\u201d. <\/p>\n<p class=\"\">La mecha se prendi\u00f3, la pelea se alarg\u00f3 a m\u00faltiples versos que pegaban como golpes. Horas antes de terminar el 2025, sin embargo, la anhelada paz se ha anunciado. \u201cHace meses nos encontramos. Nos escuchamos. Nos entendimos. Al final, siempre la raz\u00f3n la tiene el tiempo\u201d, dice un post en redes sociales de J Balvin, que <a href=\"https:\/\/elpais.com\/cultura\/2020\/02\/28\/ruta_norteamericana\/1582915799_640199.html\" target=\"_self\" rel=\"nofollow noopener\" title=\"https:\/\/elpais.com\/cultura\/2020\/02\/28\/ruta_norteamericana\/1582915799_640199.html\">Residente tambi\u00e9n ha compartido en su cuenta de Instagram<\/a>. \u201cFrente a la inmensidad de las cosas que pasan en el mundo, esta es posiblemente una de las m\u00e1s peque\u00f1as. Pero en un mundo tan complejo, que dos personas que no coinciden en todo puedan reencontrarse, nos parece valioso\u201d, a\u00f1ade el escrito, junto con una foto de los dos cantantes.<\/p>\n<p class=\"\">El anuncio de fin de a\u00f1o se ve\u00eda venir ya por varios de sus seguidores. Esto porque el colombiano lanz\u00f3 este diciembre su primera colaboraci\u00f3n con el productor <a href=\"https:\/\/elpais.com\/cultura\/2025-11-06\/a-ritmo-caribeno-y-con-guinos-al-cristianismo-bizarrap-eleva-el-regueton-de-daddy-yankee-en-su-sesion-de-regreso-a-la-musica.html\" target=\"_self\" rel=\"nofollow noopener\" title=\"https:\/\/elpais.com\/cultura\/2025-11-06\/a-ritmo-caribeno-y-con-guinos-al-cristianismo-bizarrap-eleva-el-regueton-de-daddy-yankee-en-su-sesion-de-regreso-a-la-musica.html\">argentino Bizarrap<\/a>, una alianza que gener\u00f3 curiosidad ya que en 2022 Residente hizo una dura canci\u00f3n con el mismo productor sudamenricano contra el Ni\u00f1o de Medell\u00edn. \u201cComo le dicen por ah\u00ed Josecito, no tienes calle, por eso tiene\u2019 los nudillo\u2019 blandito\u2019\u201c, dec\u00eda esta de Residente. Tambi\u00e9n lo llam\u00f3 \u201cpendejo mentiroso\u201d, \u201cbobol\u00f3n\u201d, \u201ccobarde\u201d, \u201ccorderito mancebo\u201d, \u201cracista\u201d, \u201cblanquito de colegio\u201d, \u201cimb\u00e9cil con tinte de cabello\u201d, \u201cfracasado\u201d. Balvin apenas hab\u00eda hecho un post junto a un carrito de hot-dogs, orgulloso del aspecto popular de su m\u00fasica.<\/p>\n<p class=\"\">Pero ya todo eso qued\u00f3 en el pasado. En una entrevista reciente, el 18 de diciembre, J Balvin cuenta que no menciona a Residente en su nueva canci\u00f3n con Bizarrap y el paisa anuncia que \u201cya todo pas\u00f3, todo est\u00e1 bien (&#8230;) me atrevo a decir que le tengo cari\u00f1o a Residente\u201d. \u201cCuando uno tiene rencor hacia alguien, ese es un veneno que lo consume uno, uno se est\u00e1 envenenando. Uno puede tener un resentimiento y a la otra persona posiblemente no le importe. Todo empieza por uno, decir: \u2018tengo que sacar este dolor, no voy a vivir con ese peso\u201d, a\u00f1adi\u00f3 sobre su proceso de superar la pelea musical. Este 31 de diciembre da la prueba reina de la paz: una foto. <\/p>\n<p class=\"\">Pero J Balvin est\u00e1 en un momento de reconciliaci\u00f3n no solo con residente, sino con otras caras del g\u00e9nero urbano. Recientemente, en Ciudad de M\u00e9xico, el <a href=\"https:\/\/elpais.com\/mexico\/2025-12-22\/de-la-reconciliacion-con-j-balvin-al-olvido-de-julieta-venegas-las-colaboraciones-en-los-conciertos-de-bad-bunny-marcan-sus-presentaciones-en-mexico.html\" target=\"_self\" rel=\"nofollow noopener\" title=\"https:\/\/elpais.com\/mexico\/2025-12-22\/de-la-reconciliacion-con-j-balvin-al-olvido-de-julieta-venegas-las-colaboraciones-en-los-conciertos-de-bad-bunny-marcan-sus-presentaciones-en-mexico.html\">paisa apareci\u00f3 en el concierto de Bad Bunny<\/a>, quien tambi\u00e9n hab\u00eda criticado duramente a Balvin en una canci\u00f3n (Thunder y Lightning dice: \u201cUstede\u2019 me han visto, to\u2019s mis temas est\u00e1n charting \/ Ustede\u2019 me han visto, siempre ando con los mismo\u2019 \/Mientras ustedes son amigos de to\u2019 el mundo como Balvin\u201c). El Conejo Malo de Puerto Rico, sin embargo, se disculp\u00f3 en M\u00e9xico este diciembre con el colombiano, y los dos volvieron a cantar su sencillo m\u00e1s conocido, La Canci\u00f3n.<\/p>\n<p class=\"\">\u201cYa yo me disculp\u00e9 hace mucho tiempo, la gente no sabe pero tuvimos una conversaci\u00f3n hace varias semanas, pero est\u00e1bamos esperando el momento perfecto para compartir estas rimas y qu\u00e9 bueno que fue con M\u00e9xico\u201d, mencion\u00f3 Benito ante el p\u00fablico mexicano. Luego Balvin pondr\u00eda en su instagram: \u201cHoy celebro que estemos bien, que la paz tambi\u00e9n se haga tendencia, que los ejemplos pesen m\u00e1s que los titulares. Te quiero, Benito Antonio\u201d.<\/p>\n<p class=\"\">J Balvin est\u00e1 en paz con los hombres que lideran el reguet\u00f3n en su pa\u00eds tambi\u00e9n. Recientemente hizo un largo concierto en Medell\u00edn, de siete horas, en el que cant\u00f3 con varios de los \u00edconos del g\u00e9nero en Colombia pero tuvo especialmente un <a href=\"https:\/\/elpais.com\/gente\/2025-12-01\/asi-fue-el-emotivo-encuentro-de-rodillas-y-entre-abrazos-de-maluma-y-j-balvin-eres-un-hermano-para-mi-la-gente-estaba-esperando-vernos-juntos.html\" target=\"_self\" rel=\"nofollow noopener\" title=\"https:\/\/elpais.com\/gente\/2025-12-01\/asi-fue-el-emotivo-encuentro-de-rodillas-y-entre-abrazos-de-maluma-y-j-balvin-eres-un-hermano-para-mi-la-gente-estaba-esperando-vernos-juntos.html\">momento llamativo con otro paisa, Maluma<\/a>, quien lo acompa\u00f1\u00f3 en el escenario donde se dieron un emotivo abrazo. \u201cEres un hermano para m\u00ed, quiero que todo el mundo sepa lo mucho que lo amo\u201d, le dijo Balvin en el concierto. \u201cUna de mis mayores competencias se ha vuelto uno de mis grandes hermanos\u201d. Maluma tampoco ocult\u00f3 su cari\u00f1o all\u00ed y luego en redes sociales: \u201choy y siempre te aplaudimos, te celebramos y reconocemos la tarea que haces por poner a Medallo en el mapa\u201d . Jos\u00e9 Osorio, en un mes, ha dejado claro que quiere cerrar el 2025 en paz con sus amigos paisas y sus viejos enemigos boricuas. <\/p>\n","protected":false},"excerpt":{"rendered":"Pasaron cuatro a\u00f1os para que dos iconos de la m\u00fasica urbana en Am\u00e9rica Latina se reconciliaran. En 2021,&hellip;\n","protected":false},"author":2,"featured_media":316609,"comment_status":"","ping_status":"","sticky":false,"template":"","format":"standard","meta":{"footnotes":""},"categories":[174],"tags":[889,1282,255,1803,146,147,25,24,256,3029,1804,185,37335,2247,17492,6177,23],"class_list":{"0":"post-316608","1":"post","2":"type-post","3":"status-publish","4":"format-standard","5":"has-post-thumbnail","7":"category-famosos","8":"tag-america","9":"tag-bad-bunny","10":"tag-celebrities","11":"tag-colombia","12":"tag-entertainment","13":"tag-entretenimiento","14":"tag-es","15":"tag-espana","16":"tag-famosos","17":"tag-j-balvin","18":"tag-latinoamerica","19":"tag-musica","20":"tag-musica-latina","21":"tag-puerto-rico","22":"tag-reggaeton","23":"tag-residente","24":"tag-spain"},"share_on_mastodon":{"url":"https:\/\/pubeurope.com\/@es\/115817420070109959","error":""},"_links":{"self":[{"href":"https:\/\/www.europesays.com\/es\/wp-json\/wp\/v2\/posts\/316608","targetHints":{"allow":["GET"]}}],"collection":[{"href":"https:\/\/www.europesays.com\/es\/wp-json\/wp\/v2\/posts"}],"about":[{"href":"https:\/\/www.europesays.com\/es\/wp-json\/wp\/v2\/types\/post"}],"author":[{"embeddable":true,"href":"https:\/\/www.europesays.com\/es\/wp-json\/wp\/v2\/users\/2"}],"replies":[{"embeddable":true,"href":"https:\/\/www.europesays.com\/es\/wp-json\/wp\/v2\/comments?post=316608"}],"version-history":[{"count":0,"href":"https:\/\/www.europesays.com\/es\/wp-json\/wp\/v2\/posts\/316608\/revisions"}],"wp:featuredmedia":[{"embeddable":true,"href":"https:\/\/www.europesays.com\/es\/wp-json\/wp\/v2\/media\/316609"}],"wp:attachment":[{"href":"https:\/\/www.europesays.com\/es\/wp-json\/wp\/v2\/media?parent=316608"}],"wp:term":[{"taxonomy":"category","embeddable":true,"href":"https:\/\/www.europesays.com\/es\/wp-json\/wp\/v2\/categories?post=316608"},{"taxonomy":"post_tag","embeddable":true,"href":"https:\/\/www.europesays.com\/es\/wp-json\/wp\/v2\/tags?post=316608"}],"curies":[{"name":"wp","href":"https:\/\/api.w.org\/{rel}","templated":true}]}}