{"id":31661,"date":"2025-08-07T13:32:10","date_gmt":"2025-08-07T13:32:10","guid":{"rendered":"https:\/\/www.europesays.com\/es\/31661\/"},"modified":"2025-08-07T13:32:10","modified_gmt":"2025-08-07T13:32:10","slug":"dean-cain-de-superman-hot-de-los-90-a-engrosar-las-filas-de-los-agentes-antiinmigracion-de-trump","status":"publish","type":"post","link":"https:\/\/www.europesays.com\/es\/31661\/","title":{"rendered":"Dean Cain, de Superman \u2018hot\u2019 de los 90 a engrosar las filas de los agentes antiinmigraci\u00f3n de Trump"},"content":{"rendered":"<p>El actor <strong>Dean Cain<\/strong> fue, entre 1993 y 1997, Superman. Lo fue en Lois y Clark: las nuevas aventuras de Superman, junto a la Lois Lane de <strong>Teri Hatcher<\/strong>, cuya carrera despeg\u00f3 tras la serie. Cain, aunque acumul\u00f3 desde entonces docenas de peque\u00f1os papeles en cine y televisi\u00f3n, no tuvo tanta suerte profesional. Hasta el punto que ha decidido cambiar de vocaci\u00f3n a sus 59 a\u00f1os, poco despu\u00e9s del estreno de Superman de <strong>James Gunn<\/strong>, para <a data-offer-url=\"https:\/\/x.com\/RealDeanCain\/status\/1952831589487919236\" class=\"external-link\" data-event-click=\"{&quot;element&quot;:&quot;ExternalLink&quot;,&quot;outgoingURL&quot;:&quot;https:\/\/x.com\/RealDeanCain\/status\/1952831589487919236&quot;}\" href=\"https:\/\/x.com\/RealDeanCain\/status\/1952831589487919236\" rel=\"nofollow noopener\" target=\"_blank\">convertirse en uno m\u00e1s de los agentes<\/a> del Servicio de Inmigraci\u00f3n y Control de Aduanas (ICE) de su amigo <strong>Donald Trump<\/strong>.<\/p>\n<p>A Cain no le hizo falta ver la pel\u00edcula para expresar su desprecio a una de las ideas que defend\u00eda su director. <a data-offer-url=\"https:\/\/www.thetimes.com\/culture\/film\/article\/james-gunn-interview-superman-film-2025-david-corenswet-dhb3bw3rp\" class=\"external-link\" data-event-click=\"{&quot;element&quot;:&quot;ExternalLink&quot;,&quot;outgoingURL&quot;:&quot;https:\/\/www.thetimes.com\/culture\/film\/article\/james-gunn-interview-superman-film-2025-david-corenswet-dhb3bw3rp&quot;}\" href=\"https:\/\/www.thetimes.com\/culture\/film\/article\/james-gunn-interview-superman-film-2025-david-corenswet-dhb3bw3rp\" rel=\"nofollow noopener\" target=\"_blank\">Gunn se\u00f1al\u00f3 al Sunday Times<\/a> durante la promoci\u00f3n de la pel\u00edcula algo intr\u00ednseco al personaje (que Superman es \u00abla historia de un inmigrante\u00bb y \u201csobre todo una historia que dice que la bonda b\u00e1sica humana es un valor, y es algo que hemos perdido\u201d) y a Cain le pareci\u00f3 que aquello convert\u00eda en woke al personaje. Cain confesar\u00eda despu\u00e9s <a data-offer-url=\"https:\/\/variety.com\/2025\/tv\/news\/dean-cain-trump-woke-superman-sexually-harassed-1236473005\/\" class=\"external-link\" data-event-click=\"{&quot;element&quot;:&quot;ExternalLink&quot;,&quot;outgoingURL&quot;:&quot;https:\/\/variety.com\/2025\/tv\/news\/dean-cain-trump-woke-superman-sexually-harassed-1236473005\/&quot;}\" href=\"https:\/\/variety.com\/2025\/tv\/news\/dean-cain-trump-woke-superman-sexually-harassed-1236473005\/\" rel=\"nofollow noopener\" target=\"_blank\">a Variety<\/a> no haber visto la pel\u00edcula tras sus acusaciones. Entre <a data-offer-url=\"https:\/\/www.tmz.com\/2025\/07\/09\/superman-dean-cain-immigrant-controversy\/\" class=\"external-link\" data-event-click=\"{&quot;element&quot;:&quot;ExternalLink&quot;,&quot;outgoingURL&quot;:&quot;https:\/\/www.tmz.com\/2025\/07\/09\/superman-dean-cain-immigrant-controversy\/&quot;}\" href=\"https:\/\/www.tmz.com\/2025\/07\/09\/superman-dean-cain-immigrant-controversy\/\" rel=\"nofollow noopener\" target=\"_blank\">esas cr\u00edticas<\/a> se\u00f1al\u00f3 que resultaba provocador resaltar la condici\u00f3n de inmigrante de Superman en mitad de las redadas indiscriminadas del ICE, el brazo armado de la pol\u00edtica antiinmigratoria de Trump, que ha reforzado el servicio hasta convertirlo en <a data-offer-url=\"https:\/\/www.nytimes.com\/2025\/07\/12\/us\/politics\/ice-expansion-concerns.html\" class=\"external-link\" data-event-click=\"{&quot;element&quot;:&quot;ExternalLink&quot;,&quot;outgoingURL&quot;:&quot;https:\/\/www.nytimes.com\/2025\/07\/12\/us\/politics\/ice-expansion-concerns.html&quot;}\" href=\"https:\/\/www.nytimes.com\/2025\/07\/12\/us\/politics\/ice-expansion-concerns.html\" rel=\"nofollow noopener\" target=\"_blank\">el que m\u00e1s recursos tiene entre todas las agencias federales<\/a>. Uno de sus agentes ser\u00e1 Cain.<\/p>\n<p>Dean Cain, en una cumbre pol\u00edtica conservadora en 2025.<\/p>\n<p>DOMINIC GWINN\/Getty Images<\/p>\n<p>El actor en realidad lleg\u00f3 literalmente por accidente al personaje, y al mundo del espect\u00e1culo. Pese a ser hijo de actriz (<strong>Sharon Thomas<\/strong>, que apareci\u00f3 en un episodio de Lois y Clark) e hijo adoptivo del director <strong>Christopher Cain<\/strong> (Arma Joven), vivir una infancia en la que contaba entre sus amigos a gente como <strong>Chris Penn<\/strong> (hermano de <strong>Sean<\/strong>), <strong>Charlie Sheen<\/strong> o <strong>Rob Lowe<\/strong>, y haber protagonizado uno de los romances m\u00e1s sonados durante su adolescencia (cuatro a\u00f1os junto a <strong>Brooke Shields<\/strong>), a Cain lo que se le daba bien era el deporte. Hasta el punto de que consigui\u00f3 dar el salto a la NFL, la liga de f\u00fatbol americano, de la mano de los Buffalo Bills. Hasta que se lesion\u00f3 en uno de sus primeros entrenamientos y dijo adi\u00f3s para siempre a esa etapa de su vida. De ah\u00ed llegaron los pinitos en el cine, m\u00e1s romances sonados (<strong>Pamela Anderson<\/strong>) y un Superman que tuvo que disputar en la ronda final a otro actor conservador de carrera a trompicones, <strong>Kevin Sorbo<\/strong> (H\u00e9rcules).<\/p>\n<p>Con los a\u00f1os, mientras Hatcher se hac\u00eda famosa con Mujeres Desesperadas y \u00e9l se ve\u00eda cada vez m\u00e1s relegado a papeles epis\u00f3dicos, Cain se fue haciendo famoso como conservador. Presume desde hace a\u00f1os \u2013desde antes de Trump, al que le une una amistad de d\u00e9cadas\u2013 de su filiaci\u00f3n republicana y en los \u00faltimos tiempos empleaba sus redes sociales y apariciones en Fox News para convertirse en amplificador de los mensajes de su \u201camado presidente\u201d. Pero parece que el nuevo Superman ha terminado por llevarle a un nuevo destino, en las ant\u00edpodas del Superman de Gunn. El director ya hab\u00eda previsto algo as\u00ed en la misma entrevista del Times, de todas maneras: su Superman, reiteraba \u201cva sobre la bondad humana y obviamente habr\u00e1 capullos por ah\u00ed que carezcan de ella y se lo tomen como algo ofensivo s\u00f3lo porque va sobre ser buenos. Pero, que les den\u201d.<\/p>\n","protected":false},"excerpt":{"rendered":"El actor Dean Cain fue, entre 1993 y 1997, Superman. Lo fue en Lois y Clark: las nuevas&hellip;\n","protected":false},"author":2,"featured_media":31662,"comment_status":"","ping_status":"","sticky":false,"template":"","format":"standard","meta":{"footnotes":""},"categories":[91],"tags":[352,146,147,25,24,952,805,23],"class_list":{"0":"post-31661","1":"post","2":"type-post","3":"status-publish","4":"format-standard","5":"has-post-thumbnail","7":"category-entretenimiento","8":"tag-donald-trump","9":"tag-entertainment","10":"tag-entretenimiento","11":"tag-es","12":"tag-espana","13":"tag-politica","14":"tag-series","15":"tag-spain"},"share_on_mastodon":{"url":"","error":""},"_links":{"self":[{"href":"https:\/\/www.europesays.com\/es\/wp-json\/wp\/v2\/posts\/31661","targetHints":{"allow":["GET"]}}],"collection":[{"href":"https:\/\/www.europesays.com\/es\/wp-json\/wp\/v2\/posts"}],"about":[{"href":"https:\/\/www.europesays.com\/es\/wp-json\/wp\/v2\/types\/post"}],"author":[{"embeddable":true,"href":"https:\/\/www.europesays.com\/es\/wp-json\/wp\/v2\/users\/2"}],"replies":[{"embeddable":true,"href":"https:\/\/www.europesays.com\/es\/wp-json\/wp\/v2\/comments?post=31661"}],"version-history":[{"count":0,"href":"https:\/\/www.europesays.com\/es\/wp-json\/wp\/v2\/posts\/31661\/revisions"}],"wp:featuredmedia":[{"embeddable":true,"href":"https:\/\/www.europesays.com\/es\/wp-json\/wp\/v2\/media\/31662"}],"wp:attachment":[{"href":"https:\/\/www.europesays.com\/es\/wp-json\/wp\/v2\/media?parent=31661"}],"wp:term":[{"taxonomy":"category","embeddable":true,"href":"https:\/\/www.europesays.com\/es\/wp-json\/wp\/v2\/categories?post=31661"},{"taxonomy":"post_tag","embeddable":true,"href":"https:\/\/www.europesays.com\/es\/wp-json\/wp\/v2\/tags?post=31661"}],"curies":[{"name":"wp","href":"https:\/\/api.w.org\/{rel}","templated":true}]}}