{"id":316648,"date":"2026-01-01T02:46:40","date_gmt":"2026-01-01T02:46:40","guid":{"rendered":"https:\/\/www.europesays.com\/es\/316648\/"},"modified":"2026-01-01T02:46:40","modified_gmt":"2026-01-01T02:46:40","slug":"el-ayuntamiento-brinda-un-fin-de-ano-para-los-ninos-desde-la-plaza-de-espana","status":"publish","type":"post","link":"https:\/\/www.europesays.com\/es\/316648\/","title":{"rendered":"El Ayuntamiento brinda un Fin de A\u00f1o para los ni\u00f1os desde la Plaza de Espa\u00f1a\u00a0"},"content":{"rendered":"<p><strong>Las delegaciones\u00a0de Infancia y la de Festejos llevan a cabo este mi\u00e9rcoles las \u2018Campanadas Infantiles\u2019 del 31 de diciembre a las 12:00 horas en la Plaza de Espa\u00f1a, donde desde media hora antes habr\u00e1 animaci\u00f3n y cuenta atr\u00e1s para dar la bienvenida al A\u00f1o Nuevo 2026 en un ambiente festivo.<\/strong><\/p>\n<p><strong>Daimiel Noticias. \u2013 <\/strong>La Plaza de Espa\u00f1a acoge un 31 de diciembre m\u00e1s al mediod\u00eda la celebraci\u00f3n de las \u2018Campanadas Infantiles\u2019 organizadas desde las delegaciones de Infancia y Festejos del Ayuntamiento de Daimiel.\u00a0<\/p>\n<p>Desde las 11:30 horas, un equipo de monitores juveniles llevar\u00e1 a cabo actividades de animaci\u00f3n para invitar a todos los ni\u00f1os, ni\u00f1as y familias a participar en esta especial celebraci\u00f3n.<\/p>\n<p>Est\u00e1 previsto que media hora despu\u00e9s, a las 12, comience la cuenta atr\u00e1s para dar la bienvenida al a\u00f1o 2026. En lugar de las tradicionales uvas, cada participante podr\u00e1 llevar golosinas, gusanitos u otro tipo de snack\u00a0de su elecci\u00f3n para estas\u00a0\u00abcampanadas infantiles\u201d.<\/p>\n<p>Tras la bienvenida al nuevo a\u00f1o, habr\u00e1 bailes infantiles para que las familias puedan disfrutar de un momento festivo y compartir esta experiencia con los m\u00e1s peque\u00f1os.<\/p>\n<p>\u00a0 \u00a0 \u00a0 \u00a0 \u00a0 \u00a0 \u00a0 \u00a0 \u00a0 \u00a0 \u00a0 \u00a0 \u00a0 \u00a0 \u00a0 \u00a0 \u00a0 \u00a0 \u00a0 \u00a0 \u00a0 \u00a0 \u00a0 \u00a0 \u00a0\u00a0<\/p>\n","protected":false},"excerpt":{"rendered":"Las delegaciones\u00a0de Infancia y la de Festejos llevan a cabo este mi\u00e9rcoles las \u2018Campanadas Infantiles\u2019 del 31 de&hellip;\n","protected":false},"author":2,"featured_media":316649,"comment_status":"","ping_status":"","sticky":false,"template":"","format":"standard","meta":{"footnotes":""},"categories":[8],"tags":[17,18,48603,3010,25,24,13,14,11,3624,19,20,9,10,15,16,23,12,21,22],"class_list":{"0":"post-316648","1":"post","2":"type-post","3":"status-publish","4":"format-standard","5":"has-post-thumbnail","7":"category-espana","8":"tag-breaking-news","9":"tag-breakingnews","10":"tag-campanadas","11":"tag-daimiel","12":"tag-es","13":"tag-espana","14":"tag-featured-news","15":"tag-featurednews","16":"tag-headlines","17":"tag-infancia","18":"tag-latest-news","19":"tag-latestnews","20":"tag-news","21":"tag-noticias","22":"tag-noticias-destacadas","23":"tag-noticiasdestacadas","24":"tag-spain","25":"tag-titulares","26":"tag-ultimas-noticias","27":"tag-ultimasnoticias"},"share_on_mastodon":{"url":"https:\/\/pubeurope.com\/@es\/115817557825880980","error":""},"_links":{"self":[{"href":"https:\/\/www.europesays.com\/es\/wp-json\/wp\/v2\/posts\/316648","targetHints":{"allow":["GET"]}}],"collection":[{"href":"https:\/\/www.europesays.com\/es\/wp-json\/wp\/v2\/posts"}],"about":[{"href":"https:\/\/www.europesays.com\/es\/wp-json\/wp\/v2\/types\/post"}],"author":[{"embeddable":true,"href":"https:\/\/www.europesays.com\/es\/wp-json\/wp\/v2\/users\/2"}],"replies":[{"embeddable":true,"href":"https:\/\/www.europesays.com\/es\/wp-json\/wp\/v2\/comments?post=316648"}],"version-history":[{"count":0,"href":"https:\/\/www.europesays.com\/es\/wp-json\/wp\/v2\/posts\/316648\/revisions"}],"wp:featuredmedia":[{"embeddable":true,"href":"https:\/\/www.europesays.com\/es\/wp-json\/wp\/v2\/media\/316649"}],"wp:attachment":[{"href":"https:\/\/www.europesays.com\/es\/wp-json\/wp\/v2\/media?parent=316648"}],"wp:term":[{"taxonomy":"category","embeddable":true,"href":"https:\/\/www.europesays.com\/es\/wp-json\/wp\/v2\/categories?post=316648"},{"taxonomy":"post_tag","embeddable":true,"href":"https:\/\/www.europesays.com\/es\/wp-json\/wp\/v2\/tags?post=316648"}],"curies":[{"name":"wp","href":"https:\/\/api.w.org\/{rel}","templated":true}]}}