{"id":316666,"date":"2026-01-01T03:05:10","date_gmt":"2026-01-01T03:05:10","guid":{"rendered":"https:\/\/www.europesays.com\/es\/316666\/"},"modified":"2026-01-01T03:05:10","modified_gmt":"2026-01-01T03:05:10","slug":"el-vestido-de-chenoa-en-las-campanadas-lentejuelas-y-escote-de-vertigo-para-un-diseno-creado-en-la-mancha-s-moda-revista-de-moda-belleza-tendencias-y-famosos","status":"publish","type":"post","link":"https:\/\/www.europesays.com\/es\/316666\/","title":{"rendered":"El vestido de Chenoa en las Campanadas: lentejuelas y escote de v\u00e9rtigo para un dise\u00f1o creado en La Mancha | S Moda: Revista de moda, belleza, tendencias y famosos"},"content":{"rendered":"<p class=\"\">En la noche en la que el pa\u00eds entero se congrega frente al televisor para despedir el a\u00f1o al ritmo de las doce uvas, la expectaci\u00f3n no solo la marcan las Campanadas, sino los looks de quienes las presentan. Parte de ese ritual moderno se explica por el \u00e9xito de Cristina Pedroche y su capacidad para superar, a\u00f1o tras a\u00f1o, las expectativas con propuestas cada vez m\u00e1s arriesgadas. Pero este 2026 arranc\u00f3 poniendo el foco en otra elecci\u00f3n: la de la cantante Chenoa, en su debut como presentadora de las Campanadas. Ella fue la encargada de dar la bienvenida al a\u00f1o nuevo en La 1 junto a Estopa, despu\u00e9s de que la pareja compuesta por Andreu Buenafuente y Silvia Abril renunciara a hacerlo. A poco m\u00e1s de dos semanas de las Campanadas de 2025, el humorista confirm\u00f3 que la baja por estr\u00e9s que lo mantiene alejado de los focos desde noviembre iba a alargarse m\u00e1s de lo esperado y su retirada supuso tambi\u00e9n la de la actriz. Fue poco despu\u00e9s cuando TVE confirm\u00f3 a Chenoa y a los hermanos David y Jos\u00e9 Mu\u00f1oz como los nuevos presentadores, sembrando la inc\u00f3gnita de qui\u00e9n y c\u00f3mo vestir\u00eda a la cantante para \u201cvivir una experiencia \u00fanica\u201d, tal y como ella la calific\u00f3 en sus redes sociales sin ocultar su ilusi\u00f3n por cerrar el curso ante millones de espectadores. <\/p>\n<p><img alt=\"El sello de identidad de Alejandro de Miguel es un patronaje que se adapta al cuerpo. No ha sido menos en el caso de Chenoa.\" decoding=\"auto\" class=\"_re lazyload a_m-v\" height=\"518\"  width=\"414\"  src=\"https:\/\/www.europesays.com\/es\/wp-content\/uploads\/2026\/01\/TRU2XAK4DFCFRIU2V6CPOEOPAQ.jpg\" loading=\"lazy\"\/>El sello de identidad de Alejandro de Miguel es un patronaje que se adapta al cuerpo. No ha sido menos en el caso de Chenoa.<\/p>\n<p class=\"\">El elegido para dise\u00f1ar su vestido fue Alejandro de Miguel, un veterano en la creaci\u00f3n de prendas para grandes eventos y el modisto que m\u00e1s dise\u00f1os ha firmado para esta ocasi\u00f3n. \u201cHe vestido a las presentadoras de las Campanadas de casi todas las cadenas de televisi\u00f3n y algunas tan sonadas como las de Ana Obreg\u00f3n en La 1\u201d, cuenta el dise\u00f1ador a S Moda horas antes de que se desvele uno de los vestidos m\u00e1s importantes y comentados del a\u00f1o. El manchego, natural del pueblo toledano Miguel Esteban, del que toma su nombre art\u00edstico y en el que su equipo de costureras ha confeccionado el vestido, acept\u00f3 el cometido de vestir a Chenoa \u201ccon much\u00edsima ilusi\u00f3n\u201d a pesar de que ha supuesto un reto crear un vestido en \u201ctiempo r\u00e9cord\u201d, en apenas ocho d\u00edas, y a distancia. \u201cLo hemos hecho todo por tel\u00e9fono porque no hab\u00eda tiempo. Al d\u00eda siguiente de recibir el encargo ya ten\u00eda listos un par de bocetos. Se los mand\u00e9 a Chenoa y ella sinti\u00f3 un flechazo por la primera opci\u00f3n, que tambi\u00e9n era su favorita. Me mandaron sus medidas y nos pusimos manos a la obra repartiendo el trabajo entre siete de mis costureras: mientras una hac\u00eda la espalda, la otra se encargaba del delantero y otra del forro\u2026\u201d. <\/p>\n<p><img decoding=\"auto\" class=\"_re lazyload a_m-v\" height=\"593\"  width=\"414\"  src=\"https:\/\/www.europesays.com\/es\/wp-content\/uploads\/2026\/01\/ZNRV47WQ3ZEFTLLH4EYTB6QKC4.jpg\" loading=\"lazy\"\/>El vestido sobre su maniqu\u00ed de costura.<\/p>\n<p class=\"\">El resultado ha sido un dise\u00f1o en color blanco, el tono que Pantone ha declarado como oficial de 2026 \u2013ellos lo han bautizado como Cloud Dancer\u2013 e inspirado en la luz esc\u00e9nica que ha marcado la trayectoria de la cantante desde que se diera a conocer como concursante de la primera edici\u00f3n de Operaci\u00f3n Triunfo. As\u00ed, movido por los focos que han alumbrado su exitosa carrera y por su seguridad personal y profesional, el manchego ha confeccionado un llamativo vestido realizado a medida en pedrer\u00eda de canutillo y lentejuela, con un sugerente escote en forma de U y un grandilocuente volumen en las mangas, elaboradas en tules de seda. Una creaci\u00f3n pensada para captar la luz del directo y hacer brillar a Chenoa ante los millones de espectadores que siguieron la retransmisi\u00f3n m\u00e1s emblem\u00e1tica de comienzos de a\u00f1o. \u201cEs un dise\u00f1o con el que quer\u00edamos transmitir luz y magia pero, sobre todo, ver a una Chenoa elegante y sexy. Es un sue\u00f1o de vestido\u201d, concede su art\u00edfice. Adem\u00e1s del escaso tiempo para idear y ejecutar la prenda, el gran reto al que se enfrent\u00f3 el manchego fue el ensamblaje de las piezas que lo componen. \u201cSe romp\u00edan las agujas por lo delicado del tejido\u201d, explica sobre una creaci\u00f3n que se ha hecho enteramente a mano y que ha requerido de m\u00e1s de 200 horas de trabajo al tratarse de una pieza delicada y artesanal. <\/p>\n<p><img alt=\"El boceto del vestido remitido a la prensa por el dise\u00f1ador.\" decoding=\"auto\" class=\"_re lazyload a_m-v\" height=\"596\"  width=\"414\"  src=\"https:\/\/www.europesays.com\/es\/wp-content\/uploads\/2026\/01\/HCWNVQQAEVFTNFQGDYKAZQGZQI.png\" loading=\"lazy\"\/>El boceto del vestido remitido a la prensa por el dise\u00f1ador.<\/p>\n<p class=\"\">Este es el primer dise\u00f1o que Alejandro de Miguel firma para la cantante y la experiencia, aunque en remoto, ha sido muy positiva. \u201cYo que soy experto en esto y s\u00e9 que las presentadoras se lo toman muy a pecho porque sienten mucha presi\u00f3n, he visto a una mujer muy segura de s\u00ed misma y que conf\u00eda en los profesionales. Otra hubiera estado llam\u00e1ndome todo el rato, pero ella ha estado muy relajada en todo el proceso y eso me ha hecho trabajar de una forma muy c\u00f3moda\u201d, confiesa al otro lado del tel\u00e9fono. Tanto es as\u00ed que la primera y \u00fanica prueba del dise\u00f1o se hizo horas antes de que el reloj de la Puerta del Sol marcara las doce: en la v\u00edspera de las Campanadas, durante el ensayo general de la retransmisi\u00f3n en el que tambi\u00e9n se dispar\u00f3 la foto oficial de la cantante vestida para la ocasi\u00f3n. Junto a ella, los integrantes del d\u00fao Estopa daban la bienvenida al nuevo a\u00f1o luciendo sendos dise\u00f1os de F\u00e9lix Ramiro, firma referente de la sastrer\u00eda espa\u00f1ola conocida por sus dise\u00f1os elegantes, pero con un giro contempor\u00e1neo. Ambos han confiado en la elegancia del esmoquin: David con un dise\u00f1o en lana fr\u00eda de color negro con solapas a contraste en seda natural y su hermano, Jos\u00e9, con una variante que cambia la estructura del patr\u00f3n, con delantero recto, cierre de un bot\u00f3n y solapas redondeadas.<\/p>\n<p><img decoding=\"auto\" class=\"_re lazyload a_m-v\" height=\"585\"  width=\"414\"  src=\"https:\/\/www.europesays.com\/es\/wp-content\/uploads\/2026\/01\/FDSKKAYJ5ZDAVLBER4R6IL24N4.jpeg\" loading=\"lazy\"\/>El dise\u00f1ador Alejandro de Miguel.<\/p>\n<p class=\"\">El sello de identidad de Alejandro de Miguel, que lleva m\u00e1s de 20 a\u00f1os al frente de su marca y cuenta con un taller de confecci\u00f3n a medida en su pueblo natal, otro en Toledo y un exclusivo atelier en la milla de oro madrile\u00f1a, es un patronaje que se adapta al cuerpo y que est\u00e1 ideado para resultar muy favorecedor. De ah\u00ed que se haya convertido en uno de los modistos de cabecera de la jet set, la aristocracia espa\u00f1ola y la mism\u00edsima reina em\u00e9rita pudiendo presumir de saber vestir a mujeres de edades, hechuras y gustos muy distintos. Do\u00f1a Sof\u00eda lo ha escogido en m\u00faltiples ocasiones, pero en su lista de clientas \u2013las madrinas, novias e invitadas a medida son su especialidad\u2013 tambi\u00e9n figuran nombres tan distinguidos como las Koplowitz, Carmen Lomana u otras ic\u00f3nicas presentadoras de las Campanadas como Anne Igartiburu, Ana Obreg\u00f3n, Paz Padilla, Cristina Pardo o Dafne Fern\u00e1ndez. En total, sumando los de retransmisiones auton\u00f3micas y nacionales, ha firmado m\u00e1s de veinte dise\u00f1os para despedir el a\u00f1o; un hito que consolida su papel como arquitecto del glamour televisivo en esta noche. <\/p>\n<p><img decoding=\"auto\" class=\"_re lazyload a_m-v\" height=\"577\"  width=\"414\"  src=\"https:\/\/www.europesays.com\/es\/wp-content\/uploads\/2026\/01\/SRUVGA6FRNEN5O2OBHITK7PWIE.jpg\" loading=\"lazy\"\/>La cantante posa con el vestido antes del gran momento.<\/p>\n<p class=\"\">A este historial, que seg\u00fan asegura ni siquiera era capaz de imaginar cuando so\u00f1aba con dedicarse al oficio que le ense\u00f1aron sus padres en el taller familiar, se suma ahora el de vestir a Chenoa, en una noche en la que cada detalle se analiza al mil\u00edmetro y en la que la moda vuelve a ocupar un lugar central en el imaginario televisivo.<\/p>\n","protected":false},"excerpt":{"rendered":"En la noche en la que el pa\u00eds entero se congrega frente al televisor para despedir el a\u00f1o&hellip;\n","protected":false},"author":2,"featured_media":316667,"comment_status":"","ping_status":"","sticky":false,"template":"","format":"standard","meta":{"footnotes":""},"categories":[91],"tags":[17945,146,147,25,24,2328,1023,5199,43852,23],"class_list":{"0":"post-316666","1":"post","2":"type-post","3":"status-publish","4":"format-standard","5":"has-post-thumbnail","7":"category-entretenimiento","8":"tag-chenoa","9":"tag-entertainment","10":"tag-entretenimiento","11":"tag-es","12":"tag-espana","13":"tag-fiesta","14":"tag-moda","15":"tag-nochevieja","16":"tag-puerta-del-sol","17":"tag-spain"},"share_on_mastodon":{"url":"https:\/\/pubeurope.com\/@es\/115817633911857052","error":""},"_links":{"self":[{"href":"https:\/\/www.europesays.com\/es\/wp-json\/wp\/v2\/posts\/316666","targetHints":{"allow":["GET"]}}],"collection":[{"href":"https:\/\/www.europesays.com\/es\/wp-json\/wp\/v2\/posts"}],"about":[{"href":"https:\/\/www.europesays.com\/es\/wp-json\/wp\/v2\/types\/post"}],"author":[{"embeddable":true,"href":"https:\/\/www.europesays.com\/es\/wp-json\/wp\/v2\/users\/2"}],"replies":[{"embeddable":true,"href":"https:\/\/www.europesays.com\/es\/wp-json\/wp\/v2\/comments?post=316666"}],"version-history":[{"count":0,"href":"https:\/\/www.europesays.com\/es\/wp-json\/wp\/v2\/posts\/316666\/revisions"}],"wp:featuredmedia":[{"embeddable":true,"href":"https:\/\/www.europesays.com\/es\/wp-json\/wp\/v2\/media\/316667"}],"wp:attachment":[{"href":"https:\/\/www.europesays.com\/es\/wp-json\/wp\/v2\/media?parent=316666"}],"wp:term":[{"taxonomy":"category","embeddable":true,"href":"https:\/\/www.europesays.com\/es\/wp-json\/wp\/v2\/categories?post=316666"},{"taxonomy":"post_tag","embeddable":true,"href":"https:\/\/www.europesays.com\/es\/wp-json\/wp\/v2\/tags?post=316666"}],"curies":[{"name":"wp","href":"https:\/\/api.w.org\/{rel}","templated":true}]}}