{"id":316676,"date":"2026-01-01T03:12:12","date_gmt":"2026-01-01T03:12:12","guid":{"rendered":"https:\/\/www.europesays.com\/es\/316676\/"},"modified":"2026-01-01T03:12:12","modified_gmt":"2026-01-01T03:12:12","slug":"chenoa-y-estopa-pedroche-y-chicote-sandra-barneda-y-xuso-jones","status":"publish","type":"post","link":"https:\/\/www.europesays.com\/es\/316676\/","title":{"rendered":"Chenoa y Estopa, Pedroche y Chicote, Sandra Barneda y Xuso Jones&#8230;"},"content":{"rendered":"<p class=\"c-paragraph\">Un a\u00f1o m\u00e1s llega el 31 de diciembre y en Espa\u00f1a se cumple<b> la tradici\u00f3n de comerse las doce uvas al ritmo de las campanadas de medianoche<\/b>. Eso s\u00ed, con qu\u00e9 reloj y con qu\u00e9 maestros de ceremonias puede cambiar mucho. Todas las cadenas y grupos de televisi\u00f3n ponen a sus rostros m\u00e1s conocidos para tratar de convencer a la audiencia. Repasamos qui\u00e9n presentar\u00e1 las Campanadas en las distintas cadenas y plataformas.\u00a0<\/p>\n<p>RTVE<\/p>\n<p class=\"c-paragraph\">La cantante\u00a0<a href=\"https:\/\/www.20minutos.es\/tags\/personas\/chenoa.html\" title=\"Chenoa\" rel=\"nofollow noopener\" target=\"_blank\">Chenoa<\/a>\u00a0y el d\u00fao musical\u00a0<a href=\"https:\/\/www.20minutos.es\/tags\/personas\/chenoa.html\" title=\"Chenoa\" rel=\"nofollow noopener\" target=\"_blank\">Estopa<\/a>, formado por David y Jos\u00e9 Mu\u00f1oz, ser\u00e1n quienes se pongan al frente de las Campanadas de RTVE, seg\u00fan anunci\u00f3 la corporaci\u00f3n p\u00fablica ayer por la noche.\u00a0<b><b>En un principio estuvo previsto que fuera el presentador y humorista<\/b><\/b>\u00a0<a href=\"https:\/\/www.20minutos.es\/tags\/personas\/buenafuente.html\" title=\"Buenafuente\" rel=\"nofollow noopener\" target=\"_blank\">Andreu Buenafuente<\/a>\u00a0y su pareja, la actriz y humorista\u00a0<a href=\"https:\/\/www.20minutos.es\/tags\/personas\/silvia-abril.html\" title=\"Silvia Abril\" rel=\"nofollow noopener\" target=\"_blank\">Silvia Abril<\/a>, quienes condujeran la tradicional ingesta de las uvas en el cambio de a\u00f1o.<\/p>\n<p class=\"c-paragraph\">Sin embargo, problemas de salud de Buenafuente le hicieron desistir. RTVE inici\u00f3 entonces\u00a0<b><b>una b\u00fasqueda de posibles sustitutos que acab\u00f3 ayer con el citado anuncio<\/b><\/b>\u00a0de los nuevos presentadores, que har\u00e1n la retransmisi\u00f3n desde la Puerta del Sol de Madrid para todos los canales de RTVE.<\/p>\n<p> Encuesta \u00bfCon qui\u00e9n vas a ver las Campanadas?<\/p>\n<p class=\"c-detail--poll__claim\"> Esta encuesta no es cient\u00edfica y s\u00f3lo refleja la opini\u00f3n de aquellos lectores que han elegido participar. Los resultados no representan necesariamente la opini\u00f3n de los internautas en general o de los lectores al completo. <\/p>\n<p class=\"c-paragraph\">El a\u00f1o pasado, con\u00a0<a href=\"https:\/\/www.20minutos.es\/tags\/personas\/broncano.html\" title=\"David Broncano\" rel=\"nofollow noopener\" target=\"_blank\">David Broncano<\/a>\u00a0y\u00a0<a href=\"https:\/\/www.20minutos.es\/tags\/personas\/lalachus.html\" title=\"LalaChus\" rel=\"nofollow noopener\" target=\"_blank\">Lalachus<\/a>, RTVE fue l\u00edder de audiencia con 5.958.000 espectadores y un 38,7% de cuota sumando la audiencia en todas sus cadenas.<b><b>\u00a0Este a\u00f1o Chenoa\u00a0y los Estopa se estrenar\u00e1n en estas lides de explicar a los espa\u00f1oles c\u00f3mo son los cuartos<\/b><\/b>\u00a0y c\u00f3mo las campanadas.\u00a0<\/p>\n<p class=\"c-paragraph\">Una hora habr\u00e1 una nueva retransmisi\u00f3n, esta vez desde las Islas Canarias, para los espectadores del archipi\u00e9lago. La pareja de presentadores estar\u00e1 formada por dos artistas canarios:\u00a0<b><b>NIA, ganadora del Festival de Vi\u00f1a del Mar 2025<\/b><\/b>, en la que ser\u00e1 su cuarta retransmisi\u00f3n de Campanadas para RTVE,\u00a0<b><b>y st. Pedro<\/b><\/b>, que se estrena en esta labor tras triunfar con un segundo puesto en el Benidorm Fest 2024.<\/p>\n<p>Atresmedia (Antena 3 y La Sexta)\u00a0<\/p>\n<p class=\"c-paragraph\"><a href=\"https:\/\/www.20minutos.es\/tags\/personas\/cristina-pedroche.html\" title=\"Cristina Pedroche\" rel=\"nofollow noopener\" target=\"_blank\">Cristina Pedroche<\/a>\u00a0y\u00a0<a href=\"https:\/\/www.20minutos.es\/tags\/personas\/alberto-chicote.html\" title=\"Alberto Chicote\" rel=\"nofollow noopener\" target=\"_blank\">Alberto Chicote<\/a>\u00a0presentar\u00e1n en Antena 3, La Sexta y Atresplayer las campanadas de Atresmedia.<b><b>\u00a0La presentadora y el cocinero volver\u00e1n a unirse en la Puerta del Sol por d\u00e9cimo a\u00f1o consecutivo<\/b><\/b>, con el tradicional misterio en torno al vestido de Pedroche como tema central de la retransmisi\u00f3n, que ser\u00e1 \u00abm\u00e1s grande que nunca\u00bb, seg\u00fan las promociones de la cadena. Les acompa\u00f1ar\u00e1 como invitado el actor y director Santiago Segura.<\/p>\n<p class=\"c-paragraph\">La retransmisi\u00f3n presentada por\u00a0<b><b>Pedroche y Chicote el a\u00f1o pasado creci\u00f3 hasta un 28,1% de cuota de pantalla con m\u00e1s de 4,3 millones<\/b><\/b>\u00a0de espectadores de media. (La Sexta sum\u00f3 para Atresmedia otro 2,8% y 438.000 seguidores con Dani Mateo y Cristina Pardo.<\/p>\n<p>Mediaset (Telecinco y Cuatro)\u00a0<\/p>\n<p class=\"c-paragraph\">Mediaset se sale del guion y de la Puerta del Sol un a\u00f1o m\u00e1s y despedir\u00e1 el a\u00f1o desde la estaci\u00f3n de Aram\u00f3n Formigal-Panticosa.\u00a0<b><b>Sandra Barneda y Xuso Jones conducir\u00e1n la retransmisi\u00f3n de fin de a\u00f1o<\/b><\/b>\u00a0y las campanadas que se ver\u00e1n ser\u00e1n las del reloj de la Iglesia de Nuestra Se\u00f1ora de la Asunci\u00f3n, en Sallent de G\u00e1llego, una de las villas m\u00e1s singulares y pintorescas del Alto G\u00e1llego.<\/p>\n<p class=\"c-paragraph\">Sandra Barneda ya present\u00f3 las campanadas en 2020, acompa\u00f1ada de Christian G\u00e1lvez.\u00a0<b><b>Xuxo Jones tambi\u00e9n tiene experiencia, pues present\u00f3 las Campanadas tres a\u00f1os consecutivos en la televisi\u00f3n auton\u00f3mica de Murcia<\/b><\/b>, acompa\u00f1ado de Kika Frutos, desde la temporada 2020 hasta 23. La emisi\u00f3n ser\u00e1 en simulcast en Telecinco y Cuatro. El a\u00f1o pasado, en Telecinco y Cuatro estuvieron Ion Aramendi y Blanca Romero, que sumaron un 6,3% de cuota y 987.000 espectadores entre Telecinco y Cuatro.<\/p>\n<p>Los reci\u00e9n llegados&#8230;\u00a0<\/p>\n<p class=\"c-paragraph\">Este a\u00f1o habr\u00e1 un nuevo competidor: los protagonistas de L<b>a casa de los gemelos 2<\/b><b>, el pol\u00e9mico reality <\/b>emitido por Youtube y otras plataformas, como La Marrash o La Falete,\u00a0tambi\u00e9n dar\u00e1n las campanadas desde la Puerta del Sol.<\/p>\n<p>Auton\u00f3micas<\/p>\n<p class=\"c-paragraph\">En <b>TV3<\/b> apuestan por tercer a\u00f1o consecutivo por la creadora de contenido Laura Escanes y el cantante Miki N\u00fa\u00f1ez, dos ilustres catalanes. En <b>Telemadrid<\/b> ser\u00e1n Poty Castillo, presentador de\u00a0Sabor a Madrid; M\u00f3nica Mart\u00ednez, de\u00a0Divino tesoro\u00a0e Irene, una de las protagonistas de\u00a0El camping\u00a0quienes acompa\u00f1en a los espectadores en los \u00faltimos segundos del a\u00f1o. <b>Arag\u00f3n TV<\/b> estar\u00e1n en la retransmisi\u00f3n los protagonistas de\u00a0El campo es nuestro\u00a0junto a la periodista y presentadora Blanca Liso. <b>\u00c0 Punt<\/b> contar\u00e1 con Mar\u00eda Fuster y Ferran Cano. <b>La Televisi\u00f3n de Galicia<\/b> (TVG) solo ha confirmado por el momento a Eva Iglesias, copresentadora de\u00a0Land Rober + show. Las Campanadas en <b>Canal Extremadura<\/b> las dar\u00e1n Sandra Majada, Ra\u00fal Otero y Blanca Garc\u00eda desde Plasencia. <b>La EiTB vasca<\/b> tendr\u00e1 unas\u00a0Campanadas que estar\u00e1n presentadas por\u00a0\u00c1frica Baeta y Sara G\u00e1ndara desde<b>\u00a0<\/b>la Plaza Nueva de Vitoria-Gasteiz.<\/p>\n","protected":false},"excerpt":{"rendered":"Un a\u00f1o m\u00e1s llega el 31 de diciembre y en Espa\u00f1a se cumple la tradici\u00f3n de comerse las&hellip;\n","protected":false},"author":2,"featured_media":316677,"comment_status":"","ping_status":"","sticky":false,"template":"","format":"standard","meta":{"footnotes":""},"categories":[5],"tags":[17,18,25,24,1076,13,14,11,4207,19,20,4417,9,10,15,16,74032,59852,23,12,21,22],"class_list":{"0":"post-316676","1":"post","2":"type-post","3":"status-publish","4":"format-standard","5":"has-post-thumbnail","7":"category-titulares","8":"tag-breaking-news","9":"tag-breakingnews","10":"tag-es","11":"tag-espana","12":"tag-estos","13":"tag-featured-news","14":"tag-featurednews","15":"tag-headlines","16":"tag-las","17":"tag-latest-news","18":"tag-latestnews","19":"tag-los","20":"tag-news","21":"tag-noticias","22":"tag-noticias-destacadas","23":"tag-noticiasdestacadas","24":"tag-rostros","25":"tag-seran","26":"tag-spain","27":"tag-titulares","28":"tag-ultimas-noticias","29":"tag-ultimasnoticias"},"share_on_mastodon":{"url":"https:\/\/pubeurope.com\/@es\/115817659932339730","error":""},"_links":{"self":[{"href":"https:\/\/www.europesays.com\/es\/wp-json\/wp\/v2\/posts\/316676","targetHints":{"allow":["GET"]}}],"collection":[{"href":"https:\/\/www.europesays.com\/es\/wp-json\/wp\/v2\/posts"}],"about":[{"href":"https:\/\/www.europesays.com\/es\/wp-json\/wp\/v2\/types\/post"}],"author":[{"embeddable":true,"href":"https:\/\/www.europesays.com\/es\/wp-json\/wp\/v2\/users\/2"}],"replies":[{"embeddable":true,"href":"https:\/\/www.europesays.com\/es\/wp-json\/wp\/v2\/comments?post=316676"}],"version-history":[{"count":0,"href":"https:\/\/www.europesays.com\/es\/wp-json\/wp\/v2\/posts\/316676\/revisions"}],"wp:featuredmedia":[{"embeddable":true,"href":"https:\/\/www.europesays.com\/es\/wp-json\/wp\/v2\/media\/316677"}],"wp:attachment":[{"href":"https:\/\/www.europesays.com\/es\/wp-json\/wp\/v2\/media?parent=316676"}],"wp:term":[{"taxonomy":"category","embeddable":true,"href":"https:\/\/www.europesays.com\/es\/wp-json\/wp\/v2\/categories?post=316676"},{"taxonomy":"post_tag","embeddable":true,"href":"https:\/\/www.europesays.com\/es\/wp-json\/wp\/v2\/tags?post=316676"}],"curies":[{"name":"wp","href":"https:\/\/api.w.org\/{rel}","templated":true}]}}