{"id":316692,"date":"2026-01-01T03:30:08","date_gmt":"2026-01-01T03:30:08","guid":{"rendered":"https:\/\/www.europesays.com\/es\/316692\/"},"modified":"2026-01-01T03:30:08","modified_gmt":"2026-01-01T03:30:08","slug":"2026-leyendas-del-rock-el-metal-y-muchas-mas-pasaran-por-chequia-en-un-ano-cargado-de-conciertos","status":"publish","type":"post","link":"https:\/\/www.europesays.com\/es\/316692\/","title":{"rendered":"2026: leyendas del rock, el metal y muchas m\u00e1s pasar\u00e1n por Chequia en un a\u00f1o cargado de conciertos"},"content":{"rendered":"<p>\t\t<a href=\"https:\/\/espanol.radio.cz\/sites\/default\/files\/styles\/rcz_lightbox_v2\/public\/images\/metronome.jpg?itok=Oaofe1r6&amp;timestamp=1766166638\" class=\"photoswipe\" data-size=\"1750x1167\" data-overlay-title=\"El Metronome | Foto: Ji\u0159\u00ed \u0160eda,  \u010cesk\u00fd rozhlas\" rel=\"nofollow noopener\" target=\"_blank\"><\/p>\n<p><img  alt=\"El Metronome | Foto: Ji\u0159\u00ed \u0160eda,  \u010cesk\u00fd rozhlas\" title=\"El Metronome | Foto: Ji\u0159\u00ed \u0160eda,  \u010cesk\u00fd rozhlas\"\/><\/p>\n<p><\/a><\/p>\n<p>El Metronome|Foto: Ji\u0159\u00ed \u0160eda, \u010cesk\u00fd rozhlas<\/p>\n<p>El verano ser\u00e1, como de costumbre, cuando se den la mayor parte de los numerosos conciertos y festivales al aire libre de este a\u00f1o cargado de m\u00fasica en vivo. El festival Metronome Prague, que se celebrar\u00e1 en junio en la capital checa, trae a dos grandes estrellas muy queridas en Chequia: Nick Cave, acompa\u00f1ado de su banda The Bad Seeds, y Sting, que har\u00e1 escala en Praga en su gira 3.0.<\/p>\n<p>Iron Maiden brillar\u00e1 en uno de los festivales checos m\u00e1s grandes, el Rock for People, que tendr\u00e1 lugar a mediados de junio en la ciudad de Hradec Kr\u00e1lov\u00e9. La leyenda del heavy metal celebra el pr\u00f3ximo a\u00f1o 50 a\u00f1os en los escenarios. Los seguidores del g\u00e9nero podr\u00e1n escuchar tambi\u00e9n en esa cita a Papa Roach y Megadeth, no menos m\u00edticos.<\/p>\n<p><a href=\"https:\/\/espanol.radio.cz\/sites\/default\/files\/styles\/rcz_lightbox_v2\/public\/images\/f4901761edf5d1fbad0a2ba4845c06e9.jpg?itok=WgRrynPJ&amp;timestamp=1766166555\" class=\"photoswipe\" data-size=\"1917x1280\" data-overlay-title=\"Sting | Foto: Shutterstock\" rel=\"nofollow noopener\" target=\"_blank\"><\/p>\n<p><img  alt=\"Sting | Foto: Shutterstock\" title=\"Sting | Foto: Shutterstock\"\/><\/p>\n<p><\/a><\/p>\n<p>Sting|Foto: Shutterstock<\/p>\n<p>Por su parte, en el festival Masters of Rock, que tendr\u00e1 lugar en julio en la ciudad de Vizovice, toca este a\u00f1o Marilyn Manson. El controvertido cantante promete una experiencia \u00fanica en festival con otros platos fuertes para los fans de metal, como son Helloween y The Rasmus.<\/p>\n<p>ZZ Top, Deep Purple y The Witcher<\/p>\n<p>En octubre llegar\u00e1n a Chequia otras leyendas del rock: ZZ Top tocar\u00e1 el 6 de octubre en la ciudad de Pardubice, mientras que al d\u00eda siguiente lo har\u00e1 Deep Purple en el O2 Arena de Praga, que se llenar\u00e1 con toda seguridad. Despu\u00e9s, el 18 de octubre, regresa a la capital checa la banda canadiense Simple Plan.<\/p>\n<p><a href=\"https:\/\/espanol.radio.cz\/sites\/default\/files\/styles\/rcz_lightbox_v2\/public\/images\/koncert_o2_arena2.jpg?itok=nCo16p_n&amp;timestamp=1767202560\" class=\"photoswipe\" data-size=\"1800x1013\" data-overlay-title=\"02 Arena | Foto: Ond\u0159ej Tom\u0161\u016f,  Radio Prague International\" rel=\"nofollow noopener\" target=\"_blank\"><\/p>\n<p><img  alt=\"02 Arena | Foto: Ond\u0159ej Tom\u0161\u016f,  Radio Prague International\" title=\"02 Arena | Foto: Ond\u0159ej Tom\u0161\u016f,  Radio Prague International\"\/><\/p>\n<p><\/a><\/p>\n<p>02 Arena|Foto: Ond\u0159ej Tom\u0161\u016f, Radio Prague International<\/p>\n<p>En oto\u00f1o tendr\u00e1 lugar en Praga otro evento \u00fanico: The Witcher in Concert, con motivo del d\u00e9cimo aniversario del lanzamiento del videojuego The Witcher 3: Wild Hunt, que combina m\u00fasica orquestal y efectos visuales del famoso juego.<\/p>\n<p>Iconos checos en directo<\/p>\n<p>Por supuesto, la m\u00fasica checa tampoco descansar\u00e1. El grupo Lucie celebrar\u00e1 los 40 a\u00f1os de su nacimiento en actuaciones con invitados especiales.<\/p>\n<p><a href=\"https:\/\/espanol.radio.cz\/sites\/default\/files\/styles\/rcz_lightbox_v2\/public\/images\/5bc244c6702ff11eddd9b2036793cabc.jpg?itok=Jvgp21fi&amp;timestamp=1766166708\" class=\"photoswipe\" data-size=\"983x683\" data-overlay-title=\"Pra\u017esk\u00fd v\u00fdb\u011br | Foto: YouTube\/Pra\u017esk\u00fd v\u00fdb\u011br - Toz\u030c vem to d\u030cas\" rel=\"nofollow noopener\" target=\"_blank\"><\/p>\n<p><img  alt=\"Pra\u017esk\u00fd v\u00fdb\u011br | Foto: YouTube\/Pra\u017esk\u00fd v\u00fdb\u011br - Toz\u030c vem to d\u030cas\" title=\"Pra\u017esk\u00fd v\u00fdb\u011br | Foto: YouTube\/Pra\u017esk\u00fd v\u00fdb\u011br - Toz\u030c vem to d\u030cas\"\/><\/p>\n<p><\/a><\/p>\n<p>Pra\u017esk\u00fd v\u00fdb\u011br|Foto: YouTube\/Pra\u017esk\u00fd v\u00fdb\u011br &#8211; Toz\u030c vem to d\u030cas<\/p>\n<p>Una de las cantantes checas m\u00e1s populares, Lucie B\u00edl\u00e1 recorrer\u00e1 las ciudades de Pilsen, Jihlava y Chomutov, entre muchas otras, en su nueva gira.<\/p>\n<p>Adem\u00e1s, la leyenda de la Nueva Ola checa Pra\u017esk\u00fd v\u00fdb\u011br tiene previsto dar una serie de conciertos en ciudades como Brno y Olomouc, por ejemplo. Y de gira estar\u00e1 en 2026 tambi\u00e9n la banda Vypsan\u00e1 fiXa que cumple dos d\u00e9cadas en los escenarios.<\/p>\n","protected":false},"excerpt":{"rendered":"El Metronome|Foto: Ji\u0159\u00ed \u0160eda, \u010cesk\u00fd rozhlas El verano ser\u00e1, como de costumbre, cuando se den la mayor parte&hellip;\n","protected":false},"author":2,"featured_media":316693,"comment_status":"","ping_status":"","sticky":false,"template":"","format":"standard","meta":{"footnotes":""},"categories":[91],"tags":[209,146,147,25,24,185,3314,3313,23],"class_list":{"0":"post-316692","1":"post","2":"type-post","3":"status-publish","4":"format-standard","5":"has-post-thumbnail","7":"category-entretenimiento","8":"tag-cultura","9":"tag-entertainment","10":"tag-entretenimiento","11":"tag-es","12":"tag-espana","13":"tag-musica","14":"tag-radio-prague-international","15":"tag-republica-checa","16":"tag-spain"},"share_on_mastodon":{"url":"https:\/\/pubeurope.com\/@es\/115817731013613132","error":""},"_links":{"self":[{"href":"https:\/\/www.europesays.com\/es\/wp-json\/wp\/v2\/posts\/316692","targetHints":{"allow":["GET"]}}],"collection":[{"href":"https:\/\/www.europesays.com\/es\/wp-json\/wp\/v2\/posts"}],"about":[{"href":"https:\/\/www.europesays.com\/es\/wp-json\/wp\/v2\/types\/post"}],"author":[{"embeddable":true,"href":"https:\/\/www.europesays.com\/es\/wp-json\/wp\/v2\/users\/2"}],"replies":[{"embeddable":true,"href":"https:\/\/www.europesays.com\/es\/wp-json\/wp\/v2\/comments?post=316692"}],"version-history":[{"count":0,"href":"https:\/\/www.europesays.com\/es\/wp-json\/wp\/v2\/posts\/316692\/revisions"}],"wp:featuredmedia":[{"embeddable":true,"href":"https:\/\/www.europesays.com\/es\/wp-json\/wp\/v2\/media\/316693"}],"wp:attachment":[{"href":"https:\/\/www.europesays.com\/es\/wp-json\/wp\/v2\/media?parent=316692"}],"wp:term":[{"taxonomy":"category","embeddable":true,"href":"https:\/\/www.europesays.com\/es\/wp-json\/wp\/v2\/categories?post=316692"},{"taxonomy":"post_tag","embeddable":true,"href":"https:\/\/www.europesays.com\/es\/wp-json\/wp\/v2\/tags?post=316692"}],"curies":[{"name":"wp","href":"https:\/\/api.w.org\/{rel}","templated":true}]}}