{"id":316704,"date":"2026-01-01T03:41:17","date_gmt":"2026-01-01T03:41:17","guid":{"rendered":"https:\/\/www.europesays.com\/es\/316704\/"},"modified":"2026-01-01T03:41:17","modified_gmt":"2026-01-01T03:41:17","slug":"destino-top-100-quienes-son-los-tenistas-argentinos-que-buscaran-explotar-en-el-circuito-durante-2026","status":"publish","type":"post","link":"https:\/\/www.europesays.com\/es\/316704\/","title":{"rendered":"Destino Top 100: qui\u00e9nes son los tenistas argentinos que buscar\u00e1n explotar en el circuito durante 2026"},"content":{"rendered":"<p><img alt=\"Rom\u00e1n Burruchaga, Alex Barrena y\" class=\"global-image\" decoding=\"async\" fetchpriority=\"high\" height=\"1080\" loading=\"eager\" src=\"https:\/\/www.europesays.com\/es\/wp-content\/uploads\/2026\/01\/6UQLM5JA3BHVJC7COLIQFNMYQA.jpg\" width=\"1920\"\/>Rom\u00e1n Burruchaga, Alex Barrena y Lautaro Mid\u00f3n tienen entre 21 y 23 a\u00f1os y comparten una ilusi\u00f3n: estrenarse en la \u00e9lite del circuito ATP<\/p>\n<p class=\"paragraph\">El <b>tenis argentino<\/b> cerr\u00f3 2025 con un panorama alentador en materia de recambio. Tras un a\u00f1o de crecimiento sostenido en el circuito Challenger y con presencias cada vez m\u00e1s frecuentes en cuadros de <b>ATP <\/b>y <b>Masters 1000<\/b>, varios jugadores aparecen como las grandes apuestas nacionales para irrumpir por primera vez en el <b>Top 100 <\/b>del ranking mundial durante 2026. <\/p>\n<p class=\"paragraph\"><b>Rom\u00e1n Burruchaga<\/b>, <b>Alex Barrena<\/b> y <b>Lautaro Mid\u00f3n<\/b> son tres perfiles distintos que comparten el mismo objetivo: confirmar el salto de calidad y asegurarse un lugar entre la \u00e9lite.<\/p>\n<p class=\"paragraph\">La edad promedio de ingreso al Top 100 en la \u00faltima d\u00e9cada rond\u00f3 los 22, 23 a\u00f1os. En 2025 hubo 20 debutantes en la lista y, pese a que la Argentina termin\u00f3 la temporada con siete exponentes, ninguno estren\u00f3 ese cartel. Hubo, en cambio, <a rel=\"noopener noreferrer nofollow\" href=\"https:\/\/www.infobae.com\/deportes\/2025\/12\/04\/de-aquel-titulo-en-rosario-al-top-50-el-ano-del-despegue-para-camilo-ugo-carabelli\/\" target=\"_blank\" title=\"https:\/\/www.infobae.com\/deportes\/2025\/12\/04\/de-aquel-titulo-en-rosario-al-top-50-el-ano-del-despegue-para-camilo-ugo-carabelli\/\"><b>un debut en el Top 50<\/b><\/a><b>: Camilo Ugo Carabelli<\/b>, que cerr\u00f3 el a\u00f1o en el puesto 49. <\/p>\n<p class=\"paragraph\">Burruchaga es quien llega con el impulso m\u00e1s firme. El porte\u00f1o de 23 a\u00f1os atraviesa el mejor momento de su carrera tras una temporada que lo consolid\u00f3 como <a rel=\"noopener noreferrer nofollow\" href=\"https:\/\/www.infobae.com\/deportes\/2025\/12\/16\/roman-burruchaga-y-el-desafio-de-construir-un-nombre-propio-en-el-tenis-argentino-siento-que-tengo-el-nivel-y-confio-mucho-en-mi\/\" target=\"_blank\" title=\"https:\/\/www.infobae.com\/deportes\/2025\/12\/16\/roman-burruchaga-y-el-desafio-de-construir-un-nombre-propio-en-el-tenis-argentino-siento-que-tengo-el-nivel-y-confio-mucho-en-mi\/\">uno de los nombres fuertes del <b>Challenger Tour<\/b><\/a>. <\/p>\n<p class=\"paragraph\">Todo empez\u00f3 en enero, cuando consigui\u00f3 su primer t\u00edtulo de la categor\u00eda en<b> Piracicaba, Brasil<\/b>. Ese logro fue el punto de partida de una racha destacada: sum\u00f3 otros dos t\u00edtulos -en <b>Buenos Aires <\/b>y <b>Costa do Sauipe<\/b>&#8211; y otras tres semifinales. Mostr\u00f3 consistencia y un salto en su madurez competitiva.<\/p>\n<p><img alt=\"Rom\u00e1n Burruchaga est\u00e1 105\u00b0 en\" class=\"global-image\" decoding=\"async\" fetchpriority=\"low\" height=\"1933\" loading=\"lazy\" src=\"https:\/\/www.europesays.com\/es\/wp-content\/uploads\/2026\/01\/FPQJAPHOYBCJ3G4XN7J3RTIDAQ.jpg\" width=\"2900\"\/>Rom\u00e1n Burruchaga est\u00e1 105\u00b0 en el ranking de la ATP (Fuente: Prensa AAT)<\/p>\n<p class=\"paragraph\">El gran golpe de la temporada lleg\u00f3 en <b>Roma<\/b>, donde super\u00f3 la clasificaci\u00f3n y logr\u00f3 su triunfo m\u00e1s resonante: venci\u00f3 al italiano <b>Lorenzo Sonego<\/b>, entonces N\u00ba44 del mundo, en su debut absoluto en la gira europea de polvo de ladrillo. Semanas despu\u00e9s, alcanz\u00f3 por primera vez los cuartos de final de un ATP, en <b>Gstaad<\/b>, se\u00f1al clara de que su techo a\u00fan est\u00e1 lejos.<\/p>\n<p class=\"paragraph\">El a\u00f1o lo cerr\u00f3 en el puesto <b>105<\/b>, con margen para escalar en los primeros compases de 2026. Aunque deber\u00e1 defender los 100 puntos obtenidos en Piracicaba, el resto del calendario temprano lo favorece: tiene espacio para sumar fuerte en la gira sudamericana. Y todo indica que su ingreso al Top 100 es cuesti\u00f3n de tiempo.<\/p>\n<p class=\"paragraph\">Si hubo un nombre que sorprendi\u00f3 en el tenis argentino durante 2025, \u00e9se fue <b>Alex Barrena<\/b>. El porte\u00f1o, nacido en octubre de 2002, inici\u00f3 el a\u00f1o en el puesto <b>565<\/b> y lo cerr\u00f3 en el <b>191<\/b>, producto de un ascenso mete\u00f3rico respaldado por resultados contundentes.<\/p>\n<p class=\"paragraph\">Barrena conquist\u00f3 sus <b>primeros dos t\u00edtulos Challenger<\/b>, en <b>Tucum\u00e1n y Santa Cruz<\/b>, y lleg\u00f3 a otras dos finales, en <b>Villa Mar\u00eda y Buenos Aires<\/b>. A eso se sum\u00f3 un t\u00edtulo del <b>M15 de Warmbad Villach<\/b>, que consolid\u00f3 su salto de confianza y ritmo competitivo.<\/p>\n<p class=\"paragraph\">Su estilo ya despierta comparaciones con una leyenda: <b>Guillermo Coria<\/b>. Barrena se toma el paralelismo con humor y cautela: <b>\u201cMe lo dicen bastante, y muy seguido<\/b>. Es imposible compararme\u201d, admiti\u00f3 entre risas. Sin embargo, su velocidad, su timing para defender y la calidad de sus contraataques lo convierten en uno de los jugadores m\u00e1s atractivos de ver entre los j\u00f3venes del pa\u00eds.<\/p>\n<p class=\"paragraph\">Con 23 a\u00f1os reci\u00e9n cumplidos y proyecci\u00f3n para seguir escalando, 2026 ser\u00e1 la temporada clave para dar el salto hacia las qualies de Grand Slam y, si mantiene el ritmo, acercarse por primera vez al Top 100.<\/p>\n<p><img alt=\"Alex Barrena durante la edici\u00f3n\" class=\"global-image\" decoding=\"async\" fetchpriority=\"low\" height=\"1080\" loading=\"lazy\" src=\"https:\/\/www.europesays.com\/es\/wp-content\/uploads\/2026\/01\/DJ7FJIYLXNCULJL6UVYIJUYB7Y.png\" width=\"1920\"\/>Alex Barrena durante la edici\u00f3n 2025 del Challenger de Buenos Aires<\/p>\n<p class=\"paragraph\">El tercero en la lista es <b>Lautaro Mid\u00f3n<\/b>, de 21 a\u00f1os y que contin\u00faa construyendo su camino hacia el profesionalismo pleno.<\/p>\n<p class=\"paragraph\">El correntino cerr\u00f3 el a\u00f1o en el puesto <b>232<\/b>, tras un progreso notable: comenz\u00f3 2025 en el <b>394<\/b>, lo que refleja una mejora sostenida acompa\u00f1ada de resultados determinantes.<\/p>\n<p class=\"paragraph\">Este a\u00f1o alcanz\u00f3 la final del <b>Challenger de Temuco<\/b>, sum\u00f3 34 puestos m\u00e1s sobre el cierre de la temporada y fue distinguido con la <b>Beca Galper\u00edn al M\u00e9rito<\/b>, otorgada junto con la <b>Asociaci\u00f3n Argentina de Tenis (AAT)<\/b>, al convertirse en el argentino Sub 21 que m\u00e1s puntos sum\u00f3 en torneos disputados en el pa\u00eds. Un reconocimiento que subraya su potencial y consistencia.<\/p>\n<p class=\"paragraph\">Desde su debut profesional en 2021, Mid\u00f3n acumula seis t\u00edtulos, un dato que confirma su capacidad para competir cada vez que encuentra ritmo y continuidad. En 2026 ir\u00e1 por dos objetivos claros: sus <b>primeras conquistas en el Challenger Tour<\/b> y un salto que le permita acceder a las qualies de los Grand Slams, la puerta de entrada al circuito grande.<\/p>\n<p><img alt=\"Lautaro Mid\u00f3n es una de\" class=\"global-image\" decoding=\"async\" fetchpriority=\"low\" height=\"1080\" loading=\"lazy\" src=\"https:\/\/www.europesays.com\/es\/wp-content\/uploads\/2026\/01\/22ICSLJRSRE4TKJFM5SZ7LOIPU.jpg\" width=\"1920\"\/>Lautaro Mid\u00f3n es una de las promesas del tenis argentino <\/p>\n<p class=\"paragraph\">Hay otros jugadores que, pese a tener edades m\u00e1s avanzadas, tambi\u00e9n comparten la ilusi\u00f3n de<b> sumarse al Top 100 por primera vez. Marco Trungelitti<\/b> (35 a\u00f1os y 131\u00b0 del ranking), <b>Juan Pablo Ficovich<\/b> (28 y 161\u00b0) y <b>Federico G\u00f3mez <\/b>(29 y 183\u00b0) son los abanderados de ese sue\u00f1o.<\/p>\n<p class=\"paragraph\">El tenis argentino inicia la pr\u00f3xima temporada con expectativas renovadas. Con jugadores que representan distintos estadios de desarrollo, pero est\u00e1n unidos en una misma direcci\u00f3n: meterse entre los mejores 100 del mundo, un escal\u00f3n que puede cambiar para siempre la proyecci\u00f3n de sus carreras.<\/p>\n<p class=\"paragraph\">Si sostienen lo hecho en 2025, la Argentina podr\u00eda sumar nuevas presencias en el Top 100 y fortalecer una camada que ya empieza a reclamar su lugar en la \u00e9lite.<\/p>\n","protected":false},"excerpt":{"rendered":"Rom\u00e1n Burruchaga, Alex Barrena y Lautaro Mid\u00f3n tienen entre 21 y 23 a\u00f1os y comparten una ilusi\u00f3n: estrenarse&hellip;\n","protected":false},"author":2,"featured_media":316705,"comment_status":"","ping_status":"","sticky":false,"template":"","format":"standard","meta":{"footnotes":""},"categories":[274],"tags":[40762,283,1691,168,25,24,64693,68378,23,167,327,15401,326],"class_list":{"0":"post-316704","1":"post","2":"type-post","3":"status-publish","4":"format-standard","5":"has-post-thumbnail","7":"category-tenis","8":"tag-alex-barrena","9":"tag-argentina","10":"tag-atp","11":"tag-deportes","12":"tag-es","13":"tag-espana","14":"tag-lautaro-midon","15":"tag-roman-burruchaga","16":"tag-spain","17":"tag-sports","18":"tag-tenis","19":"tag-tenis-argentino","20":"tag-tennis"},"share_on_mastodon":{"url":"https:\/\/pubeurope.com\/@es\/115817774022502294","error":""},"_links":{"self":[{"href":"https:\/\/www.europesays.com\/es\/wp-json\/wp\/v2\/posts\/316704","targetHints":{"allow":["GET"]}}],"collection":[{"href":"https:\/\/www.europesays.com\/es\/wp-json\/wp\/v2\/posts"}],"about":[{"href":"https:\/\/www.europesays.com\/es\/wp-json\/wp\/v2\/types\/post"}],"author":[{"embeddable":true,"href":"https:\/\/www.europesays.com\/es\/wp-json\/wp\/v2\/users\/2"}],"replies":[{"embeddable":true,"href":"https:\/\/www.europesays.com\/es\/wp-json\/wp\/v2\/comments?post=316704"}],"version-history":[{"count":0,"href":"https:\/\/www.europesays.com\/es\/wp-json\/wp\/v2\/posts\/316704\/revisions"}],"wp:featuredmedia":[{"embeddable":true,"href":"https:\/\/www.europesays.com\/es\/wp-json\/wp\/v2\/media\/316705"}],"wp:attachment":[{"href":"https:\/\/www.europesays.com\/es\/wp-json\/wp\/v2\/media?parent=316704"}],"wp:term":[{"taxonomy":"category","embeddable":true,"href":"https:\/\/www.europesays.com\/es\/wp-json\/wp\/v2\/categories?post=316704"},{"taxonomy":"post_tag","embeddable":true,"href":"https:\/\/www.europesays.com\/es\/wp-json\/wp\/v2\/tags?post=316704"}],"curies":[{"name":"wp","href":"https:\/\/api.w.org\/{rel}","templated":true}]}}