{"id":316716,"date":"2026-01-01T03:53:15","date_gmt":"2026-01-01T03:53:15","guid":{"rendered":"https:\/\/www.europesays.com\/es\/316716\/"},"modified":"2026-01-01T03:53:15","modified_gmt":"2026-01-01T03:53:15","slug":"salud-y-entorno-las-variables-invisibles-que-pueden-afectar-el-bienestar-segun-una-medica-funcional","status":"publish","type":"post","link":"https:\/\/www.europesays.com\/es\/316716\/","title":{"rendered":"Salud y entorno: las variables invisibles que pueden afectar el bienestar, seg\u00fan una m\u00e9dica funcional"},"content":{"rendered":"<p><img alt=\"La Dra. Gabrielle Lyon destac\u00f3\" class=\"global-image\" decoding=\"async\" fetchpriority=\"high\" height=\"948\" loading=\"eager\" src=\"https:\/\/www.europesays.com\/es\/wp-content\/uploads\/2026\/01\/U5O7W2PLPJHLTEWXCGZK6GH3NA.jpeg\" width=\"1600\"\/>La Dra. Gabrielle Lyon destac\u00f3 que el entorno ambiental es un factor clave en la salud, m\u00e1s all\u00e1 de la dieta y el ejercicio (Captura de video: YouTube)<\/p>\n<p class=\"paragraph\">\u201cEl entorno es el pilar invisible de la salud\u201d. Con esta frase, la <b>Dra. Gabrielle Lyon<\/b> abri\u00f3 su conversaci\u00f3n con <b>Chris Williamson<\/b> en el podcast Modern Wisdom. Desde su trayectoria como m\u00e9dica funcional en <b>Estados Unidos<\/b>, Lyon sostuvo que la salud depende no solo de la alimentaci\u00f3n y el ejercicio, sino tambi\u00e9n de <a href=\"https:\/\/www.infobae.com\/tag\/salud-ambiental\/\" target=\"_blank\" rel=\"noreferrer nofollow noopener\" title=\"https:\/\/www.infobae.com\/tag\/salud-ambiental\/\"><b>factores ambientales<\/b><\/a><b> muchas veces inadvertidos<\/b>. <\/p>\n<p class=\"paragraph\">\u201cEstaba convencida de que la clave de la salud era la dieta y el ejercicio. Me equivoqu\u00e9\u201d, reconoci\u00f3. Seg\u00fan la especialista, <b>el moho, los par\u00e1sitos, los metales pesados y los <\/b><a href=\"https:\/\/www.infobae.com\/salud\/2025\/07\/22\/moho-en-casa-el-enemigo-silencioso-que-amenaza-la-salud-y-sorprende-a-quienes-lo-subestiman\/\" target=\"_blank\" rel=\"noreferrer nofollow noopener\" title=\"https:\/\/www.infobae.com\/salud\/2025\/07\/22\/moho-en-casa-el-enemigo-silencioso-que-amenaza-la-salud-y-sorprende-a-quienes-lo-subestiman\/\"><b>micropl\u00e1sticos<\/b><\/a> afectan a un n\u00famero creciente de personas, aun cuando los an\u00e1lisis cl\u00ednicos resulten normales.<\/p>\n<p class=\"paragraph\">La Dra. Lyon relat\u00f3 c\u00f3mo su enfoque cambi\u00f3 tras atender casos en los que, <b>a pesar de h\u00e1bitos saludables, los pacientes presentaban s\u00edntomas graves<\/b>. <\/p>\n<p class=\"paragraph\">Una directiva empresarial experiment\u00f3 problemas severos y aumento de peso sin raz\u00f3n aparente, hasta que se descubrieron exposiciones ambientales cr\u00edticas. \u201cNo era solo dieta y ejercicio. Esto le sucede a muchas m\u00e1s personas de las que imaginamos\u201d, admiti\u00f3.<\/p>\n<p><img alt=\"Los micropl\u00e1sticos, metales pesados, moho\" class=\"global-image\" decoding=\"async\" fetchpriority=\"low\" height=\"1080\" loading=\"lazy\" src=\"https:\/\/www.europesays.com\/es\/wp-content\/uploads\/2026\/01\/ETL4UAYJEBDGFN3KUKLHG4YH5U.png\" width=\"1920\"\/>Los micropl\u00e1sticos, metales pesados, moho y par\u00e1sitos aumentan la prevalencia de enfermedades de origen ambiental en la poblaci\u00f3n mundial (Freepik\/Imagen Ilustrativa Infobae)<\/p>\n<p class=\"paragraph\">Durante la entrevista, advirti\u00f3 que las enfermedades de origen ambiental son cada vez m\u00e1s frecuentes. \u201c<b>Con los micropl\u00e1sticos y otras sustancias, posiblemente tengamos m\u00e1s exposiciones que nunca<\/b>. S\u00ed, los m\u00e9todos de detecci\u00f3n mejoraron un poco, pero seguimos <b>sin respuestas claras<\/b>\u201d, explic\u00f3 en Modern Wisdom. <\/p>\n<p class=\"paragraph\">Describi\u00f3 que basta entrar en un edificio con moho para que algunas personas desarrollen erupciones, fatiga o confusi\u00f3n mental, aunque no existan pruebas validadas para demostrar el da\u00f1o. \u201cNo es como hacer una anal\u00edtica de glucosa y recibir un diagn\u00f3stico claro\u201d, puntualiz\u00f3.<\/p>\n<p class=\"paragraph\"><b>Las exposiciones ambientales pueden alterar el sistema hormonal, el \u00e1nimo, la energ\u00eda y el descanso<\/b>, adem\u00e1s de provocar s\u00edntomas inespec\u00edficos, como artritis o recuperaci\u00f3n lenta tras el ejercicio. Lyon considera que la medicina actual a\u00fan no est\u00e1 preparada para enfrentar la complejidad de estos cuadros.<\/p>\n<p class=\"paragraph\">La \u201cincertidumbre diagn\u00f3stica\u201d es uno de los mayores desaf\u00edos, seg\u00fan la especialista. Aunque los an\u00e1lisis de muchos pacientes resultan normales, los s\u00edntomas persisten y afectan su calidad de vida. <\/p>\n<p><img alt=\"La especialista advirti\u00f3 que el\" class=\"global-image\" decoding=\"async\" fetchpriority=\"low\" height=\"4000\" loading=\"lazy\" src=\"https:\/\/www.europesays.com\/es\/wp-content\/uploads\/2026\/01\/CTRWCT3XVFEK5AD5VPOF6N2VAM.jpg\" width=\"6000\"\/>La especialista advirti\u00f3 que el test de PCR no siempre capta ciertos organismos, especialmente en infecciones poco frecuentes (Cr\u00e9dito: Freepik)<\/p>\n<p class=\"paragraph\">Lyon comparti\u00f3 el caso de un operador de fuerzas especiales que, tras acudir a varias cl\u00ednicas y mostrar an\u00e1lisis perfectos, segu\u00eda sufriendo inflamaci\u00f3n y fatiga cr\u00f3nica. \u201cFinalmente, <b>descubrimos un par\u00e1sito extra\u00f1o, schistosomiasis, contra\u00eddo en un r\u00edo remoto<\/b>. Hab\u00eda anemia y da\u00f1o hep\u00e1tico. Si no lo identificas, el da\u00f1o puede volverse irreversible\u201d, detall\u00f3.<\/p>\n<p class=\"paragraph\"><b>La m\u00e9dica subray\u00f3 que las pruebas PCR para par\u00e1sitos pueden fallar<\/b>. \u201cHicimos PCR una y otra vez y segu\u00eda dando negativo, aunque los s\u00edntomas eran evidentes. Solo un an\u00e1lisis manual al microscopio permiti\u00f3 identificar el problema\u201d, afirm\u00f3. <\/p>\n<p class=\"paragraph\">Tambi\u00e9n se\u00f1al\u00f3 que los par\u00e1sitos pueden transmitirse en el hogar o por mascotas, lo que a menudo complica el diagn\u00f3stico. \u201cEs muy frecuente y el diagn\u00f3stico se nos escapa si no lo consideramos de modo global\u201d, advirti\u00f3.<\/p>\n<p><img alt=\"Los par\u00e1sitos, a menudo transmitidos\" class=\"global-image\" decoding=\"async\" fetchpriority=\"low\" height=\"816\" loading=\"lazy\" src=\"https:\/\/www.europesays.com\/es\/wp-content\/uploads\/2026\/01\/2LKF3YQEUJF5FCSKP7IKA43EII.jpg\" width=\"1456\"\/>Los par\u00e1sitos, a menudo transmitidos por mascotas o alimentos poco cocidos, son causas frecuentes de anemias y otros trastornos poco reconocidos (Imagen Ilustrativa Infobae)<\/p>\n<p class=\"paragraph\">En cuanto a la alimentaci\u00f3n, aconsej\u00f3 evitar el pescado crudo y la carne poco cocida. \u201c<b>Jam\u00e1s recomiendo ingerir pescado crudo ni carne poco hecha<\/b>. A nivel mundial, los gusanos intestinales son responsables de un porcentaje elevado de anemias por d\u00e9ficit de hierro\u201d, sostuvo.<\/p>\n<p class=\"paragraph\">La Dra. Lyon comparti\u00f3 su propia experiencia al enfermar gravemente tras mudarse a Nueva York: \u201cLos s\u00edntomas me incapacitaron: no pod\u00eda levantarme de la cama, mi visi\u00f3n se alter\u00f3, la fatiga era abrumadora. Los an\u00e1lisis convencionales estaban \u2018perfectos\u2019\u201d. <\/p>\n<p class=\"paragraph\">Pruebas poco habituales revelaron <b>niveles elevados de tolueno, compuestos vol\u00e1tiles y moho<\/b>. \u201cHab\u00eda moho negro en toda la casa. Solo tras mudarme y seguir protocolos de desintoxicaci\u00f3n logr\u00e9 recuperarme\u201d, relat\u00f3.<\/p>\n<p class=\"paragraph\">La variabilidad individual tambi\u00e9n qued\u00f3 de manifiesto en su familia: solo su hijo y ella presentaron s\u00edntomas tras la exposici\u00f3n al moho, lo que sugiere una posible <b>base gen\u00e9tica<\/b>. <\/p>\n<p><img alt=\"Las terapias sugeridas por la\" class=\"global-image\" decoding=\"async\" fetchpriority=\"low\" height=\"816\" loading=\"lazy\" src=\"https:\/\/www.europesays.com\/es\/wp-content\/uploads\/2026\/01\/JEFCJKJJMVGJ3FLEQ62J5RZ6XY.jpg\" width=\"1456\"\/>Las terapias sugeridas por la especialista incluyen abandono del entorno contaminado, sauna y tratamientos de desintoxicaci\u00f3n para mejorar la salud ambiental (Imagen Ilustrativa Infobae)<\/p>\n<p class=\"paragraph\">Lyon asegur\u00f3 que, en su experiencia, <b>el problema no es mental ni resultado de debilidad<\/b>. \u201cHe tratado a exagentes del Servicio Secreto con exposiciones masivas, como en el 11-S. Personas que no pueden permitirse el cansancio y que, sin embargo, sufren da\u00f1os profundos normalmente ignorados o descartados\u201d, coment\u00f3.<\/p>\n<p class=\"paragraph\">Frente a estas enfermedades, <b>recomend\u00f3 la cooperaci\u00f3n entre especialistas y la exploraci\u00f3n de tratamientos alternativos<\/b>. El primer paso, destac\u00f3, es abandonar el entorno contaminado. \u201cTienes que mudarte, aunque sea inc\u00f3modo. Todo empieza con dejar de exponerte\u201d, subray\u00f3. <\/p>\n<p class=\"paragraph\">La sauna, durante 30 a 60 minutos a altas temperaturas, puede ayudar a eliminar compuestos lipof\u00edlicos a trav\u00e9s del sudor. \u201c<b>La sauna tiene buena evidencia para reducir la inflamaci\u00f3n y ciertos biomarcadores<\/b>. Yo empleo regularmente la sauna y los ba\u00f1os de fr\u00edo\u201d, asegur\u00f3 la especialista.<\/p>\n<p class=\"paragraph\">Lyon expres\u00f3 su preocupaci\u00f3n por la proliferaci\u00f3n de nuevas sustancias, como los <b>micropl\u00e1sticos y los \u201cqu\u00edmicos eternos\u201d<\/b>, as\u00ed como la falta de atenci\u00f3n a los indicadores cl\u00e1sicos de salud. <b>Se\u00f1al\u00f3 que la medicina ambiental requiere cuestionar par\u00e1metros antiguos<\/b> y considerar la calidad del tejido muscular como un criterio relevante.<\/p>\n<p><img alt=\"La falta de investigaci\u00f3n sobre\" class=\"global-image\" decoding=\"async\" fetchpriority=\"low\" height=\"926\" loading=\"lazy\" src=\"https:\/\/www.europesays.com\/es\/wp-content\/uploads\/2026\/01\/27KIFGNEBNG37BNBPUFVTDMVOI.jpeg\" width=\"1600\"\/>La falta de investigaci\u00f3n sobre el impacto de la radiaci\u00f3n no ionizante y los qu\u00edmicos eternos plantea nuevos desaf\u00edos para la medicina ambiental moderna, seg\u00fan la Dra. Lyon (Captura de video: YouTube)<\/p>\n<p class=\"paragraph\">Tambi\u00e9n destac\u00f3 la escasa investigaci\u00f3n sobre el impacto de la tecnolog\u00eda: \u201c<b>No hemos evaluado suficientemente la influencia de la tecnolog\u00eda<\/b>: radiaci\u00f3n no ionizante de Wi-Fi, Bluetooth, sensores para colchones. Aqu\u00ed podr\u00eda haber un \u00e1rea ciega que ni siquiera sabemos c\u00f3mo medir\u201d.<\/p>\n<p class=\"paragraph\">Para la experta, reconocer la insuficiencia de las herramientas diagn\u00f3sticas actuales y unir la medicina tradicional con la ambiental es fundamental. \u201c<b>Es irresponsable ignorar la experiencia del paciente solo porque los an\u00e1lisis sean \u2018normales\u2019<\/b>. Siempre hay una causa, y solo colaborando encontraremos soluciones reales\u201d, concluy\u00f3 en Modern Wisdom.<\/p>\n<p class=\"paragraph\">El desaf\u00edo, seg\u00fan la especialista, consiste en <b>derribar resistencias y unir disciplinas<\/b> para construir una medicina m\u00e1s colaborativa, capaz de afrontar los enigmas de la salud moderna y las amenazas invisibles del entorno.<\/p>\n","protected":false},"excerpt":{"rendered":"La Dra. Gabrielle Lyon destac\u00f3 que el entorno ambiental es un factor clave en la salud, m\u00e1s all\u00e1&hellip;\n","protected":false},"author":2,"featured_media":316717,"comment_status":"","ping_status":"","sticky":false,"template":"","format":"standard","meta":{"footnotes":""},"categories":[92],"tags":[6279,16031,6285,10622,7642,74041,2272,6289,8544,74042,25,24,74043,23736,165,11144,74044,3345,8551,68223,16047,23738,17546,3773,23741,74045,23742,74046,74047,68670,67247,6303,74048,4444,74049,166,74050,23,74051,22604,14261,63269,74052,2658],"class_list":{"0":"post-316716","1":"post","2":"type-post","3":"status-publish","4":"format-standard","5":"has-post-thumbnail","7":"category-salud","8":"tag-adult","9":"tag-caucasian-ethnicity","10":"tag-clinic","11":"tag-close-up","12":"tag-coronavirus","13":"tag-cotton-swab","14":"tag-covid-19","15":"tag-doctor","16":"tag-epidemic","17":"tag-epidemiology","18":"tag-es","19":"tag-espana","20":"tag-flatten-the-curve","21":"tag-general-practitioner","22":"tag-health","23":"tag-healthcare-and-medicine","24":"tag-healthcare-worker","25":"tag-hospital","26":"tag-illness","27":"tag-illness-prevention","28":"tag-indoors","29":"tag-infectious-disease","30":"tag-males","31":"tag-man","32":"tag-medical-clinic","33":"tag-medical-condition","34":"tag-medical-exam","35":"tag-medical-occupation","36":"tag-medical-sample","37":"tag-medical-test","38":"tag-pandemic","39":"tag-patient","40":"tag-pcr-test","41":"tag-people","42":"tag-protective-glove","43":"tag-salud","44":"tag-social-responsibility","45":"tag-spain","46":"tag-state-of-emergency","47":"tag-testing","48":"tag-two-people","49":"tag-viral-infection","50":"tag-virologist","51":"tag-young-adult"},"share_on_mastodon":{"url":"","error":"Validation failed: Text character limit of 500 exceeded"},"_links":{"self":[{"href":"https:\/\/www.europesays.com\/es\/wp-json\/wp\/v2\/posts\/316716","targetHints":{"allow":["GET"]}}],"collection":[{"href":"https:\/\/www.europesays.com\/es\/wp-json\/wp\/v2\/posts"}],"about":[{"href":"https:\/\/www.europesays.com\/es\/wp-json\/wp\/v2\/types\/post"}],"author":[{"embeddable":true,"href":"https:\/\/www.europesays.com\/es\/wp-json\/wp\/v2\/users\/2"}],"replies":[{"embeddable":true,"href":"https:\/\/www.europesays.com\/es\/wp-json\/wp\/v2\/comments?post=316716"}],"version-history":[{"count":0,"href":"https:\/\/www.europesays.com\/es\/wp-json\/wp\/v2\/posts\/316716\/revisions"}],"wp:featuredmedia":[{"embeddable":true,"href":"https:\/\/www.europesays.com\/es\/wp-json\/wp\/v2\/media\/316717"}],"wp:attachment":[{"href":"https:\/\/www.europesays.com\/es\/wp-json\/wp\/v2\/media?parent=316716"}],"wp:term":[{"taxonomy":"category","embeddable":true,"href":"https:\/\/www.europesays.com\/es\/wp-json\/wp\/v2\/categories?post=316716"},{"taxonomy":"post_tag","embeddable":true,"href":"https:\/\/www.europesays.com\/es\/wp-json\/wp\/v2\/tags?post=316716"}],"curies":[{"name":"wp","href":"https:\/\/api.w.org\/{rel}","templated":true}]}}