{"id":316724,"date":"2026-01-01T03:57:14","date_gmt":"2026-01-01T03:57:14","guid":{"rendered":"https:\/\/www.europesays.com\/es\/316724\/"},"modified":"2026-01-01T03:57:14","modified_gmt":"2026-01-01T03:57:14","slug":"el-2025-de-colombia-en-ocho-graficos","status":"publish","type":"post","link":"https:\/\/www.europesays.com\/es\/316724\/","title":{"rendered":"El 2025 de Colombia en ocho gr\u00e1ficos"},"content":{"rendered":"<p class=\"\">El 2025 en Colombia ha estado marcado, entre muchos otros sucesos, por los <a href=\"https:\/\/elpais.com\/america-colombia\/2025-10-19\/donald-trump-y-gustavo-petro-dos-lideres-en-colision-permanente.html\" target=\"_self\" rel=\"nofollow noopener\" title=\"https:\/\/elpais.com\/america-colombia\/2025-10-19\/donald-trump-y-gustavo-petro-dos-lideres-en-colision-permanente.html\">enfrentamientos permanentes<\/a> entre el presidente Gustavo Petro y el estadounidense Donald Trump \u2015a menudo por cuenta del narcotr\u00e1fico\u2015, por el relevo de magistrados en la Corte Constitucional, el crecimiento de los grupos armados o la naciente campa\u00f1a electoral para suceder al primer mandatario de izquierdas en la historia reciente del pa\u00eds. Todos esos episodios pasan tambi\u00e9n por los datos. EL PA\u00cdS presenta un grupo de ocho gr\u00e1ficos \u00fatiles para sintetizar lo que deja el a\u00f1o que termina.<\/p>\n<p>El crecimiento de los grupos armados<\/p>\n<p class=\"\">La inseguridad se ha disparado entre las principales preocupaciones de los colombianos ante el notorio desgaste de la pol\u00edtica de paz total, que se propon\u00eda negociar en simult\u00e1neo con todos los grupos armados. Petro ha defendido con vehemencia que \u201c<a href=\"https:\/\/elpais.com\/america-colombia\/2025-05-06\/petro-defiende-su-politica-de-seguridad-en-plena-ola-de-atentados-contra-policias-y-militares-no-hay-un-caos-de-violencia-en-este-gobierno.html\" target=\"_self\" rel=\"nofollow noopener\" title=\"https:\/\/elpais.com\/america-colombia\/2025-05-06\/petro-defiende-su-politica-de-seguridad-en-plena-ola-de-atentados-contra-policias-y-militares-no-hay-un-caos-de-violencia-en-este-gobierno.html\">no hay un caos de violencia en este Gobierno<\/a>\u201d, pero varias de esas organizaciones se han fortalecido. En especial, el Clan del Golfo, la mayor banda del narcotr\u00e1fico, que acaba de ser designado por Estados Unidos como un <a href=\"https:\/\/elpais.com\/america-colombia\/2025-12-16\/estados-unidos-designa-al-clan-del-golfo-como-un-grupo-terrorista-extranjero.html\" target=\"_self\" rel=\"nofollow noopener\" title=\"https:\/\/elpais.com\/america-colombia\/2025-12-16\/estados-unidos-designa-al-clan-del-golfo-como-un-grupo-terrorista-extranjero.html\">grupo terrorista extranjero<\/a> a pesar de adelantar una negociaci\u00f3n con el Gobierno en Qatar. Para julio, las distintas estructuras criminales sumaban m\u00e1s de 25.000 personas \u2015entre combatientes y redes de apoyo\u2015, un 15% m\u00e1s que al cierre de 2024, de acuerdo con un an\u00e1lisis de la Fundaci\u00f3n Ideas para la Paz (FIP) de los c\u00e1lculos de la Fuerza P\u00fablica. El Clan del Golfo es la m\u00e1s numerosa, con al menos 8.945 miembros y un aumento del 18% (794 integrantes) entre diciembre de 2024 y julio de 2025. La FIP concluye que la paz total \u201cfacilit\u00f3 el aumento del poder armado e intimidatorio de los grupos ilegales, pues no condicion\u00f3 las decisiones de las distintas mesas de di\u00e1logo a frenar su avance\u201d.<\/p>\n<p>Los cultivos de coca irritan a Trump<\/p>\n<p class=\"\">Aunque nunca se divulgaron oficialmente los datos correspondientes a 2024, los expertos coinciden en que la extensi\u00f3n de los cultivos de hoja de coca en Colombia se mantiene en niveles nunca antes vistos. El pa\u00eds alcanz\u00f3 un r\u00e9cord de 261.000 hect\u00e1reas sembradas con la materia prima de la coca\u00edna al cierre del a\u00f1o pasado, de acuerdo con el Sistema Integrado de Monitoreo de Cultivos Il\u00edcitos de Naciones Unidas (Simci). Sin embargo, el presidente Petro ha denunciado con insistencia que ese informe es impreciso y decidi\u00f3 no publicarlo. Su principal reparo es por las cifras de coca\u00edna potencialmente producida \u2015<a href=\"https:\/\/elpais.com\/america-colombia\/2025-11-18\/3000-toneladas-de-cocaina-la-polemica-cifra-que-enfrenta-a-colombia-con-la-onu.html\" target=\"_self\" rel=\"nofollow noopener\" title=\"https:\/\/elpais.com\/america-colombia\/2025-11-18\/3000-toneladas-de-cocaina-la-polemica-cifra-que-enfrenta-a-colombia-con-la-onu.html\">3.001 toneladas en 2024<\/a>\u2015. El mandatario ha insistido en la necesidad de <a href=\"https:\/\/elpais.com\/america-colombia\/2022-08-24\/el-viraje-del-gobierno-petro-en-la-lucha-contra-el-narcotrafico.html\" target=\"_self\" rel=\"nofollow noopener\" title=\"https:\/\/elpais.com\/america-colombia\/2022-08-24\/el-viraje-del-gobierno-petro-en-la-lucha-contra-el-narcotrafico.html\">cambiar el paradigma mundial de la lucha antinarc\u00f3ticos<\/a>, pero sin grandes avances en ese frente, el aumento en los cultivos ha provocado duras reacciones en Estados Unidos. Donald Trump, que libra un cruzada antidrogas, no solo <a href=\"https:\/\/elpais.com\/america-colombia\/2025-09-16\/gustavo-petro-anuncia-que-trump-descertifica-a-colombia-en-la-lucha-antidrogas.html\" target=\"_self\" rel=\"nofollow noopener\" title=\"https:\/\/elpais.com\/america-colombia\/2025-09-16\/gustavo-petro-anuncia-que-trump-descertifica-a-colombia-en-la-lucha-antidrogas.html\">descertific\u00f3<\/a> al pa\u00eds por primera vez en tres d\u00e9cadas, tambi\u00e9n acus\u00f3 a Petro, sin pruebas, de ser un \u201c<a href=\"https:\/\/elpais.com\/internacional\/2025-10-19\/trump-acusa-a-petro-de-ser-un-lider-narcotraficante.html\" target=\"_self\" rel=\"nofollow noopener\" title=\"https:\/\/elpais.com\/internacional\/2025-10-19\/trump-acusa-a-petro-de-ser-un-lider-narcotraficante.html\">l\u00edder del narcotr\u00e1fico<\/a>\u201d y el Tesoro norteamericano lo sancion\u00f3 por supuestos v\u00ednculos criminales.<\/p>\n<p>Un gabinete inestable, con m\u00e1s de 60 ministros<\/p>\n<p class=\"\">El 2025 comenz\u00f3 con un remez\u00f3n ministerial, que Petro present\u00f3 a finales de febrero en un teatro de Bogot\u00e1 como una remodelaci\u00f3n de su Gobierno, y acaba con una nueva crisis de gabinete que no ha terminado de resolverse. Los ministerios de Ambiente y de Justicia han tenido tres responsables cada uno a lo largo de este a\u00f1o. Ambos siguen actualmente bajo encargo, pero en el momento en que el presidente posesione nuevas cabezas en propiedad, o ratifique a las actuales, habr\u00e1 superado la cifra de 60 ministros nombrados en tres a\u00f1os y medio de mandato. Un n\u00famero in\u00e9dito. Su antecesor, Iv\u00e1n Duque, sum\u00f3 40 a lo largo de su cuatrienio, mientras que Juan Manuel Santos nombr\u00f3 69 en ocho a\u00f1os. Luego del ca\u00f3tico primer Consejo de Ministros televisado a comienzos de a\u00f1o, lleno de reproches y acusaciones, Petro relev\u00f3 en pocos meses a <a href=\"https:\/\/elpais.com\/america-colombia\/2025-03-01\/gustavo-petro-ya-ha-nombrado-mas-de-50-ministros.html\" target=\"_self\" rel=\"nofollow noopener\" title=\"https:\/\/elpais.com\/america-colombia\/2025-03-01\/gustavo-petro-ya-ha-nombrado-mas-de-50-ministros.html\">dos terceras partes de su gabinete<\/a>. En 14 de las 19 carteras, sus titulares fueron designados a lo largo de este 2025. Dicho de otra forma, apenas cinco ministros superan un a\u00f1o de antig\u00fcedad, mientras que varias de las principales carteras, como Hacienda, Interior o Exteriores, est\u00e1n entre las de m\u00e1s alta rotaci\u00f3n, con cuatro responsables hasta ahora.<\/p>\n<p>El legado agridulce de Petro con sus ternados<\/p>\n<p class=\"\">El gran relevo de la Corte Constitucional se consum\u00f3 este a\u00f1o, con cuatro de sus nueve magistrados. La elecci\u00f3n en mayo del abogado de Gustavo Petro, <a href=\"https:\/\/elpais.com\/america-colombia\/2025-05-21\/el-senado-elige-a-hector-carvajal-amigo-y-abogado-de-petro-como-magistrado-de-la-corte-constitucional.html\" target=\"_self\" rel=\"nofollow noopener\" title=\"https:\/\/elpais.com\/america-colombia\/2025-05-21\/el-senado-elige-a-hector-carvajal-amigo-y-abogado-de-petro-como-magistrado-de-la-corte-constitucional.html\">H\u00e9ctor Carvajal<\/a>, sell\u00f3 un legado de <a href=\"https:\/\/elpais.com\/america-colombia\/2025-05-26\/fiscal-defensora-procurador-banco-de-la-republica-corte-constitucional-petro-deja-un-legado-agridulce-con-sus-postulados.html\" target=\"_self\" rel=\"nofollow noopener\" title=\"https:\/\/elpais.com\/america-colombia\/2025-05-26\/fiscal-defensora-procurador-banco-de-la-republica-corte-constitucional-petro-deja-un-legado-agridulce-con-sus-postulados.html\">luces y sombras<\/a> para el presidente. Esa era la \u00faltima de las nominaciones que el mandatario deb\u00eda presentar al Congreso para que este escoja altos cargos del Estado que se mantienen m\u00e1s all\u00e1 del periodo presidencial. Varios encabezan organismos de control durante cuatro a\u00f1os, mientras que los magistrados tienen per\u00edodos de ocho. Son cargos clave para los contrapesos institucionales, que en teor\u00eda est\u00e1n dise\u00f1ados para distinguirse por su independencia. Desde que Petro lleg\u00f3 al poder, en agosto de 2022, present\u00f3 ternas de mujeres de las que salieron elegidas la fiscal general <a href=\"https:\/\/elpais.com\/america-colombia\/2025-06-26\/la-fiscalia-marca-distancia-con-el-gobierno-petro-al-atribuir-motivaciones-politicas-al-atentado-contra-miguel-uribe.html\" target=\"_self\" rel=\"nofollow noopener\" title=\"https:\/\/elpais.com\/america-colombia\/2025-06-26\/la-fiscalia-marca-distancia-con-el-gobierno-petro-al-atribuir-motivaciones-politicas-al-atentado-contra-miguel-uribe.html\">Luz Adriana Camargo<\/a> y la defensora del Pueblo <a href=\"https:\/\/elpais.com\/america-colombia\/2024-12-02\/iris-marin-marca-distancia-con-petro-en-su-vigoroso-arranque-como-defensora-del-pueblo.html\" target=\"_self\" rel=\"nofollow noopener\" title=\"https:\/\/elpais.com\/america-colombia\/2024-12-02\/iris-marin-marca-distancia-con-petro-en-su-vigoroso-arranque-como-defensora-del-pueblo.html\">Iris Mar\u00edn<\/a>. Ambas siguen dando se\u00f1ales de esa deseada independencia. Pero hasta ah\u00ed lleg\u00f3 el impulso para promover la igualdad de g\u00e9nero. El procurador, Gregorio Eljach, muy vinculado a la clase pol\u00edtica, tambi\u00e9n fue propuesto por Petro \u2015en una terna que completaban candidatos de la Corte Suprema y del Consejo de Estado\u2014. Al presidente tambi\u00e9n le correspondi\u00f3 presentar dos ternas para la Corte Constitucional, de las que salieron escogidos Vladimir Fern\u00e1ndez, quien era su secretario jur\u00eddico, y Carvajal, su defensor personal.<\/p>\n<p>Iv\u00e1n Cepeda, Abelardo de la Espriella y Sergio Fajardo lideran las encuestas electorales<\/p>\n<p class=\"\">A pocos meses de la primera vuelta presidencial, el senador de izquierda <a href=\"https:\/\/elpais.com\/america-colombia\/2025-10-26\/ivan-cepeda-el-candidato-elegido-por-el-pacto-historico-para-defender-las-banderas-de-petro.html\" target=\"_self\" rel=\"nofollow noopener\" title=\"https:\/\/elpais.com\/america-colombia\/2025-10-26\/ivan-cepeda-el-candidato-elegido-por-el-pacto-historico-para-defender-las-banderas-de-petro.html\">Iv\u00e1n Cepeda<\/a> se ha consolidado como el favorito de las encuestas para suceder a Petro. El candidato oficialista del Pacto Hist\u00f3rico encabeza las dos m\u00e1s recientes, la de la firma Invamer y la del Centro Nacional de Consultor\u00eda, publicadas despu\u00e9s de que se acab\u00f3 la pol\u00e9mica veda de varios meses que impon\u00eda <a href=\"https:\/\/elpais.com\/america-colombia\/2025-07-16\/un-gol-de-tres-senadoras-a-los-encuestadores-reabre-el-debate-sobre-el-poder-de-los-sondeos-en-colombia.html\" target=\"_self\" rel=\"nofollow noopener\" title=\"https:\/\/elpais.com\/america-colombia\/2025-07-16\/un-gol-de-tres-senadoras-a-los-encuestadores-reabre-el-debate-sobre-el-poder-de-los-sondeos-en-colombia.html\">una nueva ley<\/a>. Le siguen el aspirante de ultraderecha <a href=\"https:\/\/elpais.com\/america-colombia\/2025-12-05\/alex-saab-y-david-murcia-las-sombras-de-abelardo-de-la-espriella-como-abogado-empanan-su-candidatura-presidencial.html\" target=\"_self\" rel=\"nofollow noopener\" title=\"https:\/\/elpais.com\/america-colombia\/2025-12-05\/alex-saab-y-david-murcia-las-sombras-de-abelardo-de-la-espriella-como-abogado-empanan-su-candidatura-presidencial.html\">Abelardo de la Espriella<\/a> y el centrista Sergio Fajardo, exalcalde de Medell\u00edn. De los tres punteros, solo Cepeda ha manifestado su intenci\u00f3n de participar en una <a href=\"https:\/\/elpais.com\/america-colombia\/2025-12-22\/ivan-cepeda-roy-barreras-y-camilo-romero-competiran-en-la-consulta-del-rebautizado-pacto-amplio.html\" target=\"_self\" rel=\"nofollow noopener\" title=\"https:\/\/elpais.com\/america-colombia\/2025-12-22\/ivan-cepeda-roy-barreras-y-camilo-romero-competiran-en-la-consulta-del-rebautizado-pacto-amplio.html\">consulta interpartidista<\/a> en marzo, el mismo d\u00eda de los comicios legislativos, la del Pacto Amplio. <a href=\"https:\/\/elpais.com\/america-colombia\/2025-12-09\/sergio-fajardo-cierra-la-puerta-a-una-consulta-de-centro-y-abelardo-de-la-espriella-rechaza-a-la-de-derecha.html\" target=\"_self\" rel=\"nofollow noopener\" title=\"https:\/\/elpais.com\/america-colombia\/2025-12-09\/sergio-fajardo-cierra-la-puerta-a-una-consulta-de-centro-y-abelardo-de-la-espriella-rechaza-a-la-de-derecha.html\">De la Espriella y Fajardo<\/a> llegar\u00e1n directamente a primera vuelta. La derecha tambi\u00e9n har\u00e1 su propia consulta, con al menos siete aspirantes. El regreso a cuentagotas de las encuestas de intenci\u00f3n de voto comienza a despejar el panorama de una contienda excepcionalmente concurrida, a la espera de que se terminen de decantar los distintos bloques y alianzas.<\/p>\n<p>La inflaci\u00f3n se mantiene por encima de la meta del 3%<\/p>\n<p class=\"\">La inflaci\u00f3n se mantiene relativamente estable, pero sigue dos puntos porcentuales por encima de la meta del 3% que busca el Banco de la Rep\u00fablica. El DANE inform\u00f3 a principios de diciembre el dato de inflaci\u00f3n de noviembre, que dej\u00f3 una variaci\u00f3n anual del 5,3%. Se trat\u00f3 de un retroceso de solo 21 puntos b\u00e1sicos frente al <a href=\"https:\/\/elpais.com\/america-colombia\/2025-11-11\/la-inflacion-acelera-en-colombia-hasta-el-55-anual-el-dato-mas-elevado-en-un-ano.html\" target=\"_self\" rel=\"nofollow noopener\" title=\"https:\/\/elpais.com\/america-colombia\/2025-11-11\/la-inflacion-acelera-en-colombia-hasta-el-55-anual-el-dato-mas-elevado-en-un-ano.html\">5,51% de octubre<\/a>, y un dato que marc\u00f3 una realidad inc\u00f3moda para el Emisor: el enfriamiento de los precios desaceler\u00f3 en 2025. La instituci\u00f3n estad\u00edstica ha explicado que la divisi\u00f3n de Alimentos y bebidas no alcoh\u00f3licas acumula un encarecimiento del 5,18% en el a\u00f1o, y que otras categor\u00edas presionan los precios: Educaci\u00f3n (7,36%), Salud (6,73%), Restaurantes y hoteles (6,59%) y Bebidas alcoh\u00f3licas y tabaco (6,00%). En cambio, por debajo del promedio nacional se ubican los segmentos de alojamiento, agua, electricidad, gas y otros combustibles (4,68%), Bienes y servicios diversos (4,60%) y Recreaci\u00f3n y cultura (0,80%). Con el <a href=\"https:\/\/elpais.com\/america-colombia\/2025-12-30\/el-gobierno-de-gustavo-petro-incrementa-mas-de-un-23-el-salario-minimo-en-colombia.html\" target=\"_self\" rel=\"nofollow noopener\" title=\"https:\/\/elpais.com\/america-colombia\/2025-12-30\/el-gobierno-de-gustavo-petro-incrementa-mas-de-un-23-el-salario-minimo-en-colombia.html\">aumento del 23% <\/a>que ha decretado el Gobierno para el salario m\u00ednimo de 2026 \u2014el incremento m\u00e1s alto en dos d\u00e9cadas\u2014, diversos analistas temen que esta subida termine por impactar a la inflaci\u00f3n de nuevo y que sea imposible bajar las tasas de inter\u00e9s.<\/p>\n<p>El Banco de la Rep\u00fablica mantiene la tasa de inter\u00e9s a pesar de las cr\u00edticas de Petro<\/p>\n<p class=\"\">El pulso entre el Gobierno y el Banco de la Rep\u00fablica se eleva. Gustavo Petro ha presionado por todos los medios para que la autoridad monetaria recorte la tasa de inter\u00e9s, pero el banco central ha hecho valer su independencia. A mediados de diciembre confirm\u00f3 que <a href=\"https:\/\/elpais.com\/america-colombia\/2025-10-31\/el-banco-de-la-republica-se-planta-con-una-tasa-de-interes-en-el-925-por-sexta-vez-consecutiva.html\" target=\"_self\" rel=\"nofollow noopener\" title=\"https:\/\/elpais.com\/america-colombia\/2025-10-31\/el-banco-de-la-republica-se-planta-con-una-tasa-de-interes-en-el-925-por-sexta-vez-consecutiva.html\">la tasa de intervenci\u00f3n seguir\u00e1 en 9,25%<\/a>, el mismo nivel que conserva desde abril. La decisi\u00f3n responde a una estrategia de cautela: mantener a raya la inflaci\u00f3n en medio de riesgos crecientes por el gasto p\u00fablico y el impacto del nuevo salario m\u00ednimo. Desde la Casa de Nari\u00f1o, en cambio, el presidente insiste en que tener tasas altas solo favorece a los grandes tenedores de deuda p\u00fablica y golpea a hogares y empresas. La discusi\u00f3n interna en la Junta del Emisor revela que hay voces que ven inevitable un ajuste al alza en 2026: \u201cCon la informaci\u00f3n actualmente disponible, se requiere una senda de tasa de inter\u00e9s de pol\u00edtica superior a su nivel actual para que la inflaci\u00f3n converja hacia la meta en 2027\u201d, advirti\u00f3 el grupo mayoritario en las <a href=\"https:\/\/www.banrep.gov.co\/es\/noticias\/minutas-banrep-diciembre-2025\" target=\"_self\" rel=\"nofollow noopener\" title=\"https:\/\/www.banrep.gov.co\/es\/noticias\/minutas-banrep-diciembre-2025\">minutas de la \u00faltima reuni\u00f3n del a\u00f1o<\/a>. Dos codirectores votaron por empezar a subir la tasa desde esa sesi\u00f3n de diciembre al considerar que \u201cno existe una disyuntiva para la pol\u00edtica monetaria\u201d, pero se impuso la decisi\u00f3n de cuatro a tres por mantenerla intacta.<\/p>\n<p>La mejor estad\u00edstica del a\u00f1o: el desempleo cae a un hist\u00f3rico 7%<\/p>\n<p class=\"\">El 30 de diciembre lleg\u00f3 una cifra hist\u00f3rica para el pa\u00eds: Colombia alcanz\u00f3 tasas de desempleo en m\u00ednimos desde que se llevan registros a partir del 2001. El desempleo cierra noviembre en un 7%, una ca\u00edda de<a href=\"https:\/\/elpais.com\/america-colombia\/2025-11-28\/el-desempleo-en-colombia-cierra-octubre-en-un-bajo-82.html\" target=\"_self\" rel=\"nofollow noopener\" title=\"https:\/\/elpais.com\/america-colombia\/2025-11-28\/el-desempleo-en-colombia-cierra-octubre-en-un-bajo-82.html\"> 1,2 puntos porcentuales frente al mismo mes de 2024.<\/a> Es la tasa de desempleo m\u00e1s baja registrada en todo el a\u00f1o, en un periodo marcado por niveles mensuales que se han mantenido por debajo del promedio hist\u00f3rico para cada mes. La tasa de ocupaci\u00f3n lleg\u00f3 a 60,2% en noviembre y la participaci\u00f3n laboral a 64,7%, lo que indica que m\u00e1s colombianos se integraron al mercado y, a su vez, una mayor proporci\u00f3n consigui\u00f3 empleo. El cambio es positivo, y ahora afronta el reto de sostener el ritmo de contrataci\u00f3n el pr\u00f3ximo a\u00f1o, especialmente con el aumento del salario m\u00ednimo, que ahora es de<a href=\"https:\/\/elpais.com\/america-colombia\/2025-12-30\/la-ultima-apuesta-de-petro-salario-minimo-historico-reforma-laboral-en-marcha-y-ley-de-financiamiento-por-decreto.html\" target=\"_self\" rel=\"nofollow noopener\" title=\"https:\/\/elpais.com\/america-colombia\/2025-12-30\/la-ultima-apuesta-de-petro-salario-minimo-historico-reforma-laboral-en-marcha-y-ley-de-financiamiento-por-decreto.html\"> 2 millones de pesos<\/a>, incluyendo el auxilio de transporte. <\/p>\n","protected":false},"excerpt":{"rendered":"El 2025 en Colombia ha estado marcado, entre muchos otros sucesos, por los enfrentamientos permanentes entre el presidente&hellip;\n","protected":false},"author":2,"featured_media":316725,"comment_status":"","ping_status":"","sticky":false,"template":"","format":"standard","meta":{"footnotes":""},"categories":[42],"tags":[74053,889,17,18,4246,1803,13563,13,14,16858,3916,11,1847,61,62,63,64,7972,19,20,1804,7337,9,10,15,16,74054,12,21,22,65,66,67],"class_list":{"0":"post-316724","1":"post","2":"type-post","3":"status-publish","4":"format-standard","5":"has-post-thumbnail","7":"category-internacional","8":"tag-abelardo-de-la-espriella","9":"tag-america","10":"tag-breaking-news","11":"tag-breakingnews","12":"tag-campanas-electorales","13":"tag-colombia","14":"tag-desempleo","15":"tag-featured-news","16":"tag-featurednews","17":"tag-gobierno-colombia","18":"tag-gustavo-petro","19":"tag-headlines","20":"tag-inflacion","21":"tag-internacional","22":"tag-international","23":"tag-international-news","24":"tag-internationalnews","25":"tag-ivan-cepeda","26":"tag-latest-news","27":"tag-latestnews","28":"tag-latinoamerica","29":"tag-narcotrafico","30":"tag-news","31":"tag-noticias","32":"tag-noticias-destacadas","33":"tag-noticiasdestacadas","34":"tag-sergio-fajardo","35":"tag-titulares","36":"tag-ultimas-noticias","37":"tag-ultimasnoticias","38":"tag-world","39":"tag-world-news","40":"tag-worldnews"},"share_on_mastodon":{"url":"","error":"Validation failed: Text character limit of 500 exceeded"},"_links":{"self":[{"href":"https:\/\/www.europesays.com\/es\/wp-json\/wp\/v2\/posts\/316724","targetHints":{"allow":["GET"]}}],"collection":[{"href":"https:\/\/www.europesays.com\/es\/wp-json\/wp\/v2\/posts"}],"about":[{"href":"https:\/\/www.europesays.com\/es\/wp-json\/wp\/v2\/types\/post"}],"author":[{"embeddable":true,"href":"https:\/\/www.europesays.com\/es\/wp-json\/wp\/v2\/users\/2"}],"replies":[{"embeddable":true,"href":"https:\/\/www.europesays.com\/es\/wp-json\/wp\/v2\/comments?post=316724"}],"version-history":[{"count":0,"href":"https:\/\/www.europesays.com\/es\/wp-json\/wp\/v2\/posts\/316724\/revisions"}],"wp:featuredmedia":[{"embeddable":true,"href":"https:\/\/www.europesays.com\/es\/wp-json\/wp\/v2\/media\/316725"}],"wp:attachment":[{"href":"https:\/\/www.europesays.com\/es\/wp-json\/wp\/v2\/media?parent=316724"}],"wp:term":[{"taxonomy":"category","embeddable":true,"href":"https:\/\/www.europesays.com\/es\/wp-json\/wp\/v2\/categories?post=316724"},{"taxonomy":"post_tag","embeddable":true,"href":"https:\/\/www.europesays.com\/es\/wp-json\/wp\/v2\/tags?post=316724"}],"curies":[{"name":"wp","href":"https:\/\/api.w.org\/{rel}","templated":true}]}}