{"id":316750,"date":"2026-01-01T04:21:18","date_gmt":"2026-01-01T04:21:18","guid":{"rendered":"https:\/\/www.europesays.com\/es\/316750\/"},"modified":"2026-01-01T04:21:18","modified_gmt":"2026-01-01T04:21:18","slug":"participamos-de-las-actividades-y-acciones-a-cinco-anos-de-la-sancion-de-la-ley-ive-unter","status":"publish","type":"post","link":"https:\/\/www.europesays.com\/es\/316750\/","title":{"rendered":"Participamos de las actividades y acciones a cinco a\u00f1os de la sanci\u00f3n de la Ley IVE &#8211; UnTER"},"content":{"rendered":"<ol>\n<li><a href=\"https:\/\/news.google.com\/rss\/articles\/CBMivAFBVV95cUxQNmlmcG0tWjBsR09RY0dYVW1jdUZhbVZPRnpDN25aeW1jNjZVaDJJaWhqU3pPMnFqcnVOTHE3dGp3OHltdmhETDU0VXRGb2xjYng4ZXlOdF9WejZ6Xy1lM0F6TWJxNTBaQ1p5Q0lBTmNueW9IN3FNbHpPWkl1REtoTnlUUjBaMmtIQmlMenpVY2pHeWZWeXdiclZFUkoxd0Rhb1JnbHRpZVJFRU1TYWlCbjY5ZmFXN2NPZnV0VA?oc=5\" target=\"_blank\" rel=\"nofollow noopener\">Participamos de las actividades y acciones a cinco a\u00f1os de la sanci\u00f3n de la Ley IVE<\/a>&nbsp;&nbsp;UnTER<\/li>\n<li><a href=\"https:\/\/news.google.com\/rss\/articles\/CBMiygFBVV95cUxNRlE3cGhBb05uVXNfeXF1ZlNodUtnZW84azBxZWRlOVJXTkJIUXBLNlBrMjREX1Y3X1RQem9QampFeC1YLUZ6WlRpQ1YyVEh3aWU1WkZzVy1laHJDZk5xanFwT1R5TTViSTI2aWJNNXFPcDNCVElnYng0ME01V0pkV0YzYXJVTVpxNU1xMWEzaGs3RHFXdnJKZ1o5Z1pVcVlEZnVESnJoWHRNODNKQzdFV1gwZkZGX01UdlpXQnNQWS1wVHdaZTE3TnJn?oc=5\" target=\"_blank\" rel=\"nofollow noopener\">Cinco a\u00f1os de aborto legal en Argentina: un derecho que resiste a los ataques de Milei<\/a>&nbsp;&nbsp;EL PA\u00cdS<\/li>\n<li><a href=\"https:\/\/news.google.com\/rss\/articles\/CBMitAFBVV95cUxOWmdWT1c4ZU84MnRhV081S1U1cjY0a25LLVo2bVFjcDN3MmIzdlNHbzhKamtGNC1TSGl3bThweDZDc3hocUJ0ZTB5cUIyaFQ5a1JLX1dmVi0xYUFIalJKeVF3NGdfeU5UNGZkdDVvSFpwRmlCSVNUVnFaamhXaVdrQTdpTUNmTFpVSjhCU2ZWdFVXcFRaUjI0QjU1cFVLQTd5VHVXRlBwWnBzODBpVXpqRE9lcmQ?oc=5\" target=\"_blank\" rel=\"nofollow noopener\">Ley de aborto en Argentina: desigualdad y crisis en medicamentos esenciales<\/a>&nbsp;&nbsp;ABC<\/li>\n<li><a href=\"https:\/\/news.google.com\/rss\/articles\/CBMirwFBVV95cUxQM2NvYzd4SlUtUnJOQ1o5WmhZVjZrR1RNWFo5ZHBxckxLLXZEOTdDWXZxLWthSDVOZzJaQ3JRWjVxTGxfb004dDdITEdoV3B3VFlEMHNOVmpHODVXS2pxWS1OaS1wMnUzdk1xaGsxUV9IRDZFbmoyeGtPcGt6blVqSm42VE5TRVJrRkl4eVlTUzFScFJoWmo1QXdWS0RHMTg0ODhKM3VoZ056dFd3a0Nz0gG0AUFVX3lxTE5TR0drRzR2SXJlclhPcGpRZlZoMmR1aFNmRVI2Vm4wM25lUDBDVnFuQnRFV3U4Y3JPNzI4UXFwaGtZMl9DM3Jsb1dNWTlKUGhiRXk5MGhJRGFKbzB5TFJtcng1dHZ5UHU5dm5EVU5hOUFOVWZfWkdZRnM0bkNiNnpFVnpXMTdBSjJoakdBU3lPeTVDRG8yS01nRVJQY3pQYm04bnJWRm43NzktaGZYcFB6MEFpSw?oc=5\" target=\"_blank\" rel=\"nofollow noopener\">El aborto legal cumple cinco a\u00f1os en Argentina entre recortes y barreras del Gobierno de Milei<\/a>&nbsp;&nbsp;Diario P\u00fablico<\/li>\n<li><a href=\"https:\/\/news.google.com\/rss\/articles\/CBMi-AFBVV95cUxQTXRvbnF1b2haTW1ZajRqeTA1MmdvQU5GQklIRGhfQnFSZ0JfODRxZFRBQmxIRjJWRjQxMUNxa281dmMwQUlxYXNPVFJfXzZfX0F0QzJlS1RtakI2ekZ3WXl6bHlCcjg0S3VWNmRTSXNpbzNrdUQyOXlmN0sxajZRSEFBOWhHUWhvZFZmdm5YTTljQlEybXp4akx3MEJMOWE5ZHZTRi1BZkJFYXlIZTh1UUN5aTdLREluNlBSdG9hZzdUQzIxaFpjLS1QVjJlVExJQWN5RGJ1NGxZeFY1c2RYU3Q2a2tQRzB4ckRiTkY5ampZRXNZVkM1WNIB_gFBVV95cUxOc09GT09sXy1pQmVQQzdmYmY4My1kdURENk53YTQxNlNKU2Zpd3l6M2w0anA2OXM1cEZ2NVk3MEprYnNFRmRIMC1xeTJFeUxVN3lLdll3QlhRSGFQdklIcVM1R3pLNHdtenM5b0pIUnAwTm5tSjdSNXhOQU1DQ3BCTkpzTFBqNVBmdWJER3Fuem5IaVM5SkdSNE9fVUFKRFhNRTY2NEpETGFDaUtPelZsUWlMMlBmeGdkckl2ZGVvSEVzbTMtbW5HaUVGS2JEUGxNQzVTZmxlaHF0NFFfUUctWElVRzgwNmtKUjFabm0wRDI0alUyYTR2TXNXdzJsZw?oc=5\" target=\"_blank\" rel=\"nofollow noopener\">Denuncian retrocesos y barreras para el acceso al aborto seguro, a cinco a\u00f1os de la sanci\u00f3n de la ley de Interrupci\u00f3n Voluntaria del Embarazo<\/a>&nbsp;&nbsp;Ambito<\/li>\n<\/ol>\n","protected":false},"excerpt":{"rendered":"Participamos de las actividades y acciones a cinco a\u00f1os de la sanci\u00f3n de la Ley IVE&nbsp;&nbsp;UnTER Cinco a\u00f1os&hellip;\n","protected":false},"author":2,"featured_media":316751,"comment_status":"","ping_status":"","sticky":false,"template":"","format":"standard","meta":{"footnotes":""},"categories":[42],"tags":[17,18,13,14,11,61,62,63,64,19,20,9,10,15,16,12,21,22,65,66,67],"class_list":{"0":"post-316750","1":"post","2":"type-post","3":"status-publish","4":"format-standard","5":"has-post-thumbnail","7":"category-internacional","8":"tag-breaking-news","9":"tag-breakingnews","10":"tag-featured-news","11":"tag-featurednews","12":"tag-headlines","13":"tag-internacional","14":"tag-international","15":"tag-international-news","16":"tag-internationalnews","17":"tag-latest-news","18":"tag-latestnews","19":"tag-news","20":"tag-noticias","21":"tag-noticias-destacadas","22":"tag-noticiasdestacadas","23":"tag-titulares","24":"tag-ultimas-noticias","25":"tag-ultimasnoticias","26":"tag-world","27":"tag-world-news","28":"tag-worldnews"},"share_on_mastodon":{"url":"https:\/\/pubeurope.com\/@es\/115817931263426206","error":""},"_links":{"self":[{"href":"https:\/\/www.europesays.com\/es\/wp-json\/wp\/v2\/posts\/316750","targetHints":{"allow":["GET"]}}],"collection":[{"href":"https:\/\/www.europesays.com\/es\/wp-json\/wp\/v2\/posts"}],"about":[{"href":"https:\/\/www.europesays.com\/es\/wp-json\/wp\/v2\/types\/post"}],"author":[{"embeddable":true,"href":"https:\/\/www.europesays.com\/es\/wp-json\/wp\/v2\/users\/2"}],"replies":[{"embeddable":true,"href":"https:\/\/www.europesays.com\/es\/wp-json\/wp\/v2\/comments?post=316750"}],"version-history":[{"count":0,"href":"https:\/\/www.europesays.com\/es\/wp-json\/wp\/v2\/posts\/316750\/revisions"}],"wp:featuredmedia":[{"embeddable":true,"href":"https:\/\/www.europesays.com\/es\/wp-json\/wp\/v2\/media\/316751"}],"wp:attachment":[{"href":"https:\/\/www.europesays.com\/es\/wp-json\/wp\/v2\/media?parent=316750"}],"wp:term":[{"taxonomy":"category","embeddable":true,"href":"https:\/\/www.europesays.com\/es\/wp-json\/wp\/v2\/categories?post=316750"},{"taxonomy":"post_tag","embeddable":true,"href":"https:\/\/www.europesays.com\/es\/wp-json\/wp\/v2\/tags?post=316750"}],"curies":[{"name":"wp","href":"https:\/\/api.w.org\/{rel}","templated":true}]}}