{"id":316758,"date":"2026-01-01T04:33:09","date_gmt":"2026-01-01T04:33:09","guid":{"rendered":"https:\/\/www.europesays.com\/es\/316758\/"},"modified":"2026-01-01T04:33:09","modified_gmt":"2026-01-01T04:33:09","slug":"llevo-los-llamadores-de-angeles-que-use-durante-mis-embarazos","status":"publish","type":"post","link":"https:\/\/www.europesays.com\/es\/316758\/","title":{"rendered":"Llevo los llamadores de \u00e1ngeles que us\u00e9 durante mis embarazos"},"content":{"rendered":"<p id=\"eZ0ocXtaHz\" data-wc=\"100\">La &#8216;Reina de la Nochevieja&#8217; no pod\u00eda defraudar a sus s\u00fabditos, como as\u00ed ha sido. <strong>Cristina Pedroche<\/strong>, una vez m\u00e1s, ha vuelto a acaparar todas las miradas con <a class=\"hm-link ho-link\" href=\"https:\/\/www.hola.com\/moda\/20251231875567\/look-campanadas-2025-cristina-pedroche-vestido\/\" data-mrf-recirculation=\"article-body-link\" rel=\"nofollow noopener\" target=\"_blank\">su espectacular look<\/a> durante las tradicionales <strong>C<\/strong><strong>ampanadas<\/strong> de fin de a\u00f1o que emite Atresmedia. En el plano televisivo, con un cambio importante respecto a lo que el grupo de comunicaci\u00f3n ven\u00eda haciendo hasta ahora. Esto es, que por primera vez se han ofrecido en &#8216;simulcast&#8217; por sus dos principales canales: Antena 3 y laSexta, mientras que antes lo hab\u00edan hecho siempre por separado y cada uno con su pareja respectiva de presentadores.\u00a0<\/p>\n<p> <img src=\"https:\/\/www.europesays.com\/es\/wp-content\/uploads\/2026\/01\/5859369d0363-pedroce.jpg\"   width=\"1024\" height=\"704\" loading=\"lazy\" decoding=\"async\" alt=\"Cristina Pedroche en las Campanadas 2025\" fetchpriority=\"auto\" class=\"image ho-image\"\/>\u00a9 AtresmediaCristina Pedroche en las Campanadas 2025<\/p>\n<p> <img src=\"https:\/\/www.europesays.com\/es\/wp-content\/uploads\/2026\/01\/5646cf4306ec-pedroche2.jpg\"   width=\"1024\" height=\"686\" loading=\"lazy\" decoding=\"async\" alt=\"La pareja de presentadores, durante la retransmisi\u00f3n\" fetchpriority=\"auto\" class=\"image ho-image\"\/>\u00a9 AtresmediaLa pareja de presentadores, durante la retransmisi\u00f3n<\/p>\n<p id=\"edV4T-hjoyO\" data-wc=\"71\">Hab\u00eda por tanto doble responsabilidad para la conductora madrile\u00f1a y el chef <strong>Alberto Chicote,<\/strong> en lo que para ella ha sido la<strong>\u00a012\u00aa ocasi\u00f3n consecutiva<\/strong> que se come precisamente las doce uvas y brinda con los espectadores desde la madrile\u00f1a Puerta del Sol. Es m\u00e1s, ambos han batido el <strong>r\u00e9cord hist\u00f3rico\u00a0<\/strong>de cualquier cadena al convertirse ya en el t\u00e1ndem que m\u00e1s veces ha retransmitido las uvas para la peque\u00f1a pantalla.<\/p>\n<p id=\"ezho_02oH9B\" data-wc=\"68\">Del mismo modo, otra de las novedades ha sido la presencia de un tercero durante el especial de la privada, en este caso <strong>Santiago Segura<\/strong>, quien ha aportado como se esperaba el toque de humor al directo. Durante su aparici\u00f3n, el actor y director ha aprovechado para promocionar el estreno de\u00a0Torrente Presidente, la nueva entrega de la taquillera saga que llegar\u00e1 a los cines el pr\u00f3ximo marzo.<\/p>\n<p> <img src=\"https:\/\/www.europesays.com\/es\/wp-content\/uploads\/2026\/01\/33bd233b20a5-pedroche6.jpg\"   width=\"1024\" height=\"655\" loading=\"lazy\" decoding=\"async\" alt=\"Santiago Segura, durante su aparici\u00f3n en el balc\u00f3n de la Puerta del Sol\" fetchpriority=\"auto\" class=\"image ho-image\"\/>\u00a9 AtresmediaSantiago Segura, durante su aparici\u00f3n en el balc\u00f3n de la Puerta del Sol<\/p>\n<p> <img src=\"https:\/\/www.europesays.com\/es\/wp-content\/uploads\/2026\/01\/6246dafc900f-ole6.jpg\"   width=\"1024\" height=\"1024\" loading=\"lazy\" decoding=\"async\" alt=\"La presentadora, tras descubrir su look de este a\u00f1o\" fetchpriority=\"auto\" class=\"image ho-image\"\/>\u00a9 AtresmediaEl momento en el que se descubr\u00eda su look de este a\u00f1o<\/p>\n<p id=\"eV3hMnPy66F\" data-wc=\"77\">Para Pedroche, por su parte, este sigue siendo su gran momento, no solo por los originales y atrevidos estilismos que luce desde el balc\u00f3n de la emblem\u00e1tica plaza de la capital, sino tambi\u00e9n por los sentidos discursos que suele y le gusta pronunciar sobre temas de concienciaci\u00f3n social. Esta vez, <strong>sus palabras iban dedicadas a todas aquellas personas afectadas por un c\u00e1ncer<\/strong>, y sobre la importancia que tenemos todos de apoyarles en la lucha contra la enfermedad.\u00a0<\/p>\n<p> <img src=\"https:\/\/www.europesays.com\/es\/wp-content\/uploads\/2026\/01\/139921369b65-can.jpg\"   width=\"1024\" height=\"768\" loading=\"lazy\" decoding=\"async\" alt=\"Su discurso de este a\u00f1o iba dedicado a las personas que padecen c\u00e1ncer\" fetchpriority=\"auto\" class=\"image ho-image\"\/>\u00a9 AtresmediaSu discurso de este a\u00f1o iba dedicado a las personas que padecen c\u00e1ncer<\/p>\n<p id=\"eZxtN6uwGgC\" data-wc=\"48\">En definitiva, demostrando que es toda una veterana y experta en estas lides, la presentadora de 37 a\u00f1os se ha mostrado una vez m\u00e1s tal y como es: <strong>vitalista, feliz y orgullosa<\/strong> de poder compartir con tantos millones de televidentes un instante tan m\u00e1gico y \u00fanico como este.\u00a0<\/p>\n<p>El emocionante gui\u00f1o a sus hijos<\/p>\n<p id=\"eVeMCWOJk8\" data-wc=\"53\">En lo personal, para ella, tambi\u00e9n ha sido un a\u00f1o crucial y muy importante tras dar la bienvenida el pasado julio <a class=\"hm-link ho-link\" href=\"https:\/\/www.hola.com\/actualidad\/20250718817957\/cristina-pedroche-david-munoz-nace-segundo-hijo-isai\/\" data-mrf-recirculation=\"article-body-link\" rel=\"nofollow noopener\" target=\"_blank\">a su segundo hijo<\/a> con su marido, el reputado cocinero David Mu\u00f1oz. El matrimonio ha formado as\u00ed \u00a0una bonita familia junto al peque\u00f1o Isai y su hermana mayor, Laia, nacida en 2023.\u00a0<\/p>\n<p> <img src=\"https:\/\/www.europesays.com\/es\/wp-content\/uploads\/2026\/01\/ea2d1378d430-pedroche5.jpg\"   width=\"1024\" height=\"729\" loading=\"lazy\" decoding=\"async\" alt=\"Alberto Chicote y Cristina Pedroche en las Campanadas 2025\" fetchpriority=\"auto\" class=\"image ho-image\"\/>\u00a9 AtresmediaEl original estilismo hecho de retales de sus otros vestidos<\/p>\n<p id=\"e_f5jJA3z2\" data-wc=\"73\">Precisamente, a sus ni\u00f1os ha hecho Cristina un emocionante gui\u00f1o durante las Campanadas de este a\u00f1o, relativo al primer look con la que la hemos visto aparecer. Se trataba de la capa hecha de retales de sus vestidos anteriores de Nochevieja, donde hab\u00eda un elemento muy simb\u00f3lico y espiritual<strong>. \u00abDel abanico est\u00e1n colgando los llamadores de \u00e1ngeles que llevaba durante mis embarazos, para que as\u00ed est\u00e9n bien presentes mis hijos hoy\u00bb,<\/strong> ha contado.<\/p>\n<p id=\"epo6cnHicOY\" data-wc=\"66\">De esta forma, se refer\u00eda a la joya que mostraba a c\u00e1mara y que emite un suave tintineo al moverse, del que se cree sirve como <strong>amuleto protector<\/strong> para quien lo lleva. Especialmente, durante el estado de gestaci\u00f3n de la mujer para calmar tanto a la madre como al beb\u00e9. Es una melod\u00eda que se asocia con <strong>seguridad y bienesta<\/strong><strong>r<\/strong>, incluso despu\u00e9s del nacimiento del peque\u00f1o.\u00a0<\/p>\n<p> <img src=\"https:\/\/www.europesays.com\/es\/wp-content\/uploads\/2026\/01\/a9c67c1e1102-llama.jpg\"   width=\"1024\" height=\"1024\" loading=\"lazy\" decoding=\"async\" alt=\"As\u00ed es un llamador de \u00e1ngeles\" fetchpriority=\"auto\" class=\"image ho-image\"\/>\u00a9 basicsbyluamarta.comAs\u00ed es un llamador de \u00e1ngeles<\/p>\n<p id=\"e5wMOLYoUWf\" data-wc=\"58\">Este colgante, generalmente de plata, contiene una esfera con peque\u00f1as bolitas dentro que, al agitarse, produce ese sonido armonioso y relajante. Su origen se remonta a<strong>\u00a0culturas antiguas<\/strong> (celta, mexicana e indonesia) y, seg\u00fan la tradici\u00f3n, sirve para invocar la protecci\u00f3n de tu \u00e1ngel de la guarda y crear un v\u00ednculo especial con \u00e9l, manteni\u00e9ndolo cerca de ti.<\/p>\n","protected":false},"excerpt":{"rendered":"La &#8216;Reina de la Nochevieja&#8217; no pod\u00eda defraudar a sus s\u00fabditos, como as\u00ed ha sido. Cristina Pedroche, una&hellip;\n","protected":false},"author":2,"featured_media":316759,"comment_status":"","ping_status":"","sticky":false,"template":"","format":"standard","meta":{"footnotes":""},"categories":[174],"tags":[517,255,18875,146,147,25,24,256,23],"class_list":{"0":"post-316758","1":"post","2":"type-post","3":"status-publish","4":"format-standard","5":"has-post-thumbnail","7":"category-famosos","8":"tag-actualidad","9":"tag-celebrities","10":"tag-cristina-pedroche","11":"tag-entertainment","12":"tag-entretenimiento","13":"tag-es","14":"tag-espana","15":"tag-famosos","16":"tag-spain"},"share_on_mastodon":{"url":"https:\/\/pubeurope.com\/@es\/115817978770510583","error":""},"_links":{"self":[{"href":"https:\/\/www.europesays.com\/es\/wp-json\/wp\/v2\/posts\/316758","targetHints":{"allow":["GET"]}}],"collection":[{"href":"https:\/\/www.europesays.com\/es\/wp-json\/wp\/v2\/posts"}],"about":[{"href":"https:\/\/www.europesays.com\/es\/wp-json\/wp\/v2\/types\/post"}],"author":[{"embeddable":true,"href":"https:\/\/www.europesays.com\/es\/wp-json\/wp\/v2\/users\/2"}],"replies":[{"embeddable":true,"href":"https:\/\/www.europesays.com\/es\/wp-json\/wp\/v2\/comments?post=316758"}],"version-history":[{"count":0,"href":"https:\/\/www.europesays.com\/es\/wp-json\/wp\/v2\/posts\/316758\/revisions"}],"wp:featuredmedia":[{"embeddable":true,"href":"https:\/\/www.europesays.com\/es\/wp-json\/wp\/v2\/media\/316759"}],"wp:attachment":[{"href":"https:\/\/www.europesays.com\/es\/wp-json\/wp\/v2\/media?parent=316758"}],"wp:term":[{"taxonomy":"category","embeddable":true,"href":"https:\/\/www.europesays.com\/es\/wp-json\/wp\/v2\/categories?post=316758"},{"taxonomy":"post_tag","embeddable":true,"href":"https:\/\/www.europesays.com\/es\/wp-json\/wp\/v2\/tags?post=316758"}],"curies":[{"name":"wp","href":"https:\/\/api.w.org\/{rel}","templated":true}]}}