{"id":316762,"date":"2026-01-01T04:36:27","date_gmt":"2026-01-01T04:36:27","guid":{"rendered":"https:\/\/www.europesays.com\/es\/316762\/"},"modified":"2026-01-01T04:36:27","modified_gmt":"2026-01-01T04:36:27","slug":"la-serie-turca-de-solo-14-capitulos-que-sobre-amor-y-moda-como-emily-en-paris","status":"publish","type":"post","link":"https:\/\/www.europesays.com\/es\/316762\/","title":{"rendered":"La serie turca de solo 14 cap\u00edtulos que sobre amor y moda como &#8216;Emily en Par\u00eds&#8217;"},"content":{"rendered":"<p data-journey-content=\"true\" data-node-id=\"3\" class=\"css-6wxqfj emevuu60\">La primera fue <strong data-node-id=\"3.1\"><a href=\"https:\/\/www.diezminutos.es\/teleprograma\/series-tv\/g1987788\/sexo-en-nueva-york-veinte-aniversario\/\" target=\"_blank\" data-vars-ga-outbound-link=\"https:\/\/www.diezminutos.es\/teleprograma\/series-tv\/g1987788\/sexo-en-nueva-york-veinte-aniversario\/\" data-vars-ga-ux-element=\"Hyperlink\" data-vars-ga-call-to-action=\"&#039;Sexo en Nueva York&#039;\" data-node-id=\"3.1.0\" class=\"body-link css-177bzfx emevuu60\" rel=\"nofollow noopener\">&#8216;Sexo en Nueva York&#8217;<\/a><\/strong>, que<strong data-node-id=\"3.3\"> enganch\u00f3 al p\u00fablico<\/strong> de una manera inesperada entre 1998 y 2004 con sus seis temporadas llenas de <strong data-node-id=\"3.5\">moda, romances y empoderamiento femenino<\/strong>. A esta, le sigui\u00f3 <a href=\"https:\/\/www.diezminutos.es\/teleprograma\/series-tv\/a33319648\/emily-in-paris-serie-romantica-netflix-moda-lily-collins-sinopsis-reparto\/\" target=\"_blank\" data-vars-ga-outbound-link=\"https:\/\/www.diezminutos.es\/teleprograma\/series-tv\/a33319648\/emily-in-paris-serie-romantica-netflix-moda-lily-collins-sinopsis-reparto\/\" data-vars-ga-ux-element=\"Hyperlink\" data-vars-ga-call-to-action=\"&#039;Emily en Par\u00eds&#039;\" data-node-id=\"3.7\" class=\"body-link css-177bzfx emevuu60\" rel=\"nofollow noopener\">&#8216;Emily en Par\u00eds&#8217;<\/a>, creada por el mismo productor, <strong data-node-id=\"3.9\">Darren Star<\/strong> (tambi\u00e9n responsable de t\u00edtulos como las m\u00edticas &#8216;Sensaci\u00f3n de vivir&#8217; y &#8216;Melrose Place&#8217;), que puedes ver en <strong data-node-id=\"3.11\">Netflix <\/strong>desde 2020 y que se localiza en la capital francesa en lugar de en Estados Unidos, y nos habla, en la misma l\u00ednea, de una <strong data-node-id=\"3.13\">ejecutiva <\/strong>que recibe una oferta para trabajar en la capital francesa, donde encontrar\u00e1 nuevas experiencias, amistades y romances.<\/p>\n<p data-journey-content=\"true\" data-node-id=\"6\" class=\"css-6wxqfj emevuu60\">Si te han gustado estas <strong data-node-id=\"6.1\">comedias americanas<\/strong>, hay una tercera, que en este caso no es de esa nacionalidad sino <strong data-node-id=\"6.3\">turca<\/strong>, pero que combina igualmente amor y moda y se pudo ver en Divinity en 2023. Se titula<strong data-node-id=\"6.5\"><a href=\"https:\/\/www.diezminutos.es\/telenovela\/turcas\/g43600058\/mas-hermosa-que-tu-serie-turca-divinity\/\" target=\"_blank\" data-vars-ga-outbound-link=\"https:\/\/www.diezminutos.es\/telenovela\/turcas\/g43600058\/mas-hermosa-que-tu-serie-turca-divinity\/\" data-vars-ga-ux-element=\"Hyperlink\" data-vars-ga-call-to-action=\" &#039;M\u00e1s hermosa que t\u00fa&#039;\" data-node-id=\"6.5.0\" class=\"body-link css-177bzfx emevuu60\" rel=\"nofollow noopener\"> &#8216;M\u00e1s hermosa que t\u00fa&#8217;<\/a><\/strong>, tiene solo 14 cap\u00edtulos y est\u00e1 creada por la showrunner Ayse \u00dcner Kutlu, que fue tambi\u00e9n responsable de<strong data-node-id=\"6.9\"> \u00e9xitos internacionales<\/strong> como <a href=\"https:\/\/www.diezminutos.es\/teleprograma\/series-tv\/a38221551\/love-is-in-the-air-final-serie-turca\/\" target=\"_blank\" data-vars-ga-outbound-link=\"https:\/\/www.diezminutos.es\/teleprograma\/series-tv\/a38221551\/love-is-in-the-air-final-serie-turca\/\" data-vars-ga-ux-element=\"Hyperlink\" data-vars-ga-call-to-action=\"\u2018Love is in the air\u2019\" data-mrf-link=\"https:\/\/www.diezminutos.es\/teleprograma\/series-tv\/a38221551\/love-is-in-the-air-final-serie-turca\/\" data-node-id=\"6.11\" class=\"body-link css-177bzfx emevuu60\" rel=\"nofollow noopener\">\u2018Love is in the air\u2019<\/a> -protagonizada por <strong data-node-id=\"6.13\">Kerem B\u00fcrsin y Hande Er\u00e7el<\/strong>&#8211; y guionista de <a href=\"https:\/\/www.diezminutos.es\/telenovela\/a27066014\/can-yaman-demet-ozdemir-erkenci-kus-premios-murexdor-libano\/\" target=\"_blank\" data-vars-ga-outbound-link=\"https:\/\/www.diezminutos.es\/telenovela\/a27066014\/can-yaman-demet-ozdemir-erkenci-kus-premios-murexdor-libano\/\" data-vars-ga-ux-element=\"Hyperlink\" data-vars-ga-call-to-action=\" \u2018Erkenci Kus: P\u00e1jaro so\u00f1ador\u2019\" data-mrf-link=\"https:\/\/www.diezminutos.es\/telenovela\/a27066014\/can-yaman-demet-ozdemir-erkenci-kus-premios-murexdor-libano\/\" data-node-id=\"6.15\" class=\"body-link css-177bzfx emevuu60\" rel=\"nofollow noopener\">\u2018Erkenci Kus: P\u00e1jaro so\u00f1ador\u2019<\/a> -con otra pareja m\u00edtica como <strong data-node-id=\"6.17\">Can Yaman y Demet \u00d6zdemir<\/strong>.<\/p>\n<p><img draggable=\"true\" alt=\"cemre baysel m\u00e1s hermosa que t\u00fa\" title=\"cemre baysel m\u00e1s hermosa que t\u00fa \" loading=\"lazy\" width=\"5472\" height=\"3648\" decoding=\"async\" data-nimg=\"1\" style=\"color:transparent;width:100%;height:auto;\"   src=\"https:\/\/www.europesays.com\/es\/wp-content\/uploads\/2026\/01\/cemre-jpg-64393dfe5e168.jpg\" class=\"css-0 e1g79fud0\"\/><\/p>\n<p>Divinity<\/p>\n<p>Una prestigiosa dermat\u00f3loga y un reconocido cirujano pl\u00e1stico en &#8216;M\u00e1s hermosa que t\u00fa&#8217;<\/p>\n<p data-journey-content=\"true\" data-node-id=\"10\" class=\"css-6wxqfj emevuu60\">Protagonizada por <a href=\"https:\/\/www.diezminutos.es\/telenovela\/turcas\/a69105391\/gueller-ve-guenahlar-serie-turca-cemre-baysel-lost-in-love-exito\/\" target=\"_blank\" data-vars-ga-outbound-link=\"https:\/\/www.diezminutos.es\/telenovela\/turcas\/a69105391\/gueller-ve-guenahlar-serie-turca-cemre-baysel-lost-in-love-exito\/\" data-vars-ga-ux-element=\"Hyperlink\" data-vars-ga-call-to-action=\"Cemre Baysel\" data-node-id=\"10.1\" class=\"body-link css-177bzfx emevuu60\" rel=\"nofollow noopener\">Cemre Baysel<\/a> (<strong data-node-id=\"10.3\">\u2018No sueltes mi mano\u2019<\/strong>) y Burak \u00c7elik (<a href=\"https:\/\/www.diezminutos.es\/telenovela\/a26431953\/burak-ozcivit-kara-sevda-resurreccion-dirilis-osman\/\" target=\"_blank\" data-vars-ga-outbound-link=\"https:\/\/www.diezminutos.es\/telenovela\/a26431953\/burak-ozcivit-kara-sevda-resurreccion-dirilis-osman\/\" data-vars-ga-ux-element=\"Hyperlink\" data-vars-ga-call-to-action=\"\u2018Kurulus: Osman\u2019\" data-mrf-link=\"https:\/\/www.diezminutos.es\/telenovela\/a26431953\/burak-ozcivit-kara-sevda-resurreccion-dirilis-osman\/\" data-node-id=\"10.5\" class=\"body-link css-177bzfx emevuu60\" rel=\"nofollow noopener\">\u2018Kurulus: Osman\u2019<\/a>), este relato de amor y amistad cuenta la historia de <strong data-node-id=\"10.7\">Efsun<\/strong>, que en este caso no es una ejecutiva de marketing digital, como Emily, sino una dermat\u00f3loga que se ha ido haciendo a s\u00ed misma. En este caso y en l\u00ednea con las ficciones turcas, la joven est\u00e1 envuelta en un <strong data-node-id=\"10.9\">drama familiar<\/strong> que acompa\u00f1ar\u00e1 la historia, a diferencia de las mencionadas comedias americanas que se centran m\u00e1s en las vivencias de esas mujeres y sus relaciones amorosas te\u00f1idas de fracasos, aventuras y problemas.<\/p>\n<p><img draggable=\"true\" alt=\"burak \u00e7elik m\u00e1s hermosa que t\u00fa divinity\" title=\"burak \u00e7elik m\u00e1s hermosa que t\u00fa divinity\" loading=\"lazy\" width=\"3898\" height=\"2598\" decoding=\"async\" data-nimg=\"1\" style=\"color:transparent;width:100%;height:auto;\"   src=\"https:\/\/www.europesays.com\/es\/wp-content\/uploads\/2026\/01\/burak-jpg-64393e380066b.jpg\" class=\"css-0 e1g79fud0\"\/><\/p>\n<p>mustafa gaziolu<\/p>\n<p data-journey-content=\"true\" data-node-id=\"15\" class=\"css-6wxqfj emevuu60\">Efsun fue abandonada por su madre, que march\u00f3 a <strong data-node-id=\"15.1\">Estambul para cumplir con s<\/strong><strong data-node-id=\"15.2\">us sue\u00f1os profesionales <\/strong>y convertirse en una de las cirujanas pl\u00e1sticas con m\u00e1s renombre de Turqu\u00eda. As\u00ed la chica pas\u00f3 su infancia y adolescencia sola con su padre. De pronto, la avisan de que tiene que viajar a la capital, pues su madre est\u00e1 muy enferma y quiere verla. Una vez all\u00ed, <strong data-node-id=\"15.4\">Pervin<\/strong> (Ebru C\u00fcnd\u00fcbeyo\u011flu) <strong data-node-id=\"15.6\"\/>&#8216;obliga&#8217; a su hija a hacerse cargo de su prestigiosa cl\u00ednica de cirug\u00eda est\u00e9tica amenaz\u00e1ndola con quitarle la granja a su padre si no lo hace, ya que ella debe viajar a Estados Unidos para un tratamiento m\u00e9dico clave en su enfermedad.<\/p>\n<p data-journey-content=\"true\" data-node-id=\"17\" class=\"css-6wxqfj emevuu60\">De este modo, Efsun se pone al cargo de la cl\u00ednica, por donde pasan las <strong data-node-id=\"17.1\">mujeres de la alta sociedad turca, que se han aficionado a la cirug\u00eda est\u00e9tica, el botox y el relleno facial<\/strong>. En su tarea, trabajar\u00e1 codo con codo con Emir (Burak \u00c7elik), hijo de Kaya (Berat Yenilmez) -la nueva pareja de su madre-, un reputado y altivo cirujano pl\u00e1stico, totalmente esc\u00e9ptico con el amor pero que inevitablemente cae rendido a los encantos de la muchacha.   <\/p>\n<p><img src=\"https:\/\/www.europesays.com\/es\/wp-content\/uploads\/2026\/01\/ded5e1ed-0131-401e-b7e8-7a68de80543b_1684752816.file.png\" alt=\"Headshot of Vilma Degorgue Alegre\" title=\"Headshot of Vilma Degorgue Alegre\" width=\"100%\" height=\"100%\" decoding=\"async\" loading=\"lazy\" class=\"css-o0wq4v ev8dhu53\"\/><\/p>\n<p>Vilma Degorgue es una experimentada periodista, con 30 a\u00f1os de recorrido profesional. Entre otras cosas, est\u00e1 especializada en contenidos de televisi\u00f3n, principalmente ficci\u00f3n y, m\u00e1s concretamente, en series turcas y latinoamericanas. Lleva desde el a\u00f1o 2000 entrevistando a actores y actrices mexicanos, colombianos, argentinos, chilenos, etc, y hasta 2020 estuvo viajando a diversos pa\u00edses de Am\u00e9rica Latina y Estados Unidos (Miami, Venezuela, M\u00e9xico, Colombia, Chile, Argentina, Per\u00fa) para cubrir grabaciones de series\/telenovelas que despu\u00e9s se emit\u00edan en Espa\u00f1a, y para entrevistar a los actores que formaban parte de ellas. \u00a0\u00a0\u00a0<\/p>\n<p>Desde que irrumpieron las telenovelas turcas, se ha especializado en estos productos, entrevistando a los actores que trabajan en ellas y estando al tanto de cualquier novedad en relaci\u00f3n a las ficciones y los int\u00e9rpretes de ese pa\u00eds. \u00a0\u00a0<\/p>\n<p>Nacida en Barcelona, se licenci\u00f3 en Periodismo, en 1993, en la Universidad Aut\u00f3noma de la ciudad condal, cursando dos Erasmus, uno en Francia (Grenoble) y otro en Gran Breta\u00f1a (Cardiff). Comenz\u00f3 su carrera en su ciudad natal, trabajando en Europa Press Catalunya, pero al a\u00f1o se traslad\u00f3 a Madrid, y desde 1995 trabaja en la capital de Espa\u00f1a. Ha pasado por agencias (Europa Press, Euroimagen), televisi\u00f3n (Antena3, Telecinco, RTVE y Telemadrid), revistas (Teleindiscreta, Telenovela, colaboraciones en Lecturas y Semana) y ha sido coordinadora del Portal del Consumidor de la Comunidad de Madrid. Estos a\u00f1os de experiencia, y gracias a tres idiomas que habla (franc\u00e9s, ingl\u00e9s y alem\u00e1n, adem\u00e1s de su catal\u00e1n natal) le han permitido viajar por todo el mundo para entrevistar a personajes de la vida p\u00fablica y realizar reportajes casi todos relacionados con el mundo art\u00edstico y social. \u00a0\u00a0\u00a0<\/p>\n<p>Desde el a\u00f1o 2000 est\u00e1 vinculada, entre otras empresas, a la revista Telenovela (que ahora forma parte de Diez Minutos) y, desde su paso por el Portal del Consumidor de la Comunidad de Madrid (2006-2016), se ha especializado en prensa e informaci\u00f3n digital, gracias a cursos y experiencia en webs y portales de informaci\u00f3n en internet. En los \u00faltimos a\u00f1os, ha creado dos peri\u00f3dicos digitales, <a href=\"https:\/\/elmiradordemadrid.es\/\" target=\"_blank\" rel=\"nofollow noopener\">www.elmiradordemadrid.es<\/a> y <a href=\"https:\/\/elmiradordebenidorm.es\/\" target=\"_blank\" rel=\"nofollow noopener\">www.elmiradordebenidorm.es<\/a>, que son de su propiedad y gestiona junto con otros colaboradores. \u00a0\u00a0<\/p>\n","protected":false},"excerpt":{"rendered":"La primera fue &#8216;Sexo en Nueva York&#8217;, que enganch\u00f3 al p\u00fablico de una manera inesperada entre 1998 y&hellip;\n","protected":false},"author":2,"featured_media":316763,"comment_status":"","ping_status":"","sticky":false,"template":"","format":"standard","meta":{"footnotes":""},"categories":[171],"tags":[253,146,147,25,24,23,214],"class_list":{"0":"post-316762","1":"post","2":"type-post","3":"status-publish","4":"format-standard","5":"has-post-thumbnail","7":"category-tv","8":"tag-discover","9":"tag-entertainment","10":"tag-entretenimiento","11":"tag-es","12":"tag-espana","13":"tag-spain","14":"tag-tv"},"share_on_mastodon":{"url":"https:\/\/pubeurope.com\/@es\/115817990432901725","error":""},"_links":{"self":[{"href":"https:\/\/www.europesays.com\/es\/wp-json\/wp\/v2\/posts\/316762","targetHints":{"allow":["GET"]}}],"collection":[{"href":"https:\/\/www.europesays.com\/es\/wp-json\/wp\/v2\/posts"}],"about":[{"href":"https:\/\/www.europesays.com\/es\/wp-json\/wp\/v2\/types\/post"}],"author":[{"embeddable":true,"href":"https:\/\/www.europesays.com\/es\/wp-json\/wp\/v2\/users\/2"}],"replies":[{"embeddable":true,"href":"https:\/\/www.europesays.com\/es\/wp-json\/wp\/v2\/comments?post=316762"}],"version-history":[{"count":0,"href":"https:\/\/www.europesays.com\/es\/wp-json\/wp\/v2\/posts\/316762\/revisions"}],"wp:featuredmedia":[{"embeddable":true,"href":"https:\/\/www.europesays.com\/es\/wp-json\/wp\/v2\/media\/316763"}],"wp:attachment":[{"href":"https:\/\/www.europesays.com\/es\/wp-json\/wp\/v2\/media?parent=316762"}],"wp:term":[{"taxonomy":"category","embeddable":true,"href":"https:\/\/www.europesays.com\/es\/wp-json\/wp\/v2\/categories?post=316762"},{"taxonomy":"post_tag","embeddable":true,"href":"https:\/\/www.europesays.com\/es\/wp-json\/wp\/v2\/tags?post=316762"}],"curies":[{"name":"wp","href":"https:\/\/api.w.org\/{rel}","templated":true}]}}