{"id":316774,"date":"2026-01-01T04:44:13","date_gmt":"2026-01-01T04:44:13","guid":{"rendered":"https:\/\/www.europesays.com\/es\/316774\/"},"modified":"2026-01-01T04:44:13","modified_gmt":"2026-01-01T04:44:13","slug":"el-papa-alerta-contra-los-discursos-hipocritas-para-dominar-el-mundo","status":"publish","type":"post","link":"https:\/\/www.europesays.com\/es\/316774\/","title":{"rendered":"El Papa alerta contra los \u00abdiscursos hip\u00f3critas\u00bb para dominar el mundo"},"content":{"rendered":"<p style=\"\">El <a href=\"https:\/\/www.abc.es\/noticias\/papa-leon-xiv\/\" data-voc-vtm-id=\"in-text-traffic\" title=\"Papa\" data-mrf-link=\"www.abc.es\" rel=\"nofollow noopener\" target=\"_blank\">Papa<\/a> ha cerrado el a\u00f1o con una breve ceremonia en San Pedro en la que ha alertado de los \u00abdiscursos hip\u00f3critas, las proclamas ideol\u00f3gicas y los falsos motivos religiosos\u00bb que caracterizan \u00ablos designios de nuestro tiempo\u00bb. Lo ha hecho durante una oraci\u00f3n en  &#8230; la que ha recordado con gratitud a los 32 millones de peregrinos que han viajado a Roma en los \u00faltimos doce meses con motivo del \u00abJubileo de la esperanza\u00bb.<\/p>\n<p class=\"voc-p\" style=\"\"><strong>Le\u00f3n XIV<\/strong> ha despedido el a\u00f1o 2025 con la tradicional ceremonia que los Pont\u00edfices reservan a las \u00faltimas horas de cada 31 de diciembre, el rezo del <strong>Te Deum<\/strong> en la bas\u00edlica vaticana en cuanto empieza a anochecer en Roma. Al hilo de la oraci\u00f3n que los cat\u00f3licos emplean para dar gracias a Dios, el Papa ha sugerido que el <strong>Jubileo<\/strong> abrir\u00e1 un nuevo horizonte espiritual que tendr\u00e1 consecuencias en la sociedad.<\/p>\n<p class=\"voc-p\" style=\"\">En una breve homil\u00eda ha destacado c\u00f3mo \u00aben estos tiempos que corren sentimos la necesidad de un designio sabio, ben\u00e9volo y misericordioso, un proyecto libre y liberador, pac\u00edfico y fiel\u00bb para el mundo actual. Por contraste, actualmente \u00abenvuelven al mundo otros designios: son m\u00e1s bien estrategias que apuntan a conquistar mercados, territorios, zonas de influencia. Estrategias armadas, envueltas en discursos hip\u00f3critas, proclamas ideol\u00f3gicas, falsos motivos religiosos\u00bb, ha lamentado. Precisamente su primera ceremonia del a\u00f1o ser\u00e1 una misa para conmemorar la Jornada Mundial de la Paz, durante la que firmar\u00e1 un mensaje dirigido a gobernantes y jefes de Estado.<\/p>\n<p class=\"voc-p\" style=\"\">En su balance del a\u00f1o que concluye, el <strong>Papa<\/strong> ha destacado que el Jubileo, en el que los cat\u00f3licos deb\u00edan lanzar iniciativas concretas para impulsar la esperanza, \u00abha sido un gran signo de un mundo nuevo, renovado y reconciliado seg\u00fan el designio de Dios\u00bb que debe seguir impactando en la sociedad.<\/p>\n<p class=\"voc-p\" style=\"\">En concreto, ante los representantes del Ayuntamiento de <strong>Roma<\/strong> que suelen acudir a esta ceremonia, Le\u00f3n XIV ha pedido a la Ciudad Eterna \u00abque est\u00e9 a la altura de sus peque\u00f1os: de los ni\u00f1os, de los ancianos solos y fr\u00e1giles, de las familias que tienen m\u00e1s dificultades para salir adelante, de los hombres y mujeres que han venido de lejos con la esperanza de una vida digna\u00bb.<\/p>\n<p class=\"voc-title\">El Pont\u00edfice da gracias a los 32 millones de peregrinos que han viajado a Roma en los \u00faltimos doce meses con motivo del \u00abJubileo de la esperanza\u00bb<\/p>\n<p class=\"voc-p\" style=\"\">El Papa hab\u00eda ya anticipado estas cuestiones por la ma\u00f1ana, durante la \u00faltima audiencia general de 2025, al recordar que \u00abel a\u00f1o que ha pasado ha estado marcado por eventos importantes: algunos felices, como la peregrinaci\u00f3n de tantos fieles con ocasi\u00f3n del A\u00f1o Santo; otros dolorosos, como el fallecimiento del a\u00f1orado Papa Francisco y los escenarios de guerra que siguen devastando el planeta\u00bb. \u00abEsta tarde daremos las gracias al Se\u00f1or por los beneficios recibidos\u00bb y \u00abpediremos perd\u00f3n por todos los momentos en los que no hemos sabido atesorar sus inspiraciones e invertir mejor los talentos que nos ha confiado\u00bb, adelant\u00f3.<\/p>\n<p><img decoding=\"async\" loading=\"lazy\" src=\"https:\/\/www.europesays.com\/es\/wp-content\/uploads\/2026\/01\/papa-basilica-sanpedro-km4H--758x470@diario_abc.jpg\" class=\"voc-d-c-combo-3__img\" width=\"758\" height=\"470\" alt=\"Imagen principal - El Pont\u00edfice presidi\u00f3 el canto del Te Deum en la bas\u00edlica de San Pedro. Por la ma\u00f1ana celebr\u00f3 la \u00faltima audiencia general el Vaticano \"\/><\/p>\n<p><img decoding=\"async\" loading=\"lazy\" src=\"https:\/\/www.europesays.com\/es\/wp-content\/uploads\/2026\/01\/papa-tedeum-afp-km4H--464x329@diario_abc.jpg\" class=\"voc-d-c-combo-3__img\" width=\"464\" height=\"329\" alt=\"Imagen secundaria 1 - El Pont\u00edfice presidi\u00f3 el canto del Te Deum en la bas\u00edlica de San Pedro. Por la ma\u00f1ana celebr\u00f3 la \u00faltima audiencia general el Vaticano \"\/><\/p>\n<p><img decoding=\"async\" loading=\"lazy\" src=\"https:\/\/www.europesays.com\/es\/wp-content\/uploads\/2026\/01\/papa-vaticano-efe-km4H--278x329@diario_abc.jpg\" class=\"voc-d-c-combo-3__img\" width=\"278\" height=\"329\" alt=\"Imagen secundaria 2 - El Pont\u00edfice presidi\u00f3 el canto del Te Deum en la bas\u00edlica de San Pedro. Por la ma\u00f1ana celebr\u00f3 la \u00faltima audiencia general el Vaticano \"\/><\/p>\n<p>El Pont\u00edfice presidi\u00f3 el canto del Te Deum en la bas\u00edlica de San Pedro. Por la ma\u00f1ana celebr\u00f3 la \u00faltima audiencia general el Vaticano<br \/>\nEfe \/ Afp<\/p>\n<p class=\"voc-p\" style=\"\">Tras el rezo del Te Deum, el Papa ha salido a la plaza de San Pedro para ver de cerca el <strong>nacimiento monumental<\/strong> y el abeto gigante que luce junto al obelisco. Se trata de un abeto rojo de 25 metros de altura que pesa ocho toneladas y que ha sido regalado por el <strong>Val d&#8217;Ultimo<\/strong> (Italia), en los Alpes del Tirol del Sur. El nacimiento es del sur del pa\u00eds, de Salerno. Es de corte cl\u00e1sico y elegante, y muestra a las Sagrada Familia bajo un p\u00f3rtico de columnas y bajo una b\u00f3veda con \u00e1ngeles y la estrella. Ambos estar\u00e1n expuestos hasta el 11 de enero. All\u00ed le esperaban varios cientos de personas, y se ha detenido para saludar personalmente a algunos de ellos y escuchar villancicos de varios coros.<\/p>\n<p class=\"voc-p\" style=\"\">Precisamente, la Prefectura de la Casa Pontificia ha publicado la cifra de <strong>peregrinos<\/strong> que han participado este a\u00f1o en las ceremonias del Papa. Sin contar los grandes eventos del Jubileo, desde que fue elegido en mayo y hasta la semana pasada, 2.913.800 peregrinos han asistido a las 36 audiencias generales o a otros encuentros especiales, y a las ceremonias lit\u00fargicas y \u00e1ngelus del nuevo pont\u00edfice.<\/p>\n<p>\nEl recuerdo de Benedicto XVI\n<\/p>\n<p class=\"voc-p\" style=\"\">Tambi\u00e9n ha detallado que en los \u00faltimos cuatro meses del <strong>Papa Francisco<\/strong>, durante los que tuvo que suspender las mayor\u00eda de sus encuentros y misas pues estaba ingresado en el hospital Policl\u00ednico Gemelli, asistieron a sus audiencias, \u00e1ngelus y a las ceremonias de Semana Santa 262.820 personas. <\/p>\n<p class=\"voc-p\" style=\"\">Por otro lado, este 31 de diciembre ha coincidido en Roma con el recuerdo de <strong>Benedicto XVI<\/strong>, quien <a href=\"https:\/\/www.abc.es\/sociedad\/muere-benedicto-xvi-papa-95-anos-edad-20221228115313-nt.html\" data-voc-vtm-id=\"in-text-traffic\" title=\"falleci\u00f3 este d\u00eda hace ahora tres a\u00f1os\" data-mrf-link=\"www.abc.es\" rel=\"nofollow noopener\" target=\"_blank\">falleci\u00f3 este d\u00eda hace ahora tres a\u00f1os<\/a>. En su memoria, el cardenal Gerhard Muller celebr\u00f3 una misa el martes en la bas\u00edlica de San Pedro, y el cardenal Kurt Koch otra a primera hora de este mi\u00e9rcoles junto a la tumba del Papa em\u00e9rito.<\/p>\n","protected":false},"excerpt":{"rendered":"El Papa ha cerrado el a\u00f1o con una breve ceremonia en San Pedro en la que ha alertado&hellip;\n","protected":false},"author":2,"featured_media":316775,"comment_status":"","ping_status":"","sticky":false,"template":"","format":"standard","meta":{"footnotes":""},"categories":[42],"tags":[3830,17,18,16678,61405,14665,13,14,11,74065,22460,61,62,63,64,19,20,12408,3013,9,10,15,16,12629,37998,52091,12,21,22,65,66,67],"class_list":{"0":"post-316774","1":"post","2":"type-post","3":"status-publish","4":"format-standard","5":"has-post-thumbnail","7":"category-internacional","8":"tag-alerta","9":"tag-breaking-news","10":"tag-breakingnews","11":"tag-discursos","12":"tag-dominar","13":"tag-falsos","14":"tag-featured-news","15":"tag-featurednews","16":"tag-headlines","17":"tag-hipocritas","18":"tag-ideologicas","19":"tag-internacional","20":"tag-international","21":"tag-international-news","22":"tag-internationalnews","23":"tag-latest-news","24":"tag-latestnews","25":"tag-motivos","26":"tag-mundo","27":"tag-news","28":"tag-noticias","29":"tag-noticias-destacadas","30":"tag-noticiasdestacadas","31":"tag-papa","32":"tag-proclamas","33":"tag-religiosos","34":"tag-titulares","35":"tag-ultimas-noticias","36":"tag-ultimasnoticias","37":"tag-world","38":"tag-world-news","39":"tag-worldnews"},"share_on_mastodon":{"url":"https:\/\/pubeurope.com\/@es\/115818021748231778","error":""},"_links":{"self":[{"href":"https:\/\/www.europesays.com\/es\/wp-json\/wp\/v2\/posts\/316774","targetHints":{"allow":["GET"]}}],"collection":[{"href":"https:\/\/www.europesays.com\/es\/wp-json\/wp\/v2\/posts"}],"about":[{"href":"https:\/\/www.europesays.com\/es\/wp-json\/wp\/v2\/types\/post"}],"author":[{"embeddable":true,"href":"https:\/\/www.europesays.com\/es\/wp-json\/wp\/v2\/users\/2"}],"replies":[{"embeddable":true,"href":"https:\/\/www.europesays.com\/es\/wp-json\/wp\/v2\/comments?post=316774"}],"version-history":[{"count":0,"href":"https:\/\/www.europesays.com\/es\/wp-json\/wp\/v2\/posts\/316774\/revisions"}],"wp:featuredmedia":[{"embeddable":true,"href":"https:\/\/www.europesays.com\/es\/wp-json\/wp\/v2\/media\/316775"}],"wp:attachment":[{"href":"https:\/\/www.europesays.com\/es\/wp-json\/wp\/v2\/media?parent=316774"}],"wp:term":[{"taxonomy":"category","embeddable":true,"href":"https:\/\/www.europesays.com\/es\/wp-json\/wp\/v2\/categories?post=316774"},{"taxonomy":"post_tag","embeddable":true,"href":"https:\/\/www.europesays.com\/es\/wp-json\/wp\/v2\/tags?post=316774"}],"curies":[{"name":"wp","href":"https:\/\/api.w.org\/{rel}","templated":true}]}}