{"id":316776,"date":"2026-01-01T04:46:09","date_gmt":"2026-01-01T04:46:09","guid":{"rendered":"https:\/\/www.europesays.com\/es\/316776\/"},"modified":"2026-01-01T04:46:09","modified_gmt":"2026-01-01T04:46:09","slug":"la-rave-de-albacete-deja-una-decena-de-agentes-heridos-y-varios-vehiculos-danados-segun-la-asociacion-de-guardias-civiles","status":"publish","type":"post","link":"https:\/\/www.europesays.com\/es\/316776\/","title":{"rendered":"La rave de Albacete deja una decena de agentes heridos y varios veh\u00edculos da\u00f1ados, seg\u00fan la Asociaci\u00f3n de Guardias Civiles"},"content":{"rendered":"<p style=\"\">Una <strong>decena de guardias civiles heridos y varios veh\u00edculos da\u00f1ados<\/strong> es el resultado de los incidentes y momentos de tensi\u00f3n que se vivieron en la noche del martes y la madrugada de este mi\u00e9rcoles en Tobarra cuando mil veh\u00edculos pretend\u00edan instalarse en la zona  &#8230; para celebrar una rave ilegal, ha denunciado la Asociaci\u00f3n Espa\u00f1ola de Guardias Civiles (AEGC).<\/p>\n<p class=\"voc-p\" style=\"\">Seg\u00fan la citada agrupaci\u00f3n, lo ocurrido \u00abes solo un ejemplo m\u00e1s de la impunidad con la que algunos miembros de la sociedad est\u00e1n actuando contra las Fuerzas de Seguridad del Estado y otro ejemplo de la <strong>falta de organizaci\u00f3n<\/strong> por parte de la autoridad competente, la Delegaci\u00f3n del Gobierno en Castilla-La Mancha\u00ab.<\/p>\n<p class=\"voc-p\" style=\"\">\u00abLos agentes heridos implica que los lugares de sus destinos van a quedar las pr\u00f3ximas semanas a\u00fan m\u00e1s mermados para dar servicio a los ciudadanos, y los veh\u00edculos da\u00f1ados tambi\u00e9n quedar\u00e1n fuera de servicio y los guardias civiles ya vamos muy mermados de material. \u00bfY ahora qui\u00e9n paga la fiesta?\u00bb, se preguntan desde la AEGG.<\/p>\n<p class=\"voc-p\" style=\"\">Y a\u00f1aden que no ha habido ni una sola detenci\u00f3n porque, \u00aba pesar de saber que se iba a celebrar una rave se envi\u00f3 a los agentes <strong>sin material antidisturbios<\/strong>. En resumen, se pudo hacer bien el operativo pero los responsables eligieron, una vez m\u00e1s, poner en riesgo a los agentes y dejar todo a la improvisaci\u00f3n. Un desastre de dispositivo organizado como siempre tarde y mal\u00ab.<\/p>\n<p class=\"voc-p\" style=\"\">Para los guardias civiles, el a\u00f1o 2025 terminan \u00abtan abandonados por este Ejecutivo como lo empezaron, las agresiones siguen aumentando a\u00f1o tras a\u00f1o y, sin embargo, el ministro del Interior y el Gobierno siguen pensando que la vida y la seguridad de los agentes no vale ni un minuto de su tiempo, el que hace falta para modificar su consideraci\u00f3n jur\u00eddica: ser autoridad y su reconocimiento como profesi\u00f3n de riesgo\u00bb, reclaman.<\/p>\n","protected":false},"excerpt":{"rendered":"Una decena de guardias civiles heridos y varios veh\u00edculos da\u00f1ados es el resultado de los incidentes y momentos&hellip;\n","protected":false},"author":2,"featured_media":316777,"comment_status":"","ping_status":"","sticky":false,"template":"","format":"standard","meta":{"footnotes":""},"categories":[5],"tags":[20523,2545,7554,17,18,14594,74066,7003,51,25,24,13,14,21066,11,11225,19,20,9,10,15,16,19252,5153,23,12,21,22,12985,10152],"class_list":{"0":"post-316776","1":"post","2":"type-post","3":"status-publish","4":"format-standard","5":"has-post-thumbnail","7":"category-titulares","8":"tag-agentes","9":"tag-albacete","10":"tag-asociacion","11":"tag-breaking-news","12":"tag-breakingnews","13":"tag-civiles","14":"tag-danados","15":"tag-decena","16":"tag-deja","17":"tag-es","18":"tag-espana","19":"tag-featured-news","20":"tag-featurednews","21":"tag-guardias","22":"tag-headlines","23":"tag-heridos","24":"tag-latest-news","25":"tag-latestnews","26":"tag-news","27":"tag-noticias","28":"tag-noticias-destacadas","29":"tag-noticiasdestacadas","30":"tag-rave","31":"tag-segun","32":"tag-spain","33":"tag-titulares","34":"tag-ultimas-noticias","35":"tag-ultimasnoticias","36":"tag-varios","37":"tag-vehiculos"},"share_on_mastodon":{"url":"https:\/\/pubeurope.com\/@es\/115818029574426338","error":""},"_links":{"self":[{"href":"https:\/\/www.europesays.com\/es\/wp-json\/wp\/v2\/posts\/316776","targetHints":{"allow":["GET"]}}],"collection":[{"href":"https:\/\/www.europesays.com\/es\/wp-json\/wp\/v2\/posts"}],"about":[{"href":"https:\/\/www.europesays.com\/es\/wp-json\/wp\/v2\/types\/post"}],"author":[{"embeddable":true,"href":"https:\/\/www.europesays.com\/es\/wp-json\/wp\/v2\/users\/2"}],"replies":[{"embeddable":true,"href":"https:\/\/www.europesays.com\/es\/wp-json\/wp\/v2\/comments?post=316776"}],"version-history":[{"count":0,"href":"https:\/\/www.europesays.com\/es\/wp-json\/wp\/v2\/posts\/316776\/revisions"}],"wp:featuredmedia":[{"embeddable":true,"href":"https:\/\/www.europesays.com\/es\/wp-json\/wp\/v2\/media\/316777"}],"wp:attachment":[{"href":"https:\/\/www.europesays.com\/es\/wp-json\/wp\/v2\/media?parent=316776"}],"wp:term":[{"taxonomy":"category","embeddable":true,"href":"https:\/\/www.europesays.com\/es\/wp-json\/wp\/v2\/categories?post=316776"},{"taxonomy":"post_tag","embeddable":true,"href":"https:\/\/www.europesays.com\/es\/wp-json\/wp\/v2\/tags?post=316776"}],"curies":[{"name":"wp","href":"https:\/\/api.w.org\/{rel}","templated":true}]}}