{"id":316782,"date":"2026-01-01T04:56:09","date_gmt":"2026-01-01T04:56:09","guid":{"rendered":"https:\/\/www.europesays.com\/es\/316782\/"},"modified":"2026-01-01T04:56:09","modified_gmt":"2026-01-01T04:56:09","slug":"chenoa-y-estopa-aciertan-en-tve-y-felicitan-el-ano-en-euskera","status":"publish","type":"post","link":"https:\/\/www.europesays.com\/es\/316782\/","title":{"rendered":"Chenoa y Estopa aciertan en TVE y felicitan el a\u00f1o en euskera"},"content":{"rendered":"<p>La de TVE ha sido una Nochevieja apurada. La &#8216;fuga&#8217; de Buenafuente y Silvia Abril por motivos de salud del comunicador motiv\u00f3 un cambio de  &#8230; \u00faltima hora que result\u00f3 todo un acierto. Los Estopa y Chenoa demostraron soltura y conexi\u00f3n con la audiencia. Ellos, David y Jose, iban modernos y elegantes con unos esmoquin de F\u00e9lix Ramiro. Eso s\u00ed, ambos con zapatillas. A ella, impecable, la vest\u00eda de Alejandro de Miguel. \u00abNo sab\u00eda ni si le iba a quedar bien porque las medidas no siquiera las tom\u00e9 yo, me las dieron por tel\u00e9fono\u00bb, contaba esa misma ma\u00f1ana el dise\u00f1ador que a\u00f1ad\u00eda: \u00abSe va a congelar de fr\u00edo\u00bb. <\/p>\n<p class=\"v-p\">La apreciaci\u00f3n no era para menos porque la creaci\u00f3n era llamativa, pero escueta. Quiz\u00e1 por eso, Chenoa bromeaba hablando de los parches t\u00e9rmicos. \u00abOs he comprado unos para que no pas\u00e9is fr\u00edo\u00bb, contaba entre risas. \u00abHace fr\u00edo, mucho fr\u00edo\u00bb, aseguraba el d\u00fao. <\/p>\n<p class=\"v-p\">\u00abEs un vestido que pesa m\u00e1s de cinco kilos y est\u00e1 muy sexy con \u00e9l\u00bb, comentaba De Miguel, que le present\u00f3 dos propuestas a solo ocho d\u00edas de Nochevieja y lo suyo fue un flechazo. Siete costureras hicieron el vestido en tan poco tiempo. Un vestido blanco de lentejuelas con escote palabra de honor acentuado y mangas abullonadas de tul. Normalmente, los modelos que lucen las presentadoras de TVE son cesiones que luego se devuelven al dise\u00f1ador, que ya tiene m\u00e1s de veinte modelos y se plantea hacer una exposici\u00f3n. El que recuerda con m\u00e1s cari\u00f1o es el que luci\u00f3 Ana Obreg\u00f3n en la pandemia. <\/p>\n<p class=\"v-p\">Volviendo a la retransmisi\u00f3n . A la hora de felicitar, no falt\u00f3 el euskera. \u00abUrte berri on, Zorionak!\u00bb, deseaban los Estopa antes de dirigir un recuerdo a Robe Iniesta. \u00abNos ha marcado desde peque\u00f1itos\u00bb, aseguraban. \u00abLo bueno que tenemos los m\u00fasicos es que, cuando nos vamos, la m\u00fasica queda\u00bb, apreciaba el d\u00fao. Chenoa tambi\u00e9n homenaje\u00f3 a la actriz Ver\u00f3nica Echegui. Lo m\u00e1s original de la noche, explicar el proceso de las Campanadas (carill\u00f3n, cuartos\u2026) tocando la guitarra. <\/p>\n<p class=\"v-p\">El instante divertido lo protagonizaba Jose. Un colaborador disfrazado de pollo acercaba un sobre a Chenoa. Entonces, el de Estopa no dud\u00f3 en definir: \u00abUn pollazo\u00bb. El desliz hizo que su hermano lo recogiera con humor y soltara una sonora carcajada. El &#8216;animal&#8217; portaba sorpresa, una misiva que presentaba el nuevo himno &#8216;Imparables&#8217;, emotivo e inspirador, que celebra los 70 a\u00f1os de la cadena p\u00fablica con sus rostros m\u00e1s populares cant\u00e1ndolo. <\/p>\n<p class=\"v-p\">\u00abEstoy s\u00faper feliz de haber estado con vosotros esta noche\u00bb, agradec\u00eda Chenoa a sus compa\u00f1eros de viaje. \u00abYo estaba cagado\u00bb, confesaba David con la naturalidad que le caracteriza. <\/p>\n","protected":false},"excerpt":{"rendered":"La de TVE ha sido una Nochevieja apurada. La &#8216;fuga&#8217; de Buenafuente y Silvia Abril por motivos de&hellip;\n","protected":false},"author":2,"featured_media":316783,"comment_status":"","ping_status":"","sticky":false,"template":"","format":"standard","meta":{"footnotes":""},"categories":[174],"tags":[74067,1611,255,17945,146,147,25,24,7670,32506,256,74068,23,3156],"class_list":{"0":"post-316782","1":"post","2":"type-post","3":"status-publish","4":"format-standard","5":"has-post-thumbnail","7":"category-famosos","8":"tag-aciertan","9":"tag-ano","10":"tag-celebrities","11":"tag-chenoa","12":"tag-entertainment","13":"tag-entretenimiento","14":"tag-es","15":"tag-espana","16":"tag-estopa","17":"tag-euskera","18":"tag-famosos","19":"tag-felicitan","20":"tag-spain","21":"tag-tve"},"share_on_mastodon":{"url":"https:\/\/pubeurope.com\/@es\/115818068925591415","error":""},"_links":{"self":[{"href":"https:\/\/www.europesays.com\/es\/wp-json\/wp\/v2\/posts\/316782","targetHints":{"allow":["GET"]}}],"collection":[{"href":"https:\/\/www.europesays.com\/es\/wp-json\/wp\/v2\/posts"}],"about":[{"href":"https:\/\/www.europesays.com\/es\/wp-json\/wp\/v2\/types\/post"}],"author":[{"embeddable":true,"href":"https:\/\/www.europesays.com\/es\/wp-json\/wp\/v2\/users\/2"}],"replies":[{"embeddable":true,"href":"https:\/\/www.europesays.com\/es\/wp-json\/wp\/v2\/comments?post=316782"}],"version-history":[{"count":0,"href":"https:\/\/www.europesays.com\/es\/wp-json\/wp\/v2\/posts\/316782\/revisions"}],"wp:featuredmedia":[{"embeddable":true,"href":"https:\/\/www.europesays.com\/es\/wp-json\/wp\/v2\/media\/316783"}],"wp:attachment":[{"href":"https:\/\/www.europesays.com\/es\/wp-json\/wp\/v2\/media?parent=316782"}],"wp:term":[{"taxonomy":"category","embeddable":true,"href":"https:\/\/www.europesays.com\/es\/wp-json\/wp\/v2\/categories?post=316782"},{"taxonomy":"post_tag","embeddable":true,"href":"https:\/\/www.europesays.com\/es\/wp-json\/wp\/v2\/tags?post=316782"}],"curies":[{"name":"wp","href":"https:\/\/api.w.org\/{rel}","templated":true}]}}