{"id":316815,"date":"2026-01-01T05:27:07","date_gmt":"2026-01-01T05:27:07","guid":{"rendered":"https:\/\/www.europesays.com\/es\/316815\/"},"modified":"2026-01-01T05:27:07","modified_gmt":"2026-01-01T05:27:07","slug":"peliculas-sobre-putin-o-melania-trump-la-asistenta-hamnet-y-el-resto-del-cine-de-estreno-mas-esperado-de-enero-cine-estrenos-y-criticas","status":"publish","type":"post","link":"https:\/\/www.europesays.com\/es\/316815\/","title":{"rendered":"Pel\u00edculas sobre Putin o Melania Trump, \u2018La asistenta\u2019, \u2018Hamnet\u2019 y el resto del cine de estreno m\u00e1s esperado de enero | Cine: estrenos y cr\u00edticas"},"content":{"rendered":"<p class=\"\">Todav\u00eda con la resaca de la Navidad, y <a href=\"https:\/\/elpais.com\/cultura\/cine\/2025-12-19\/avatar-fuego-y-ceniza-cine-para-la-gente-a-la-que-no-le-acaba-de-gustar-el-cine.html\" target=\"_self\" rel=\"nofollow noopener\" title=\"https:\/\/elpais.com\/cultura\/cine\/2025-12-19\/avatar-fuego-y-ceniza-cine-para-la-gente-a-la-que-no-le-acaba-de-gustar-el-cine.html\">del \u00e9xito de la nueva entrega de Avatar<\/a> (nunca se puede desconfiar de<a href=\"https:\/\/elpais.com\/cultura\/cine\/2025-12-14\/james-cameron-para-que-mi-cine-siga-existiendo-hay-que-encontrar-la-manera-de-que-sea-mas-barato.html\" target=\"_self\" rel=\"nofollow noopener\" title=\"https:\/\/elpais.com\/cultura\/cine\/2025-12-14\/james-cameron-para-que-mi-cine-siga-existiendo-hay-que-encontrar-la-manera-de-que-sea-mas-barato.html\"> James Cameron<\/a>), el nuevo a\u00f1o de cine comenzar\u00e1 a trompicones. Enero es cl\u00e1sicamente un mes con poca asistencia al cine, y sirve de caj\u00f3n de sastre de pel\u00edculas de diversa \u00edndole, aunque este mes hay curiosas coincidencias.<\/p>\n<p class=\"\">Por un lado, llegan a la cartelera las adaptaciones de dos de los grandes superventas anglosajones de los \u00faltimos a\u00f1os. Aunque no podr\u00edan ser m\u00e1s distintos. Por otro, tambi\u00e9n dos retratos pol\u00edticos que giran en torno a Trump y que sirven para calibrar c\u00f3mo funciona nuestro mundo. Y, adem\u00e1s, vuelven varios directores de prestigio dispuestos a hacerse con un hueco en la temporada de premios, hay alguna secuela (c\u00f3mo no) y el regreso de una de las series de televisi\u00f3n espa\u00f1olas m\u00e1s adoradas de todos los tiempos. Estas son algunas de las propuestas del cine este mes:<\/p>\n<p>La asistenta<\/p>\n<p class=\"\"><a href=\"https:\/\/elpais.com\/cultura\/2025-08-08\/el-misterio-de-freida-mcfadden-la-medica-de-lesiones-cerebrales-que-se-convirtio-en-escritora-superventas-con-la-asistenta.html\" target=\"_self\" rel=\"nofollow noopener\" title=\"https:\/\/elpais.com\/cultura\/2025-08-08\/el-misterio-de-freida-mcfadden-la-medica-de-lesiones-cerebrales-que-se-convirtio-en-escritora-superventas-con-la-asistenta.html\">Es el libro que ley\u00f3 media Espa\u00f1a<\/a> este a\u00f1o en la playa, y uno que adem\u00e1s ha triunfado en Tiktok. Por eso, Hollywood sab\u00eda que no pod\u00eda hacer esperar la adaptaci\u00f3n de este thriller culebronesco. Y tiene nombres potentes detr\u00e1s, como el director Paul Feig o las actrices Amanda Seyfried <a href=\"https:\/\/elpais.com\/cultura\/cine\/2025-12-28\/sydney-sweeney-la-actriz-a-quien-alaba-trump-las-mujeres-se-enfrentan-a-lo-que-la-sociedad-quiere-que-sean.html\" target=\"_self\" rel=\"nofollow noopener\" title=\"https:\/\/elpais.com\/cultura\/cine\/2025-12-28\/sydney-sweeney-la-actriz-a-quien-alaba-trump-las-mujeres-se-enfrentan-a-lo-que-la-sociedad-quiere-que-sean.html\">y Sydney Sweeney<\/a>. Mucho uyuyuyuy para empezar el a\u00f1o. <a href=\"https:\/\/elpais.com\/cultura\/cine\/2025-12-31\/la-asistenta-una-intriga-psicologica-tan-demencial-como-irresistible.html\" target=\"_self\" rel=\"nofollow noopener\" title=\"https:\/\/elpais.com\/cultura\/cine\/2025-12-31\/la-asistenta-una-intriga-psicologica-tan-demencial-como-irresistible.html\">Es \u201ctan loca que resulta irresistible\u201d, dice Javier Oca\u00f1a en sus cr\u00edtica<\/a>.<\/p>\n<p class=\"\"><b>\u00bfCu\u00e1ndo y d\u00f3nde verla? <\/b>El jueves 1, en salas.<\/p>\n<p>RondallasJavier Guti\u00e9rrez, en &#8216;Rondallas&#8217;.&#13;<\/p>\n<p class=\"\">Espa\u00f1a comienza su a\u00f1o de cine con una pel\u00edcula para sentirse bien, con aspiraciones populares, marca Daniel S\u00e1nchez Ar\u00e9valo y con Javier Guti\u00e9rrez como el eterno hombre normal. Juntos nos llevan a un pueblo gallego que quiere recuperar la ilusi\u00f3n dos a\u00f1os despu\u00e9s de un terrible naufragio. La soluci\u00f3n: la m\u00fasica tradicional.<\/p>\n<p class=\"\"><b>\u00bfCu\u00e1ndo y d\u00f3nde verla? <\/b>El jueves 1, en salas.<\/p>\n<p>Art Spiegelman, el desastre es mi musa<\/p>\n<p class=\"\"><a href=\"https:\/\/elpais.com\/cultura\/2025-10-23\/art-spiegelman-no-quiero-que-maus-se-use-como-herramienta-de-reclutamiento-de-israel.html\" target=\"_self\" rel=\"nofollow noopener\" title=\"https:\/\/elpais.com\/cultura\/2025-10-23\/art-spiegelman-no-quiero-que-maus-se-use-como-herramienta-de-reclutamiento-de-israel.html\">Maus es una lectura inigualable<\/a>, y tambi\u00e9n un c\u00f3mic que cambi\u00f3 los par\u00e1metros del noveno arte. Detr\u00e1s, estaba un autor que no solo contaba una historia complicada de digerir sobre los campos de concentraci\u00f3n, sino que adem\u00e1s colocaba su historia familiar bajo la mirada de todos los lectores. Ahora este documental ahonda en su vida, en su relaci\u00f3n con su padre y tambi\u00e9n en sus referentes en el c\u00f3mic. Toda una suerte de historia de las vi\u00f1etas, comenzando por la revista Mad.<\/p>\n<p class=\"\"><b>\u00bfCu\u00e1ndo y d\u00f3nde verla? <\/b>El viernes 2, en Filmin.<\/p>\n<p>Song Sung Blue: Canci\u00f3n para dos<\/p>\n<p class=\"\">Hugh Jackman y Kate Hudson, ya pr\u00f3digos en el musical, se encuentran en una historia at\u00edpica para el g\u00e9nero: dos m\u00fasicos fracasados forman una banda tributo de Neil Diamond y cumplen sus sue\u00f1os. Dos personajes reales que dan otra mirada al \u00e9xito pa pa pa.<\/p>\n<p class=\"\"><b>\u00bfCu\u00e1ndo y d\u00f3nde verla?<\/b> El viernes 9, en salas.<\/p>\n<p>Rental Family (Familia de alquiler)<\/p>\n<p class=\"\">La ballena dio un Oscar a Brendan Fraser y<a href=\"https:\/\/elpais.com\/icon\/2023-01-09\/mi-madre-no-crio-a-un-hipocrita-por-que-brendan-fraser-es-la-unica-estrella-que-se-niega-a-volver-a-los-globos-de-oro.html\" target=\"_self\" rel=\"nofollow noopener\" title=\"https:\/\/elpais.com\/icon\/2023-01-09\/mi-madre-no-crio-a-un-hipocrita-por-que-brendan-fraser-es-la-unica-estrella-que-se-niega-a-volver-a-los-globos-de-oro.html\"> lo recuper\u00f3 para Hollywood<\/a>. Ahora, a un paso de volver a La momia y tras trabajar con Scorsese, estrena otra pel\u00edcula feel-good para este mes. Como si fuera Bill Murray en Lost in translation, Fraser se deja enganchar por la cara B de Jap\u00f3n. Fraser nunca ser\u00e1 el mejor actor, pero su carisma parece perfecto para convertirlo en un actor sin objetivo vital que sirve de suplente en las vidas de varias familias en Tokio. Pronto la realidad y la ficci\u00f3n se difuminan.<\/p>\n<p class=\"\"><b>\u00bfCu\u00e1ndo y d\u00f3nde verla?<\/b> El viernes 9, en salas.<\/p>\n<p>Nouvelle Vague<\/p>\n<p class=\"\">Richard Linklater no para. Despu\u00e9s de convertir a Ethan Hawke en un doliente m\u00fasico <a href=\"https:\/\/elpais.com\/cultura\/cine\/2025-11-28\/blue-moon-linklater-muestra-las-tripas-podridas-de-un-encantador-creador-de-canciones.html\" target=\"_self\" rel=\"nofollow noopener\" title=\"https:\/\/elpais.com\/cultura\/cine\/2025-11-28\/blue-moon-linklater-muestra-las-tripas-podridas-de-un-encantador-creador-de-canciones.html\">en Blue Moon<\/a>, el director de Antes del amanecer se pasa <a href=\"https:\/\/elpais.com\/smoda\/famosos\/2025-12-28\/zoey-deutch-he-visto-al-final-de-la-escapada-mas-de-100-veces-para-prepararme-el-papel.html\" target=\"_blank\" rel=\"nofollow noopener\" title=\"https:\/\/elpais.com\/smoda\/famosos\/2025-12-28\/zoey-deutch-he-visto-al-final-de-la-escapada-mas-de-100-veces-para-prepararme-el-papel.html\">al cine franc\u00e9s<\/a> para sumergirse en la vida de algunos de sus referentes cinematogr\u00e1ficos: el rodaje Al final de la escapada, la legendaria \u00f3pera prima de <a href=\"https:\/\/elpais.com\/cultura\/2024-12-28\/jean-luc-godard-nunca-visto-el-director-que-revoluciono-el-cine-escondia-un-artista-plastico.html\" rel=\"nofollow noopener\" title=\"https:\/\/elpais.com\/cultura\/2024-12-28\/jean-luc-godard-nunca-visto-el-director-que-revoluciono-el-cine-escondia-un-artista-plastico.html\" target=\"_blank\">Jean-Luc Godard<\/a>. \u201cEs una pel\u00edcula hecha con mimo, muy disfrutable, pero por desgracia se asemeja demasiado a un insecto fosilizado en \u00e1mbar\u201d, <a href=\"https:\/\/elpais.com\/cultura\/2025-05-18\/richard-linklater-se-enreda-en-el-fetichismo-con-su-retrato-de-la-nouvelle-vague.html\" target=\"_self\" rel=\"nofollow noopener\" title=\"https:\/\/elpais.com\/cultura\/2025-05-18\/richard-linklater-se-enreda-en-el-fetichismo-con-su-retrato-de-la-nouvelle-vague.html\">dec\u00eda Elsa Fern\u00e1ndez-Santos en Cannes<\/a>.<\/p>\n<p class=\"\"><b>\u00bfCu\u00e1ndo y d\u00f3nde verla? <\/b>El viernes 9, en salas.<\/p>\n<p>La cronolog\u00eda del agua<\/p>\n<p class=\"\">En la larga historia de int\u00e9rpretes que prueban las mieles de la direcci\u00f3n, ahora es el turno de Kristen Stewart, una de las actrices con m\u00e1s cabeza (y elecciones m\u00e1s destacables) de Hollywood, que conoce desde que era una ni\u00f1a y desde todas sus facetas. El reto que se ha buscado no es peque\u00f1o: las memorias de la escritora Lidia Yuknavitch, que nadando logr\u00f3 sobreponerse a los abusos de su infancia.<\/p>\n<p class=\"\"><b>\u00bfCu\u00e1ndo y d\u00f3nde verla? <\/b>El viernes 9, en salas.<\/p>\n<p>Gente que conocemos en vacaciones<\/p>\n<p class=\"\">El best-seller rom\u00e1ntico es la perfecta pel\u00edcula para estas fechas marca Netflix. Juvenil, sin mucho que pensar y con destinos paradisiacos. La venta lo dice todo: la comedia rom\u00e1ntica moderna que triunfa en Tiktok.<\/p>\n<p class=\"\"><b>\u00bfCu\u00e1ndo y d\u00f3nde verla?<\/b> El viernes 9, en Netflix.<\/p>\n<p>El bot\u00edn<\/p>\n<p class=\"\">Ben Affleck y Matt Damon se unen de nuevo en pantalla. Esta vez son dos polic\u00edas de Miami contra las drogas, en una pel\u00edcula de acci\u00f3n sin parar de las que rueda Joe Carnahan.<\/p>\n<p class=\"\"><b>\u00bfCu\u00e1ndo y d\u00f3nde verla? <\/b>El viernes 16, en Netflix.<\/p>\n<p>28 a\u00f1os despu\u00e9s: El templo de los huesos<\/p>\n<p class=\"\">La cuarta pel\u00edcula de la saga de zombis sigue los pasos de su <a href=\"https:\/\/elpais.com\/cultura\/2025-06-20\/28-anos-despues-danny-boyle-resucita-el-cine-zombi-con-estilo-sustancia-y-furia-pagana.html\" target=\"_self\" rel=\"nofollow noopener\" title=\"https:\/\/elpais.com\/cultura\/2025-06-20\/28-anos-despues-danny-boyle-resucita-el-cine-zombi-con-estilo-sustancia-y-furia-pagana.html\">anterior entrega<\/a>, aunque esta vez Danny Boyle deja los cabos sueltos a Nia DaCosta (The Marvels, Candyman) para profundizar en la historia del salvaje superviviente de Ralph Fiennes y el esperado regreso de Cillian Murphy a la franquicia. <\/p>\n<p class=\"\"><b>\u00bfCu\u00e1ndo y d\u00f3nde verla? <\/b>El viernes 16, en salas.<\/p>\n<p>Si pudiera, te dar\u00eda una patada<\/p>\n<p class=\"\">Rose Byrne se llev\u00f3 el <a href=\"https:\/\/elpais.com\/cultura\/2025-02-22\/el-drama-amoroso-drommer-del-noruego-johan-haugerud-gana-el-oso-de-oro-de-la-berlinale.html\" target=\"_self\" rel=\"nofollow noopener\" title=\"https:\/\/elpais.com\/cultura\/2025-02-22\/el-drama-amoroso-drommer-del-noruego-johan-haugerud-gana-el-oso-de-oro-de-la-berlinale.html\">Oso de Plata de Berl\u00edn <\/a>por este drama psicol\u00f3gico que lleva a la popular actriz a probarse ante sus complicadas vivencias: un esposo ausente, una hija enferma y un terapeuta atacante al que interpreta el c\u00f3mico Conan O\u2019Brien.<\/p>\n<p class=\"\"><b>\u00bfCu\u00e1ndo y d\u00f3nde verla? <\/b>El viernes 16, en salas.<\/p>\n<p>El hombre menguante<\/p>\n<p class=\"\">El cl\u00e1sico de ciencia-ficci\u00f3n se torna en un drama franc\u00e9s con Jean Dujardin de protagonista. El resto es lo de siempre: un hombre recibe una misteriosa habilidad con la que comienza a menguar poco a poco hasta quedarse en un diminuto ser en su s\u00f3tano.<\/p>\n<p class=\"\"><b>\u00bfCu\u00e1ndo y d\u00f3nde verla? <\/b>El viernes 16, en salas.<\/p>\n<p>Turno de guardia<\/p>\n<p class=\"\">Siguiendo la estela de la serie The Pitt, llega esta pel\u00edcula suiza que nos hace sufrir en el turno nocturno de un hospital hasta la bandera.<\/p>\n<p class=\"\"><b>\u00bfCu\u00e1ndo y d\u00f3nde verla? <\/b>El viernes 16, en salas.<\/p>\n<p>Hamnet<\/p>\n<p class=\"\"><a href=\"https:\/\/elpais.com\/smoda\/feminismo\/hamnet-maggie-o-farrell-mujer-shakespeare-hathaway.html\" target=\"_self\" rel=\"nofollow noopener\" title=\"https:\/\/elpais.com\/smoda\/feminismo\/hamnet-maggie-o-farrell-mujer-shakespeare-hathaway.html\">Fue uno de los libros m\u00e1s importantes de su a\u00f1o<\/a>, y ahora ser\u00e1 una de las pel\u00edculas m\u00e1s comentadas de la temporada. Esta mirada completamente original a la historia de Shakespeare, desde el punto de vista de su esposa y con cierto aire de realismo m\u00e1gico, es un drama contemplativo en las manos de Chlo\u00e9 Zhao, oscarizada por Nomadland y que vuelve a la primera plana tras pasar por Marvel. Como pareja protagonista: Jessie Buckley y Paul Dano. Lo tiene todo.<\/p>\n<p class=\"\"><b>\u00bfCu\u00e1ndo y d\u00f3nde verla? <\/b>El viernes 23, en salas.<\/p>\n<p>Recreaci\u00f3n de un asesinato<\/p>\n<p class=\"\">El director de En el nombre del padre y Mi pie izquierdo, Jim Sheridan, vuelve al cine y a su Irlanda natal para investigar un caso que lleva a\u00f1os en su mente: el asesinato de la productora francesa Sophie Toscan du Plantie. Para ello, ha montado un juicio ficticio, donde \u00e9l es tambi\u00e9n un personaje, que cuestiona las aristas del sistema judicial.<\/p>\n<p class=\"\"><b>\u00bfCu\u00e1ndo y d\u00f3nde verla? <\/b>El viernes 23, en salas.<\/p>\n<p>Marty Supreme<\/p>\n<p class=\"\">La demostraci\u00f3n de que Timoth\u00e9e Chalamet es una estrella que puede hacer dinero incluso con la pel\u00edcula m\u00e1s peque\u00f1a e independiente (una sobre un campe\u00f3n de ping-pong) es tambi\u00e9n el <a href=\"https:\/\/elpais.com\/cultura\/cine\/2025-10-03\/the-smashing-machine-un-drama-hecho-a-golpe-de-fuerza-bruta.html\" target=\"_self\" rel=\"nofollow noopener\" title=\"https:\/\/elpais.com\/cultura\/cine\/2025-10-03\/the-smashing-machine-un-drama-hecho-a-golpe-de-fuerza-bruta.html\">segundo filme en pocos meses<\/a> de los separados hermanos Safdie (aunque casi todos dicen que esta es la buena). Una pel\u00edcula adrenal\u00ednica que ha sido aplaudida por la cr\u00edtica y que adem\u00e1s cuenta con Gwyneth Paltrow a la primera plana.<\/p>\n<p class=\"\"><b>\u00bfCu\u00e1ndo y d\u00f3nde verla?<\/b> El viernes 30, en salas.<\/p>\n<p>Send Help<\/p>\n<p class=\"\">Siempre es buena noticia que Sam Raimi pueda dirigir una nueva pel\u00edcula original en el sistema de estudios, aunque le den el presupuesto justo. En esta curiosa propuesta deja en una isla desierta a una empleada y su molesto (y joven) jefe. All\u00ed tendr\u00e1n que luchar por sobrevivir.<\/p>\n<p class=\"\"><b>\u00bfCu\u00e1ndo y d\u00f3nde verla? <\/b>El viernes 30, en salas.<\/p>\n<p>A\u00edda y vuelta<\/p>\n<p class=\"\">A\u00edda vuelve, pero de la manera m\u00e1s inesperada. Paco Le\u00f3n re\u00fane a su equipo para contar qu\u00e9 habr\u00eda pasado si A\u00edda hubiera seguido. Una historia llena de metalenguaje e inteligencia artificial con algo de realidad (<a href=\"https:\/\/elpais.com\/cultura\/2025-12-18\/eduardo-casanova-anuncia-que-tiene-vih-en-un-documental-dirigido-por-jordi-evole.html\" target=\"_self\" rel=\"nofollow noopener\" title=\"https:\/\/elpais.com\/cultura\/2025-12-18\/eduardo-casanova-anuncia-que-tiene-vih-en-un-documental-dirigido-por-jordi-evole.html\">Eduardo Casanova tiene aqu\u00ed tambi\u00e9n VIH<\/a>) y mucho de broma.<\/p>\n<p class=\"\"><b>\u00bfCu\u00e1ndo y d\u00f3nde verla? <\/b>El viernes 30, en salas.<\/p>\n<p>El mago del Kremlin<\/p>\n<p class=\"\">Jude Law como un joven Putin es algo que no estaba en las quinielas, pero quiz\u00e1s s\u00ed era el adecuado para encarnar a una las personas m\u00e1s importantes de la historia reciente, una sin la que no se entiende el mundo. \u201cUn presidente g\u00e9lido, para una pel\u00edcula de hielo. Ambiciosa, fr\u00eda, dura. Y por eso estimulante, aunque tambi\u00e9n fatigosa. Como las sombras del poder que narra\u201c, <a href=\"https:\/\/elpais.com\/cultura\/cine\/2025-08-31\/jude-law-inquieta-al-festival-de-venecia-con-su-transformacion-en-vladimir-putin.html\" target=\"_self\" rel=\"nofollow noopener\" title=\"https:\/\/elpais.com\/cultura\/cine\/2025-08-31\/jude-law-inquieta-al-festival-de-venecia-con-su-transformacion-en-vladimir-putin.html\">dec\u00eda Tommaso Koch en Venecia<\/a>.<\/p>\n<p class=\"\"><b>\u00bfCu\u00e1ndo y d\u00f3nde verla? <\/b>El viernes 30, en salas.<\/p>\n<p>La chica zurda<\/p>\n<p class=\"\">De Taiw\u00e1n llega esta aplaudida pel\u00edcula sobre la maternidad, la familia y buscarse la vida en los lugares m\u00e1s complicados llena de ternura y alma, pese al drama que se vive en las calles de Taipei.<\/p>\n<p class=\"\"><b>\u00bfCu\u00e1ndo y d\u00f3nde verla? <\/b>El viernes 30, en salas.<\/p>\n<p>Melania<\/p>\n<p class=\"\">Un documental que es interesante por todo lo que significa. Lo dirige Brett Ratner, amigo de Donald Trump acusado de diversas violaciones que vuelve al cine de la mano del presidente que se cree el rey de Hollywood. Es, adem\u00e1s, un reportaje hecho aparentemente casi como un favor de Amazon a Trump. Tanto es as\u00ed que ha empujado que Ratner, hasta ahora cancelado en la industria desde 2017 (y que ahora aparece en los papeles de Epstein), vaya a tener su Hora punta 4 en Paramount, pese a que antes todo el cine pasara de ella. Trump, por cierto, es productor ejecutivo de esta pel\u00edcula, as\u00ed que no esperen demasiadas cr\u00edticas negativas.<\/p>\n<p class=\"\"><b>\u00bfCu\u00e1ndo y d\u00f3nde verla? <\/b>El viernes 30, en salas.<\/p>\n","protected":false},"excerpt":{"rendered":"Todav\u00eda con la resaca de la Navidad, y del \u00e9xito de la nueva entrega de Avatar (nunca se&hellip;\n","protected":false},"author":2,"featured_media":316816,"comment_status":"","ping_status":"","sticky":false,"template":"","format":"standard","meta":{"footnotes":""},"categories":[91],"tags":[1014,1015,22045,64424,38175,177,209,9265,146,147,25,24,59231,225,19628,152,58969,753,40700,3952,23,33953,7083],"class_list":{"0":"post-316815","1":"post","2":"type-post","3":"status-publish","4":"format-standard","5":"has-post-thumbnail","7":"category-entretenimiento","8":"tag-actores","9":"tag-actrices","10":"tag-aida","11":"tag-brendan-fraser","12":"tag-chloe-zhao","13":"tag-cine","14":"tag-cultura","15":"tag-directores-cine","16":"tag-entertainment","17":"tag-entretenimiento","18":"tag-es","19":"tag-espana","20":"tag-kristen-stewart","21":"tag-libros","22":"tag-melania-trump","23":"tag-netflix","24":"tag-paco-leon","25":"tag-peliculas","26":"tag-richard-linklater","27":"tag-sam-raimi","28":"tag-spain","29":"tag-timothee-chalamet","30":"tag-vladimir-putin"},"share_on_mastodon":{"url":"https:\/\/pubeurope.com\/@es\/115818190850675209","error":""},"_links":{"self":[{"href":"https:\/\/www.europesays.com\/es\/wp-json\/wp\/v2\/posts\/316815","targetHints":{"allow":["GET"]}}],"collection":[{"href":"https:\/\/www.europesays.com\/es\/wp-json\/wp\/v2\/posts"}],"about":[{"href":"https:\/\/www.europesays.com\/es\/wp-json\/wp\/v2\/types\/post"}],"author":[{"embeddable":true,"href":"https:\/\/www.europesays.com\/es\/wp-json\/wp\/v2\/users\/2"}],"replies":[{"embeddable":true,"href":"https:\/\/www.europesays.com\/es\/wp-json\/wp\/v2\/comments?post=316815"}],"version-history":[{"count":0,"href":"https:\/\/www.europesays.com\/es\/wp-json\/wp\/v2\/posts\/316815\/revisions"}],"wp:featuredmedia":[{"embeddable":true,"href":"https:\/\/www.europesays.com\/es\/wp-json\/wp\/v2\/media\/316816"}],"wp:attachment":[{"href":"https:\/\/www.europesays.com\/es\/wp-json\/wp\/v2\/media?parent=316815"}],"wp:term":[{"taxonomy":"category","embeddable":true,"href":"https:\/\/www.europesays.com\/es\/wp-json\/wp\/v2\/categories?post=316815"},{"taxonomy":"post_tag","embeddable":true,"href":"https:\/\/www.europesays.com\/es\/wp-json\/wp\/v2\/tags?post=316815"}],"curies":[{"name":"wp","href":"https:\/\/api.w.org\/{rel}","templated":true}]}}