{"id":316820,"date":"2026-01-01T05:30:15","date_gmt":"2026-01-01T05:30:15","guid":{"rendered":"https:\/\/www.europesays.com\/es\/316820\/"},"modified":"2026-01-01T05:30:15","modified_gmt":"2026-01-01T05:30:15","slug":"petro-sabe-que-trump-bombardeo-una-fabrica-en-maracaibo-venezuela-y-la-vincula-al-narcotrafico-del-eln","status":"publish","type":"post","link":"https:\/\/www.europesays.com\/es\/316820\/","title":{"rendered":"Petro \u00absabe\u00bb que \u00abTrump bombarde\u00f3 una f\u00e1brica en Maracaibo\u00bb, Venezuela, y la vincula al narcotr\u00e1fico del ELN"},"content":{"rendered":"<p><img id=\"fotoPrincipalNoticia\" src=\"https:\/\/www.europesays.com\/es\/wp-content\/uploads\/2026\/01\/fotonoticia_20251231051705_690.jpg\" loading=\"eager\" decoding=\"async\" style=\"view-transition-name: fechor_20251231051705;\" border=\"0\" alt=\"Archivo - El presidente de Colombia, Gustavo Petro\" fetchpriority=\"high\" title=\"Petro &quot;sabe&quot; que &quot;Trump bombarde\u00f3 una f\u00e1brica en Maracaibo&quot;, Venezuela, y la vincula al narcotr\u00e1fico del ELN\" width=\"690\" height=\"534\" itemprop=\"image\"\/><\/p>\n<p>Archivo &#8211; El presidente de Colombia, Gustavo Petro &#8211; Europa Press\/Contacto\/Li Zijian &#8211; Archivo<\/p>\n<p>   MADRID, 31 Dic. (EUROPA PRESS) &#8211; <\/p>\n<p>   El presidente de Colombia, Gustavo Petro, ha declarado saber este martes que Estados Unidos \u00abbombarde\u00f3 una f\u00e1brica\u00bb en Maracaibo, Venezuela, donde la guerrilla del Ej\u00e9rcito de Liberaci\u00f3n Nacional (ELN) fabricar\u00eda coca\u00edna, seg\u00fan el propio mandatario, que ha acusado al grupo de permitir una invasi\u00f3n en territorio venezolano.<\/p>\n<p>   \u00abSabemos que Trump bombarde\u00f3 una f\u00e1brica en Maracaibo, tememos que mezclan all\u00ed la pasta de coca para hacerla coca\u00edna y aprovecha la ubicaci\u00f3n en el mar (lago) de Maracaibo. Es simplemente el ELN\u00bb, ha afirmado Petro en una larga publicaci\u00f3n en la red social X.<\/p>\n<p>   En este sentido, ha acusado a la citada guerrilla de estar \u00abpermitiendo, con su traqueteo (tr\u00e1fico) y su dogma mental, invadir Venezuela\u00bb.<\/p>\n<p>   Adem\u00e1s, ha aseverado que \u00abdebe decidir si va a competir por la coca\u00edna o por la paz\u00bb junto al Frente 33, que forma parte del Estado Mayor Central de los Bloques y el Frente (EMBF) &#8211;una disidencia de las disueltas Fuerzas Armadas Revolucionarias de Colombia (FARC)&#8211; y con el que el ELN ha mantenido reiterados combates en la regi\u00f3n del Catatumbo, cercana al venezolano lago de Maracaibo y donde la violencia ha aumentado en el \u00faltimo a\u00f1o obligando a confinarse o desplazarse a cientos de miles de personas.<\/p>\n<p>   Con todo, ha afirmado que \u00abmuchas\u00bb de las embarcaciones bombardeadas por Estados Unidos en el mar Caribe y en el Pac\u00edfico oriental &#8211;que han dejado ya 107 v\u00edctimas mortales&#8211; \u00abno llevaban coca\u00edna sino cannabis\u00bb.<\/p>\n<p>   Adem\u00e1s, ha considerado la situaci\u00f3n como \u00abun problema parad\u00f3jico\u00bb, por la ilegalidad de esta sustancia en Colombia y su legalidad, en cuanto a lo medicinal, en partes de Estados Unidos, una diferencia que \u00abha quitado la vida de muchos lancheros humildes, y a ning\u00fan consumidor estadounidense ni del mundo\u00bb.<\/p>\n<p>   \u00abLa coca\u00edna a Europa est\u00e1 pasando en submarino y contenedor. El cannabis es el atacado ileg\u00edtimamente\u00bb, ha argumentado, antes de proponer una \u00absustituci\u00f3n\u00bb de los cultivos de hoja de coca por el propio cannabis, alegando que, como \u00abel oro il\u00edcito\u00bb, es actualmente \u00abm\u00e1s rentable\u00bb. \u00abEl estado debe aprovechar\u00bb, ha agregado.<\/p>\n<p>   Por otra parte, ha asegurado que en Colombia \u00abno hay prueba de narcotr\u00e1fico\u00bb alguna en contra del presidente de Venezuela, Nicol\u00e1s Maduro, al que la Administraci\u00f3n de Donald Trump en Estados Unidos ha se\u00f1alado y sancionado por sus presuntos v\u00ednculos con esta actividad.<\/p>\n<p>   \u00abLos generales que comprobamos negociaban coca\u00edna estaban en la sedici\u00f3n con apoyo del gobierno colombiano, buscando un golpe en Caracas\u00bb, ha declarado Petro, antes de indicar que su \u00faltima conversaci\u00f3n telef\u00f3nica con su par venezolano fue \u00absobre c\u00f3mo golpear conjuntamente al ELN en la frontera\u00bb.<\/p>\n","protected":false},"excerpt":{"rendered":"Archivo &#8211; El presidente de Colombia, Gustavo Petro &#8211; Europa Press\/Contacto\/Li Zijian &#8211; Archivo MADRID, 31 Dic. (EUROPA&hellip;\n","protected":false},"author":2,"featured_media":316821,"comment_status":"","ping_status":"","sticky":false,"template":"","format":"standard","meta":{"footnotes":""},"categories":[42],"tags":[17,18,13,14,11,61,62,63,64,19,20,9,10,15,16,12,21,22,65,66,67],"class_list":{"0":"post-316820","1":"post","2":"type-post","3":"status-publish","4":"format-standard","5":"has-post-thumbnail","7":"category-internacional","8":"tag-breaking-news","9":"tag-breakingnews","10":"tag-featured-news","11":"tag-featurednews","12":"tag-headlines","13":"tag-internacional","14":"tag-international","15":"tag-international-news","16":"tag-internationalnews","17":"tag-latest-news","18":"tag-latestnews","19":"tag-news","20":"tag-noticias","21":"tag-noticias-destacadas","22":"tag-noticiasdestacadas","23":"tag-titulares","24":"tag-ultimas-noticias","25":"tag-ultimasnoticias","26":"tag-world","27":"tag-world-news","28":"tag-worldnews"},"share_on_mastodon":{"url":"https:\/\/pubeurope.com\/@es\/115818202665787024","error":""},"_links":{"self":[{"href":"https:\/\/www.europesays.com\/es\/wp-json\/wp\/v2\/posts\/316820","targetHints":{"allow":["GET"]}}],"collection":[{"href":"https:\/\/www.europesays.com\/es\/wp-json\/wp\/v2\/posts"}],"about":[{"href":"https:\/\/www.europesays.com\/es\/wp-json\/wp\/v2\/types\/post"}],"author":[{"embeddable":true,"href":"https:\/\/www.europesays.com\/es\/wp-json\/wp\/v2\/users\/2"}],"replies":[{"embeddable":true,"href":"https:\/\/www.europesays.com\/es\/wp-json\/wp\/v2\/comments?post=316820"}],"version-history":[{"count":0,"href":"https:\/\/www.europesays.com\/es\/wp-json\/wp\/v2\/posts\/316820\/revisions"}],"wp:featuredmedia":[{"embeddable":true,"href":"https:\/\/www.europesays.com\/es\/wp-json\/wp\/v2\/media\/316821"}],"wp:attachment":[{"href":"https:\/\/www.europesays.com\/es\/wp-json\/wp\/v2\/media?parent=316820"}],"wp:term":[{"taxonomy":"category","embeddable":true,"href":"https:\/\/www.europesays.com\/es\/wp-json\/wp\/v2\/categories?post=316820"},{"taxonomy":"post_tag","embeddable":true,"href":"https:\/\/www.europesays.com\/es\/wp-json\/wp\/v2\/tags?post=316820"}],"curies":[{"name":"wp","href":"https:\/\/api.w.org\/{rel}","templated":true}]}}