{"id":316824,"date":"2026-01-01T05:32:14","date_gmt":"2026-01-01T05:32:14","guid":{"rendered":"https:\/\/www.europesays.com\/es\/316824\/"},"modified":"2026-01-01T05:32:14","modified_gmt":"2026-01-01T05:32:14","slug":"quien-las-da-en-la-1-antena-3-telecinco-la-sexta-y-resto-de-cadenas-de-television","status":"publish","type":"post","link":"https:\/\/www.europesays.com\/es\/316824\/","title":{"rendered":"qui\u00e9n las da en La 1, Antena 3, Telecinco, La Sexta y resto de cadenas de televisi\u00f3n"},"content":{"rendered":"<p style=\"\">El <strong>2025 <\/strong>est\u00e1 a punto de terminar y como cada a\u00f1o las distintas cadenas que conforman la parrilla de televisi\u00f3n ya han elegido a sus rostros estrella que presentar\u00e1n uno de los mayores acontecimientos del a\u00f1o: las Campanadas. As\u00ed, Antena 3, Telecinco, TVE, La Sexta  &#8230; y el resto de canales se preparan para una nueva &#8216;guerra&#8217; por las audiencias para pasar de la \u00faltima noche de este a\u00f1o a las primeras horas del 2026. As\u00ed que, a la espera de elegir con qu\u00e9 <strong>presentadores<\/strong> vas a tomarte las doce uvas, te presentamos las opciones que tendremos en la peque\u00f1a pantalla de cara a estas <strong>Campanadas 2025-2026<\/strong> en las distintas cadenas que conforman la parrilla televisiva.<\/p>\n<p>\nPresentadores de La 1 en las Campanadas 2025\n<\/p>\n<p class=\"voc-p\" style=\"\">En <strong>TVE<\/strong>, la incertidumbre se ha mantenido durante mucho tiempo, despu\u00e9s de que<strong> Andreu Buenafuente<\/strong> anunciara su baja laboral, lo que provocaba que no pudiera ponerse al frente de la emisi\u00f3n junto a<strong> Silvia Abril.<\/strong> As\u00ed, la cadena p\u00fablica dej\u00f3 a su p\u00fablico con la inc\u00f3gnita de qui\u00e9nes ser\u00edan los elegidos hasta hace bien poco, cuando comunic\u00f3 que ser\u00eda <strong>Chenoa<\/strong> y <strong>Estopa<\/strong> los <a href=\"https:\/\/www.abc.es\/sociedad\/chenoa-hermanos-estopa-presentadores-campanadas-2025-rtve-20251218222118-vi.html\" target=\"_self\" data-voc-vtm-id=\"in-text-traffic\" title=\"presentadores\" data-mrf-link=\"www.abc.es\" rel=\"nofollow noopener\">presentadores<\/a> de las Campanadas 2025. Una decisi\u00f3n que ha dejado patente la apuesta del ente en la cantante que ya se ha dejado ver conduciendo espacios como &#8216;The floor&#8217; o Dog House&#8217;.<\/p>\n<p class=\"voc-p\" style=\"\">Adem\u00e1s, La 1 ha puesto todo el fuego en el asador con la primera actuaci\u00f3n de &#8216;<strong>La oreja de Van Gogh<\/strong>&#8216; junto a <strong>Amaia Montero<\/strong> en su regreso como grupo.<\/p>\n<p>\nPresentadores de Antena 3 en las Campanadas 2025\n<\/p>\n<p class=\"voc-p\" style=\"\">En <a href=\"https:\/\/www.abc.es\/play\/television\/noticias\/santiago-segura-une-campanadas-cristina-pedroche-alberto-20251204111843-nt.html\" target=\"_self\" data-voc-vtm-id=\"in-text-traffic\" title=\"Antena 3\" data-mrf-link=\"www.abc.es\" rel=\"nofollow noopener\">Antena 3<\/a>, un a\u00f1o m\u00e1s la pareja de presentadores para las Campanadas 2025 ser\u00e1n <strong>Cristina Pedroche<\/strong> y <strong>Alberto Chicote<\/strong> pero para esta ocasi\u00f3n, la novena para ellos como pareja, tendr\u00e1n adem\u00e1s un invitado muy especial y que nadie esperaba: Santiago Segura. De esta manera, ser\u00e1 la primera vez que el medi\u00e1tico d\u00fao se convierta en tr\u00edo en una emisi\u00f3n en la que el actor y director \u00abdesvelar\u00e1\u00bb algo muy importante \u00aben directo\u00bb.<\/p>\n<p class=\"voc-p\" style=\"\">Adem\u00e1s, como cada a\u00f1o, el vestido de Cristina Pedroche es uno de los grandes misterios. La presentadora ya ha ido dejando pistas de c\u00f3mo ser\u00e1 el vestido para estas Campanadas de 2025 como tambi\u00e9n ha asegurado que su mensaje ser\u00e1 muy potente. As\u00ed, que si quieres saber c\u00f3mo ser\u00e1 el &#8216;look&#8217; de la presentadora o qu\u00e9 tiene que decir <strong>Santiago Segura<\/strong>, tendr\u00e1s que poner<strong> Antena 3<\/strong> para averiguarlo.<\/p>\n<p>\nPresentadores de Telecinco en las Campanadas 2025\n<\/p>\n<p class=\"voc-p\" style=\"\"><a href=\"https:\/\/www.abc.es\/play\/television\/noticias\/sandra-barneda-xuso-jones-presentaran-campanadas-mediaset-20251104175555-nt.html\" target=\"_self\" data-voc-vtm-id=\"in-text-traffic\" title=\"Telecinco\" data-mrf-link=\"www.abc.es\" rel=\"nofollow noopener\">Telecinco<\/a> en esta ocasi\u00f3n se ha decantando por una original pareja. <strong>Sandra Barneda<\/strong> y <strong>Xuxo Jones<\/strong> ser\u00e1n los presentadores de las Campanadas de 2025 de la cadena. Y es que, la elecci\u00f3n de la presentadora de &#8216;La isla de las tentaciones&#8217; es un merecido premio tras el \u00e9xito de la medi\u00e1tica edici\u00f3n en la que se dio a conocer Montoya que ha sido uno de los personajes de la cadena de este a\u00f1o, mientras que el poner al &#8216;influecer&#8217; a su lado puede estar debido al gran tir\u00f3n que este tiene entre los j\u00f3venes.<\/p>\n<p class=\"voc-p\" style=\"\">Eso s\u00ed, Sandra Barneda y Xuxo Jones, presentadores de las Campanadas de <strong>Mediaset<\/strong>, no despedir\u00e1n el 2025 desde la emblem\u00e1tica Puerta del Sol, sino que retransmitir\u00e1n las <strong>Campanadas<\/strong> desde el centro de apr\u00e9s ski de Marchica, en Formigal.<\/p>\n<p>\nPresentadores de La Sexta en las Campanadas 2025\n<\/p>\n<p class=\"voc-p\" style=\"\"><strong>Novedad<\/strong> en <strong>La Sexta<\/strong> para estas Campanadas 2025, ya que este a\u00f1o no tendr\u00e1 su propio programa de Nochevieja para despedir el a\u00f1o. Una emisi\u00f3n que estas temporadas pasadas era conducida por Dani Mateo (&#8216;Zapeando&#8217;) y Cristina Pardo (&#8216;M\u00e1s vale tarde&#8217;). As\u00ed, en esta edici\u00f3n Atresmedia ha tomado la determinaci\u00f3n que la cadena comparta presentadores con Antena 3, de tal manera que <strong>Cristina Pedroche, Alberto Chicote y Santiago Segura <\/strong>ser\u00e1n tambi\u00e9n los rostros que ver\u00e1n los telespectadores que decidan poner La Sexta para dar la bienvenida al 2026.<\/p>\n<p>\nCampanadas en las cadenas de televisi\u00f3n auton\u00f3micas\n<\/p>\n<p class=\"voc-p\" style=\"\">Mientras, en las televisiones de las distintas autonom\u00edas tambi\u00e9n han movido ficha y las Campanadas en las auton\u00f3micas tambi\u00e9n tendr\u00e1n como maestros de ceremonias rostros conocidos como los siguientes.<\/p>\n<p class=\"voc-p\" style=\"\">En <strong>Telemadrid<\/strong>, la auton\u00f3mica madrile\u00f1a celebrar\u00e1 las Campanadas 2025 con M\u00f3nica Mart\u00ednez, Poty Castillo e Irene, participante de &#8216;El Camping&#8217;. Por su parte, <strong>TV3<\/strong>, la televisi\u00f3n catalana, un a\u00f1o m\u00e1s contar\u00e1 con Laura Escanes y Miki N\u00fa\u00f1ez como presentadores de las Campanadas 2025, mientras que en <a href=\"https:\/\/www.abc.es\/espana\/andalucia\/toni-moreno-enrique-romero-ana-hiniestrosa-presentadores-20251215210431-nts.html\" target=\"_self\" data-voc-vtm-id=\"in-text-traffic\" title=\"Andaluc\u00eda\" data-mrf-link=\"www.abc.es\" rel=\"nofollow noopener\">Andaluc\u00eda<\/a>, <strong>Canal Sur<\/strong>, las uvas se las tomar\u00e1n con To\u00f1i Moreno y Enrique Moreno.<\/p>\n<p class=\"voc-p\" style=\"\">En <strong>TV Canaria<\/strong>, los elegidos para las Campanadas 2025 son Elo\u00edsa Gonz\u00e1lez, Elvis Sanfuel y Mayer Trujillo. En TVG, la televisi\u00f3n gallega las Campanadas ser\u00e1n presentadas por Eva Iglesias y tres rostros m\u00e1s que todav\u00eda no han sido revelados. Los que s\u00ed lo tienen claro son los responsables de <strong>Arag\u00f3n TV<\/strong> que contar\u00e1n con Blanca Liso y el equipo del programa &#8216;El campo es nuestro&#8217; como conductores de las Campanadas de 2025.<\/p>\n<p class=\"voc-p\" style=\"\">En <strong>Castilla-La Mancha<\/strong> (CMM), Maril\u00f3 Leal, Carlos Mac\u00edas y Luc\u00eda Escribano ser\u00e1 el tr\u00edo de presentadores de las <strong>Campanadas<\/strong> y en Canal Extremadura la \u00faltima noche del a\u00f1o se la dejar\u00e1n a Sandra Majada, Ra\u00fal Otero y Blanca Garc\u00eda.<\/p>\n<p class=\"voc-p\" style=\"\">En IB3, la cadena auton\u00f3mica de las Baleares, contar\u00e1 con David Ordinas y Magdalena Serra como los <strong>presentadores<\/strong> de sus <strong>Campanadas<\/strong>, mientras que la asturiana RTPA conf\u00eda la despedida del 2025 a Ana Francisco y Alberto Rodr\u00edguez; una confianza que 7TV, la televisi\u00f3n de Murcia, ha depositado en \u00d3scar Mart\u00ednez y Kika Frutos como presentadores de las Campanadas 2025.<\/p>\n<p class=\"voc-p\" style=\"\">Y, para terminar, en <strong>EITB<\/strong>, la auton\u00f3mica del Pa\u00eds Vasco, tendr\u00e1 como equipo de presentadores de las Campanadas de Fin de A\u00f1o a Sara G\u00e1ndara, \u00c1frica Baeta, Ilaski Serrano y Xabier Usabiaga, mientras que en <strong>\u00c0 Punt,<\/strong> la televisi\u00f3n de la Comunidad Valenciana, se dir\u00e1 adi\u00f3s al 2025 de la mano de Mar\u00eda Fuster y Ferr\u00e1n Cano.<\/p>\n","protected":false},"excerpt":{"rendered":"El 2025 est\u00e1 a punto de terminar y como cada a\u00f1o las distintas cadenas que conforman la parrilla&hellip;\n","protected":false},"author":2,"featured_media":316825,"comment_status":"","ping_status":"","sticky":false,"template":"","format":"standard","meta":{"footnotes":""},"categories":[5],"tags":[9692,17,18,15644,48603,25,24,13,14,11,19,20,9,10,15,16,10852,10342,292,23,692,807,12,21,22],"class_list":{"0":"post-316824","1":"post","2":"type-post","3":"status-publish","4":"format-standard","5":"has-post-thumbnail","7":"category-titulares","8":"tag-antena","9":"tag-breaking-news","10":"tag-breakingnews","11":"tag-cadenas","12":"tag-campanadas","13":"tag-es","14":"tag-espana","15":"tag-featured-news","16":"tag-featurednews","17":"tag-headlines","18":"tag-latest-news","19":"tag-latestnews","20":"tag-news","21":"tag-noticias","22":"tag-noticias-destacadas","23":"tag-noticiasdestacadas","24":"tag-presentadores","25":"tag-resto","26":"tag-sexta","27":"tag-spain","28":"tag-telecinco","29":"tag-television","30":"tag-titulares","31":"tag-ultimas-noticias","32":"tag-ultimasnoticias"},"share_on_mastodon":{"url":"https:\/\/pubeurope.com\/@es\/115818210441880230","error":""},"_links":{"self":[{"href":"https:\/\/www.europesays.com\/es\/wp-json\/wp\/v2\/posts\/316824","targetHints":{"allow":["GET"]}}],"collection":[{"href":"https:\/\/www.europesays.com\/es\/wp-json\/wp\/v2\/posts"}],"about":[{"href":"https:\/\/www.europesays.com\/es\/wp-json\/wp\/v2\/types\/post"}],"author":[{"embeddable":true,"href":"https:\/\/www.europesays.com\/es\/wp-json\/wp\/v2\/users\/2"}],"replies":[{"embeddable":true,"href":"https:\/\/www.europesays.com\/es\/wp-json\/wp\/v2\/comments?post=316824"}],"version-history":[{"count":0,"href":"https:\/\/www.europesays.com\/es\/wp-json\/wp\/v2\/posts\/316824\/revisions"}],"wp:featuredmedia":[{"embeddable":true,"href":"https:\/\/www.europesays.com\/es\/wp-json\/wp\/v2\/media\/316825"}],"wp:attachment":[{"href":"https:\/\/www.europesays.com\/es\/wp-json\/wp\/v2\/media?parent=316824"}],"wp:term":[{"taxonomy":"category","embeddable":true,"href":"https:\/\/www.europesays.com\/es\/wp-json\/wp\/v2\/categories?post=316824"},{"taxonomy":"post_tag","embeddable":true,"href":"https:\/\/www.europesays.com\/es\/wp-json\/wp\/v2\/tags?post=316824"}],"curies":[{"name":"wp","href":"https:\/\/api.w.org\/{rel}","templated":true}]}}