{"id":316826,"date":"2026-01-01T05:40:23","date_gmt":"2026-01-01T05:40:23","guid":{"rendered":"https:\/\/www.europesays.com\/es\/316826\/"},"modified":"2026-01-01T05:40:23","modified_gmt":"2026-01-01T05:40:23","slug":"llega-polanco-y-se-va-walker","status":"publish","type":"post","link":"https:\/\/www.europesays.com\/es\/316826\/","title":{"rendered":"llega Polanco y se va Walker"},"content":{"rendered":"<p class=\"ft-text ft-helper-closenews\">El HLA <a class=\"ft-link ft-link--decoration\" href=\"https:\/\/www.informacion.es\/alicante\/\" rel=\"nofollow noopener\" target=\"_blank\">Alicante<\/a> cierra el a\u00f1o 2025 con movimiento en su plantilla, tanto de entrada como de salida. La entidad lucentina ha anunciado este martes un fichaje, el del escolta dominicano Eddy Polanco, que viene a cubrir una baja, la del estadounidense Jordan Walker,<\/p>\n<p class=\"ft-text\">Polanco cuenta con un recorrido destacado en Primera FEB, donde ha competido con equipos como\u00a0Lleida, Real Betis y Almansa,\u00a0club en el que estuvo a las \u00f3rdenes de <strong>Rub\u00e9n Perell\u00f3<\/strong> en su mejor temporada en Espa\u00f1a. En Primera FEB ha promediado\u00a0m\u00e1s de 14 puntos por partido, con\u00a0porcentajes de tiro superiores al 47%\u00a0\u00a0y una aportaci\u00f3n de m\u00e1s de tres\u00a0rebotes por partido, demostrando consistencia y eficacia en ambas partes de la cancha.<\/p>\n<p class=\"ft-text\">\u00abSu experiencia internacional y su capacidad de generar juego y anotar lo convierten en un refuerzo de garant\u00edas para\u00a0<strong>HLA Alicante<\/strong>. Estamos seguros de que su profesionalidad y car\u00e1cter competitivo ser\u00e1n un gran valor para el equipo y nuestra afici\u00f3n\u00bb, asegura el club alicantino en la nota de presentaci\u00f3n de Polanco.<\/p>\n<p>Walker, baja<\/p>\n<p class=\"ft-text\">El fichaje de Polanco responde a la salida de <strong>Jordan Walker<\/strong>, que ha decidido poner fin a su etapa en Alicante tras abonar su nuevo club la cl\u00e1usula de salida.<\/p>\n<p><img decoding=\"async\" src=\"https:\/\/www.europesays.com\/es\/wp-content\/uploads\/2026\/01\/946adc32-c14b-4ab6-8fda-23d224272b8a_alta-libre-aspect-ratio_default_0.jpg\" width=\"1200\" height=\"867\" alt=\"Jordan Walker entra a canasta.\" class=\"ft-helper-img-rd\" loading=\"lazy\"\/><\/p>\n<p class=\"ft-helper-fontColor-quaternary ft-helper-fontSize-body-S ft-helper-spacer-t-xxs\">Jordan Walker entra a canasta.  \/ H\u00e9ctor Fuentes<\/p>\n<p class=\"ft-text\">\u00abDurante su tiempo con nosotros, Jordan ha demostrado un gran compromiso, profesionalismo y un talento excepcional en la cancha, dejando una huella imborrable en el equipo y en nuestra afici\u00f3n\u00bb, se despide el HLA de su destacado anotador.<\/p>\n<p data-close=\"closedContent\" class=\"subscribeHideForDisplay\">Suscr\u00edbete para seguir leyendo<\/p>\n","protected":false},"excerpt":{"rendered":"El HLA Alicante cierra el a\u00f1o 2025 con movimiento en su plantilla, tanto de entrada como de salida.&hellip;\n","protected":false},"author":2,"featured_media":316827,"comment_status":"","ping_status":"","sticky":false,"template":"","format":"standard","meta":{"footnotes":""},"categories":[269],"tags":[3437,2206,299,298,1798,168,7537,25,24,2612,11906,4992,5012,30379,23,167],"class_list":{"0":"post-316826","1":"post","2":"type-post","3":"status-publish","4":"format-standard","5":"has-post-thumbnail","7":"category-baloncesto","8":"tag-aficion","9":"tag-alicante","10":"tag-baloncesto","11":"tag-basketball","12":"tag-club","13":"tag-deportes","14":"tag-doble","15":"tag-es","16":"tag-espana","17":"tag-feb","18":"tag-hla","19":"tag-hla-alicante","20":"tag-llega","21":"tag-movimiento","22":"tag-spain","23":"tag-sports"},"share_on_mastodon":{"url":"https:\/\/pubeurope.com\/@es\/115818242006607295","error":""},"_links":{"self":[{"href":"https:\/\/www.europesays.com\/es\/wp-json\/wp\/v2\/posts\/316826","targetHints":{"allow":["GET"]}}],"collection":[{"href":"https:\/\/www.europesays.com\/es\/wp-json\/wp\/v2\/posts"}],"about":[{"href":"https:\/\/www.europesays.com\/es\/wp-json\/wp\/v2\/types\/post"}],"author":[{"embeddable":true,"href":"https:\/\/www.europesays.com\/es\/wp-json\/wp\/v2\/users\/2"}],"replies":[{"embeddable":true,"href":"https:\/\/www.europesays.com\/es\/wp-json\/wp\/v2\/comments?post=316826"}],"version-history":[{"count":0,"href":"https:\/\/www.europesays.com\/es\/wp-json\/wp\/v2\/posts\/316826\/revisions"}],"wp:featuredmedia":[{"embeddable":true,"href":"https:\/\/www.europesays.com\/es\/wp-json\/wp\/v2\/media\/316827"}],"wp:attachment":[{"href":"https:\/\/www.europesays.com\/es\/wp-json\/wp\/v2\/media?parent=316826"}],"wp:term":[{"taxonomy":"category","embeddable":true,"href":"https:\/\/www.europesays.com\/es\/wp-json\/wp\/v2\/categories?post=316826"},{"taxonomy":"post_tag","embeddable":true,"href":"https:\/\/www.europesays.com\/es\/wp-json\/wp\/v2\/tags?post=316826"}],"curies":[{"name":"wp","href":"https:\/\/api.w.org\/{rel}","templated":true}]}}