{"id":316828,"date":"2026-01-01T05:41:08","date_gmt":"2026-01-01T05:41:08","guid":{"rendered":"https:\/\/www.europesays.com\/es\/316828\/"},"modified":"2026-01-01T05:41:08","modified_gmt":"2026-01-01T05:41:08","slug":"sanchez-ante-el-riesgo-de-que-las-derrotas-autonomicas-de-2026-hundan-sus-expectativas-de-llegar-a-2027-y-mantenerse","status":"publish","type":"post","link":"https:\/\/www.europesays.com\/es\/316828\/","title":{"rendered":"S\u00e1nchez, ante el riesgo de que las derrotas auton\u00f3micas de 2026 hundan sus expectativas de llegar a 2027 y mantenerse"},"content":{"rendered":"<p id=\"paragraph_1\"><strong>Alberto N\u00fa\u00f1ez Feij\u00f3o<\/strong> ha utilizado casi todos los medios posibles para hacer oposici\u00f3n al Gobierno de <strong>Pedro S\u00e1nchez.<\/strong><\/p>\n<p class=\"paragraph\" id=\"paragraph_2\">Por ejemplo, con su mayor\u00eda absoluta en el Senado que le permite constituir comisiones de investigaci\u00f3n.<\/p>\n<p class=\"paragraph\" id=\"paragraph_3\">Tambi\u00e9n con media docena de manifestaciones en la calle.<\/p>\n<p class=\"paragraph\" id=\"paragraph_4\">Llevando a la Fiscal\u00eda y a los tribunales conductas que consider\u00f3 que podr\u00edan ser delictivas.<\/p>\n<p class=\"paragraph\" id=\"paragraph_5\">O con el peso de la inmensa mayor\u00eda de las comunidades aut\u00f3nomas que est\u00e1n gobernadas por el PP.<\/p>\n<p class=\"paragraph\" id=\"paragraph_6\">Y, obviamente, con la actividad parlamentaria diaria, sus votos en el Congreso como partido m\u00e1s votado y en las sesiones de control con sus preguntas al Gobierno.<\/p>\n<p class=\"paragraph\" id=\"paragraph_7\">Ahora, el principal partido de la oposici\u00f3n experimenta una f\u00f3rmula nueva en Democracia que consiste en <strong>construir un camino tortuoso al PSOE<\/strong> con <a href=\"https:\/\/www.elespanol.com\/espana\/politica\/20251221\/sanchez-lleva-desastre-psoe-extremadura-guardiola-podra-gobernar-abstencion-vox-crecido\/1003744065233_0.html?utm_cmp_rs=linksinline\" rel=\"nofollow noopener\" target=\"_blank\">elecciones escalonadas en distintas comunidades aut\u00f3nomas<\/a>, con pretensi\u00f3n de tender una trampa a Pedro S\u00e1nchez.<\/p>\n<p><img loading=\"lazy\" decoding=\"async\" alt=\"WhatsApp Image 2025-12-22 at 20.04.18\" height=\"180\" src=\"https:\/\/www.europesays.com\/es\/wp-content\/uploads\/2026\/01\/1003744066822_260627707_320x180.jpg\" width=\"320\" data-lazy-status=\"processed\" data-lazy-info=\"remove loading item 1\"\/><\/p>\n<p class=\"paragraph\" id=\"paragraph_8\">Primero en <a href=\"https:\/\/www.elespanol.com\/espana\/politica\/20251222\/psoe-arranca-ciclo-electoral-catastrofe-aferrandose-dependencia-pp-vox\/1003744065222_0.html?utm_cmp_rs=linksinline\" rel=\"nofollow noopener\" target=\"_blank\">Extremadura el 21 de diciembre<\/a>, luego en Arag\u00f3n el 8 de febrero, en marzo en Castilla y Le\u00f3n y, finalmente, en Andaluc\u00eda en mayo o junio.<\/p>\n<p class=\"paragraph\" id=\"paragraph_9\">Las dos \u00faltimas correspond\u00eda celebrarlas por el fin autom\u00e1tico de la legislatura, pero <strong>Alfonso Fern\u00e1ndez Ma\u00f1ueco<\/strong> y <strong>Juanma Moreno<\/strong> han rechazado la posibilidad de coordinar las convocatorias. Y en Extremadura y Arag\u00f3n se han precipitado con el argumento de la imposibilidad de aprobar los Presupuestos de las dos comunidades.<\/p>\n<p class=\"paragraph\" id=\"paragraph_10\">El PP busca debilitar a Pedro S\u00e1nchez,<a href=\"https:\/\/www.elespanol.com\/espana\/politica\/20251212\/psoe-hablan-fin-ciclo-temen-calvario-largo-dramatico-sanchez-finge-normalidad-moncloa\/1003744051545_0.html?utm_cmp_rs=linksinline\" rel=\"nofollow noopener\" target=\"_blank\"> aprovechando que las encuestas le son muy adversas<\/a>. Tambi\u00e9n que en dos de ellas comparecen como cabezas de lista del PSOE dos personas muy pr\u00f3ximas al presidente del Gobierno: <strong>Pilar Alegr\u00eda<\/strong> y<strong> Mar\u00eda Jes\u00fas Montero.<\/strong><\/p>\n<p class=\"paragraph\" id=\"paragraph_11\">Es decir, el PP quiere convertir esas elecciones escalonadas en<strong> plebiscitos limitados en los que S\u00e1nchez pueda ser castigado<\/strong> por su gesti\u00f3n mediante personas interpuestas.<\/p>\n<p class=\"paragraph\" id=\"paragraph_12\">Para la Moncloa es una irresponsabilidad del PP utilizar las elecciones auton\u00f3micas como si fueran <strong>elecciones generales parciales<\/strong>, lo que, en su opini\u00f3n, supone una falta de respeto a los ciudadanos de esas comunidades.<\/p>\n<p>El &#8216;efecto Vox&#8217;<\/p>\n<p class=\"paragraph\" id=\"paragraph_13\">\u00bfCu\u00e1l es la contraindicaci\u00f3n que puede tener esa estrategia? Que finalmente lo que condicione todo el recorrido electoral sea la relaci\u00f3n entre el PP y Vox.<\/p>\n<p class=\"paragraph\" id=\"paragraph_14\">Que los de Feij\u00f3o suban en esas comunidades y que est\u00e9n en condiciones de gobernar, pero dependiendo del partido de <strong>Santiago Abascal<\/strong> que, a su vez, pueda elevar el precio de esos acuerdos. Y que esas sucesivas negociaciones contaminen las elecciones auton\u00f3micas que se sucedan luego.<\/p>\n<p class=\"paragraph\" id=\"paragraph_15\">Todo eso ya ha ocurrido en las elecciones extreme\u00f1as del 21 de diciembre.<\/p>\n<p class=\"paragraph\" id=\"paragraph_16\"><strong> Mar\u00eda Guardiola<\/strong> ha ganado con mucha diferencia sobre un PSOE hundido, pero depende de un Vox que ha ganado m\u00e1s esca\u00f1os y en cuya mano est\u00e1 la investidura y las siguientes decisiones, como la aprobaci\u00f3n de Presupuestos.<\/p>\n<p class=\"paragraph\" id=\"paragraph_17\">Luego ser\u00e1 Arag\u00f3n, donde nunca ha habido una mayor\u00eda absoluta y donde el PP de <strong>Jorge Azc\u00f3n<\/strong> sue\u00f1a con llegar a una mayor\u00eda que le permita pactar con los partidos regionalistas y le eviten el trago de tener que negociar con Vox.<\/p>\n<p class=\"paragraph\" id=\"paragraph_18\">En Castilla y Le\u00f3n, Alfonso Fern\u00e1ndez Ma\u00f1ueco es imposible que pueda evitar el pacto con Vox.<\/p>\n<p class=\"paragraph\" id=\"paragraph_19\">Y en Andaluc\u00eda, Juanma Moreno ya empieza a contemplar la imposibilidad de renovar la mayor\u00eda absoluta.<\/p>\n<p class=\"paragraph\" id=\"paragraph_20\">Los de Abascal juegan en las comunidades aut\u00f3nomas a condicionar esos gobiernos desde fuera, sin entrar en coaliciones como hicieron en 2023.<\/p>\n<p class=\"paragraph\" id=\"paragraph_21\">El partido de extrema derecha ha visto que <strong>su decisi\u00f3n de abandonar los gobiernos auton\u00f3micos<\/strong> en 2024 ha sido acertada, porque le ha permitido quedar a salvo del desgaste de gesti\u00f3n.<\/p>\n<p class=\"paragraph\" id=\"paragraph_22\">Por ejemplo, ha eludido gestionar la dana en la Comunidad Valenciana o los incendios forestales en Castilla y Le\u00f3n, asuntos por los que el PP sufre.<\/p>\n<p class=\"paragraph\" id=\"paragraph_23\">El otro efecto de la yincana electoral es el referido a la pol\u00edtica nacional y, m\u00e1s concretamente, el de la continuidad de Pedro S\u00e1nchez.<\/p>\n<p class=\"paragraph\" id=\"paragraph_24\">El presidente del Gobierno parece haberse conjurado con su equipo m\u00e1s pr\u00f3ximo para resistir, para a la vez volcarse en esos comicios y decir luego que el candidato no es el presidente del Gobierno. Y, sobre todo, para subirse a la gran paradoja de celebrar los ascensos de Vox para combatir al PP.<\/p>\n<p class=\"paragraph\" id=\"paragraph_25\">Por un lado, para usar los pactos de ambas formaciones y que se<strong> visualice en unas generales que Abascal puede ser el vicepresidente de Feij\u00f3o<\/strong> y, al tiempo, buscar la manera de crear entre los dirigentes populares la idea de que con su actual l\u00edder ser\u00e1 imposible gobernar en solitario.<\/p>\n<p class=\"paragraph\" id=\"paragraph_26\">Entienden en Moncloa que si esa idea cala en el PP y todas sus baron\u00edas, puede haber un momento en el que se pregunten c\u00f3mo es posible que estando el PSOE en una situaci\u00f3n tan delicada, Feij\u00f3o no sea capaz de despegarse de los socialistas y garantizar un triunfo electoral de su partido.<\/p>\n<p class=\"paragraph\" id=\"paragraph_27\">A priori, el momento m\u00e1s complicado para S\u00e1nchez ser\u00eda una derrota abultada en Andaluc\u00eda, por consolidarse la imagen de que ya no volver\u00e1 a ser el feudo socialista que fue y porque ese hundimiento lo sufrir\u00eda directamente su n\u00famero dos, <strong>Mar\u00eda Jes\u00fas Montero<\/strong>.<\/p>\n<p class=\"paragraph\" id=\"paragraph_28\">Una cadena de derrotas del PSOE podr\u00eda provocar <a href=\"https:\/\/www.elespanol.com\/espana\/politica\/20251221\/pedro_sanchez-santiago_abascal-alberto_nunez_feijoo-maria_guardiola-miguel_Angel_gallardo-pilar_alegria-maria_jesus_montero-psoe_-partido_socialista_obrero_espanol-partido_popular_-pp-vox-politica\/1003744061309_0.html?utm_cmp_rs=linksinline\" rel=\"nofollow noopener\" target=\"_blank\">p\u00e1nico en todas las comunidades sobre el futuro del partido<\/a> con S\u00e1nchez y acelerar desde dentro un hipot\u00e9tico fin de ciclo.<\/p>\n<p class=\"paragraph\" id=\"paragraph_29\">Los dados han empezado a rodar en el tablero.<\/p>\n","protected":false},"excerpt":{"rendered":"Alberto N\u00fa\u00f1ez Feij\u00f3o ha utilizado casi todos los medios posibles para hacer oposici\u00f3n al Gobierno de Pedro S\u00e1nchez.&hellip;\n","protected":false},"author":2,"featured_media":316829,"comment_status":"","ping_status":"","sticky":false,"template":"","format":"standard","meta":{"footnotes":""},"categories":[268],"tags":[6069,24022,168,25,24,280,282,54697,29210,764,2959,8708,952,281,23,167],"class_list":{"0":"post-316828","1":"post","2":"type-post","3":"status-publish","4":"format-standard","5":"has-post-thumbnail","7":"category-futbol","8":"tag-alberto-nunez-feijoo","9":"tag-alfonso-fernandez-manueco","10":"tag-deportes","11":"tag-es","12":"tag-espana","13":"tag-football","14":"tag-futbol","15":"tag-jorge-azcon","16":"tag-juan-manuel-moreno-bonilla","17":"tag-maria-jesus-montero","18":"tag-pedro-sanchez","19":"tag-pilar-alegria","20":"tag-politica","21":"tag-soccer","22":"tag-spain","23":"tag-sports"},"share_on_mastodon":{"url":"https:\/\/pubeurope.com\/@es\/115818246095955137","error":""},"_links":{"self":[{"href":"https:\/\/www.europesays.com\/es\/wp-json\/wp\/v2\/posts\/316828","targetHints":{"allow":["GET"]}}],"collection":[{"href":"https:\/\/www.europesays.com\/es\/wp-json\/wp\/v2\/posts"}],"about":[{"href":"https:\/\/www.europesays.com\/es\/wp-json\/wp\/v2\/types\/post"}],"author":[{"embeddable":true,"href":"https:\/\/www.europesays.com\/es\/wp-json\/wp\/v2\/users\/2"}],"replies":[{"embeddable":true,"href":"https:\/\/www.europesays.com\/es\/wp-json\/wp\/v2\/comments?post=316828"}],"version-history":[{"count":0,"href":"https:\/\/www.europesays.com\/es\/wp-json\/wp\/v2\/posts\/316828\/revisions"}],"wp:featuredmedia":[{"embeddable":true,"href":"https:\/\/www.europesays.com\/es\/wp-json\/wp\/v2\/media\/316829"}],"wp:attachment":[{"href":"https:\/\/www.europesays.com\/es\/wp-json\/wp\/v2\/media?parent=316828"}],"wp:term":[{"taxonomy":"category","embeddable":true,"href":"https:\/\/www.europesays.com\/es\/wp-json\/wp\/v2\/categories?post=316828"},{"taxonomy":"post_tag","embeddable":true,"href":"https:\/\/www.europesays.com\/es\/wp-json\/wp\/v2\/tags?post=316828"}],"curies":[{"name":"wp","href":"https:\/\/api.w.org\/{rel}","templated":true}]}}