{"id":316857,"date":"2026-01-01T06:09:25","date_gmt":"2026-01-01T06:09:25","guid":{"rendered":"https:\/\/www.europesays.com\/es\/316857\/"},"modified":"2026-01-01T06:09:25","modified_gmt":"2026-01-01T06:09:25","slug":"madrid-directo-30-12-2025","status":"publish","type":"post","link":"https:\/\/www.europesays.com\/es\/316857\/","title":{"rendered":"Madrid Directo 30.12.2025"},"content":{"rendered":"<p class=\"mce\">Miles de aplausos, risas y v\u00edtores es lo que ha vivido el espect\u00e1culo de la Loca Academia de Polic\u00eda del <a data-content-id=\"\" href=\"https:\/\/www.telemadrid.es\/tag\/Parque-Warner\/\" text=\"Parque Warner\" title=\"\" target=\"_blank\" rel=\"noopener nofollow\" class=\"mceNonEditable mce\">Parque Warner<\/a> de Madrid, pero tras 23 a\u00f1os, nos <strong class=\"mce\">dir\u00e1 adi\u00f3s este 5 de enero<\/strong>.<\/p>\n<p>                <a href=\"https:\/\/www.telemadrid.es\/programas\/madrid-directo\/Tras-mas-de-20-anos-el-Parque-Warner-Madrid-dice-adios-al-espectaculo-de-Loca-Academia-de-Policia-2-2848235206--20251230074346.html\" class=\"lnk\" target=\"_blank\" rel=\"nofollow noopener\">Tras m\u00e1s de 20 a\u00f1os, el Parque Warner Madrid dice adi\u00f3s al espect\u00e1culo de \u2018Loca Academia de Polic\u00eda\u2019<\/a><\/p>\n<p class=\"mce\">Este es el ambiente de Puerta del Sol a solo 1 d\u00eda de la Nochevieja. Y es que si queremos encontrar gente, mucha gente, pero mucha mucha gente&#8230;. s\u00f3lo tenemos que irnos a es Puerta del Sol que vive esta noche el ensayo general de las Campandas de ma\u00f1ana.<\/p>\n<p>                <a href=\"https:\/\/www.telemadrid.es\/programas\/madrid-directo\/Asi-encontramos-el-ambiente-de-Puerta-del-Sol-a-solo-un-dia-de-la-Nochevieja-2-2848235207--20251230074946.html\" class=\"lnk\" target=\"_blank\" rel=\"nofollow noopener\">As\u00ed encontramos el ambiente de Puerta del Sol a solo un d\u00eda de la Nochevieja<\/a><\/p>\n<p class=\"mce\">A solo <strong class=\"mce\">un d\u00eda de fin de a\u00f1o<\/strong>, nos movemos hasta la tienda de disfraces Barullo para conocer qu\u00e9 art\u00edculos de Cotill\u00f3n que nos podremos encontrar en todas las fiestas de Nochevieja en Madrid.<\/p>\n<p>                <a href=\"https:\/\/www.telemadrid.es\/programas\/madrid-directo\/Nos-movemos-hasta-la-tienda-de-disfraces-Barullo-para-conocer-los-mejores-articulos-de-cotillon-este-ano-2-2848235208--20251230081154.html\" class=\"lnk\" target=\"_blank\" rel=\"nofollow noopener\">Nos movemos hasta la tienda de disfraces Barullo para conocer los mejores art\u00edculos de cotill\u00f3n este a\u00f1o<\/a><\/p>\n<p class=\"mce\">Todo esto y mucho m\u00e1s en Madrid Directo.<\/p>\n","protected":false},"excerpt":{"rendered":"Miles de aplausos, risas y v\u00edtores es lo que ha vivido el espect\u00e1culo de la Loca Academia de&hellip;\n","protected":false},"author":2,"featured_media":316858,"comment_status":"","ping_status":"","sticky":false,"template":"","format":"standard","meta":{"footnotes":""},"categories":[171],"tags":[517,209,168,95,2666,146,147,25,24,2661,2660,2665,2659,2667,2663,2662,2664,492,23,214,21],"class_list":{"0":"post-316857","1":"post","2":"type-post","3":"status-publish","4":"format-standard","5":"has-post-thumbnail","7":"category-tv","8":"tag-actualidad","9":"tag-cultura","10":"tag-deportes","11":"tag-economia","12":"tag-emision-en-directo","13":"tag-entertainment","14":"tag-entretenimiento","15":"tag-es","16":"tag-espana","17":"tag-internacionales","18":"tag-nacionales","19":"tag-noticias-de-hoy","20":"tag-noticias-de-madrid","21":"tag-podcast","22":"tag-programas-de-telemadrid","23":"tag-programas-de-television","24":"tag-programas-onda-madrid","25":"tag-sociedad","26":"tag-spain","27":"tag-tv","28":"tag-ultimas-noticias"},"share_on_mastodon":{"url":"https:\/\/pubeurope.com\/@es\/115818356107626331","error":""},"_links":{"self":[{"href":"https:\/\/www.europesays.com\/es\/wp-json\/wp\/v2\/posts\/316857","targetHints":{"allow":["GET"]}}],"collection":[{"href":"https:\/\/www.europesays.com\/es\/wp-json\/wp\/v2\/posts"}],"about":[{"href":"https:\/\/www.europesays.com\/es\/wp-json\/wp\/v2\/types\/post"}],"author":[{"embeddable":true,"href":"https:\/\/www.europesays.com\/es\/wp-json\/wp\/v2\/users\/2"}],"replies":[{"embeddable":true,"href":"https:\/\/www.europesays.com\/es\/wp-json\/wp\/v2\/comments?post=316857"}],"version-history":[{"count":0,"href":"https:\/\/www.europesays.com\/es\/wp-json\/wp\/v2\/posts\/316857\/revisions"}],"wp:featuredmedia":[{"embeddable":true,"href":"https:\/\/www.europesays.com\/es\/wp-json\/wp\/v2\/media\/316858"}],"wp:attachment":[{"href":"https:\/\/www.europesays.com\/es\/wp-json\/wp\/v2\/media?parent=316857"}],"wp:term":[{"taxonomy":"category","embeddable":true,"href":"https:\/\/www.europesays.com\/es\/wp-json\/wp\/v2\/categories?post=316857"},{"taxonomy":"post_tag","embeddable":true,"href":"https:\/\/www.europesays.com\/es\/wp-json\/wp\/v2\/tags?post=316857"}],"curies":[{"name":"wp","href":"https:\/\/api.w.org\/{rel}","templated":true}]}}