{"id":316881,"date":"2026-01-01T06:30:09","date_gmt":"2026-01-01T06:30:09","guid":{"rendered":"https:\/\/www.europesays.com\/es\/316881\/"},"modified":"2026-01-01T06:30:09","modified_gmt":"2026-01-01T06:30:09","slug":"la-actriz-antonia-san-juan-anuncia-que-se-ha-curado-del-cancer","status":"publish","type":"post","link":"https:\/\/www.europesays.com\/es\/316881\/","title":{"rendered":"La actriz Antonia San Juan anuncia que se ha curado del c\u00e1ncer"},"content":{"rendered":"<p><img fetchpriority=\"high\" class=\"v-a-img\" src=\"https:\/\/www.europesays.com\/es\/wp-content\/uploads\/2026\/01\/sanjuan-kEgE-U240713247520vMI-1200x840@Canarias7.jpg\" loading=\"eager\" decoding=\"async\" alt=\"La actriz Antonia San Juan, en una imagen de archivo.\"  width=\"1200\" height=\"840\"\/><\/p>\n<p>La actriz Antonia San Juan, en una imagen de archivo.          Efe        <\/p>\n<p>La int\u00e9rprete ha agradecido a sus m\u00e9dicos, enfermeras, auxiliares y a todas las personas que la han ayudado en el proceso y ha insistido en que hay que confiar en la ciencia.<\/p>\n<p class=\"v-mdl-ath__p v-mdl-ath__p--2\">\nEfe\n<\/p>\n<p class=\"v-mdl-ath__p v-mdl-ath__p--3\">\nLas Palmas de Gran Canaria\n<\/p>\n<p class=\"v-mdl-ath__p v-mdl-ath__p--6\">\nMi\u00e9rcoles, 31 de diciembre 2025, 18:36<\/p>\n<p class=\"v-p\">La actriz grancanaria Antonia San Juan ha anunciado que el tumor que padec\u00eda ha remitido y est\u00e1 curada de la enfermedad que la hizo alejarse de los escenarios el pasado septiembre.<\/p>\n<p class=\"v-p\">\u00abEl tumor ya remiti\u00f3, no tengo met\u00e1stasis y estoy curada\u00bb, ha informado en un v\u00eddeo publicado en Instragram, en el que indica que este mi\u00e9rcoles ha tenido su \u00faltima sesi\u00f3n de quimioterapia, pero a\u00fan debe seguir con tratamiento para su recuperaci\u00f3n.<\/p>\n<p class=\"v-p\">La int\u00e9rprete (Las Palmas de Gran Canaria, 1961) ha agradecido a sus m\u00e9dicos, enfermeras, auxiliares y a todas las personas que la han ayudado en el proceso y ha insistido en que hay que confiar en la ciencia.<\/p>\n<p class=\"v-p\">En este sentido, ha subrayado que lo que cura es la quimioterapia, la radioterapia y la cirug\u00eda y que los tratamientos alternativos s\u00f3lo deben colaborar con la medicina tradicional.<\/p>\n<p class=\"v-p\">San Juan ha se\u00f1alado que se siente muy contenta y ha subrayado que brindar\u00e1 con agua con gas este 31 de diciembre por todas las personas que la han acompa\u00f1ado y ha enviado \u00abmucha fuerza\u00bb a quienes est\u00e1n sufriendo una enfermedad.<\/p>\n<p>Reporta un error<\/p>\n","protected":false},"excerpt":{"rendered":"La actriz Antonia San Juan, en una imagen de archivo. Efe La int\u00e9rprete ha agradecido a sus m\u00e9dicos,&hellip;\n","protected":false},"author":2,"featured_media":316882,"comment_status":"","ping_status":"","sticky":false,"template":"","format":"standard","meta":{"footnotes":""},"categories":[174],"tags":[6456,33613,4187,1066,255,74083,146,147,25,24,256,409,2228,23],"class_list":{"0":"post-316881","1":"post","2":"type-post","3":"status-publish","4":"format-standard","5":"has-post-thumbnail","7":"category-famosos","8":"tag-actriz","9":"tag-antonia","10":"tag-anuncia","11":"tag-cancer","12":"tag-celebrities","13":"tag-curado","14":"tag-entertainment","15":"tag-entretenimiento","16":"tag-es","17":"tag-espana","18":"tag-famosos","19":"tag-juan","20":"tag-san","21":"tag-spain"},"share_on_mastodon":{"url":"https:\/\/pubeurope.com\/@es\/115818438524527541","error":""},"_links":{"self":[{"href":"https:\/\/www.europesays.com\/es\/wp-json\/wp\/v2\/posts\/316881","targetHints":{"allow":["GET"]}}],"collection":[{"href":"https:\/\/www.europesays.com\/es\/wp-json\/wp\/v2\/posts"}],"about":[{"href":"https:\/\/www.europesays.com\/es\/wp-json\/wp\/v2\/types\/post"}],"author":[{"embeddable":true,"href":"https:\/\/www.europesays.com\/es\/wp-json\/wp\/v2\/users\/2"}],"replies":[{"embeddable":true,"href":"https:\/\/www.europesays.com\/es\/wp-json\/wp\/v2\/comments?post=316881"}],"version-history":[{"count":0,"href":"https:\/\/www.europesays.com\/es\/wp-json\/wp\/v2\/posts\/316881\/revisions"}],"wp:featuredmedia":[{"embeddable":true,"href":"https:\/\/www.europesays.com\/es\/wp-json\/wp\/v2\/media\/316882"}],"wp:attachment":[{"href":"https:\/\/www.europesays.com\/es\/wp-json\/wp\/v2\/media?parent=316881"}],"wp:term":[{"taxonomy":"category","embeddable":true,"href":"https:\/\/www.europesays.com\/es\/wp-json\/wp\/v2\/categories?post=316881"},{"taxonomy":"post_tag","embeddable":true,"href":"https:\/\/www.europesays.com\/es\/wp-json\/wp\/v2\/tags?post=316881"}],"curies":[{"name":"wp","href":"https:\/\/api.w.org\/{rel}","templated":true}]}}