{"id":316891,"date":"2026-01-01T06:38:11","date_gmt":"2026-01-01T06:38:11","guid":{"rendered":"https:\/\/www.europesays.com\/es\/316891\/"},"modified":"2026-01-01T06:38:11","modified_gmt":"2026-01-01T06:38:11","slug":"campanadas-2025-de-pedroche-a-jose-mota-baratas-escasas-y-recicladas-television","status":"publish","type":"post","link":"https:\/\/www.europesays.com\/es\/316891\/","title":{"rendered":"Campanadas 2025, de Pedroche a Jos\u00e9 Mota: baratas, escasas y recicladas | Televisi\u00f3n"},"content":{"rendered":"<p class=\"\">En TVE, <a href=\"https:\/\/elpais.com\/noticias\/jose-sanchez-mota\/\" target=\"_blank\" rel=\"nofollow noopener\" title=\"https:\/\/elpais.com\/noticias\/jose-sanchez-mota\/\">Jos\u00e9 Mota<\/a> ha hecho el programa de Nochevieja por vigesimoquinto a\u00f1o consecutivo. Con el t\u00edtulo El juego del camelar, el hilo conductor ha sido el de la popular serie coreana El juego del calamar. Ha sido un placer ver de nuevo al actor Jaime Ordo\u00f1ez en pantalla, esta vez como siniestro hombre de rojo. La premisa de los pol\u00edticos atrapados en un siniestro juego a cambio de votos ha sido un buen hilo conductor para unos sketches que han sido unos mejores y otros peores. <\/p>\n<p class=\"\">No se puede ser brillante durante tantas nocheviejas seguidas, y aunque ha habido algunos momentos realmente buenos (el tren parado, el encuentro de asesinos), lo que m\u00e1s se le puede agradecer a Mota es intentar \u2014y lograr\u2014 hacer un programa que no baila al son del poder. Debe ser el \u00fanico humorista consciente de que los gobiernos pasan y de que la gente merece un respeto, vote lo que vote. El final del programa (con un momento en verso acompa\u00f1ado de m\u00fasica emotiva) no ha resultado tan potente como era la intenci\u00f3n. Lo m\u00e1s dif\u00edcil de los chistes es el remate, m\u00e1xime si se quiere trascender el propio humor. <\/p>\n<p class=\"\">La 2 hace ya a\u00f1os que tiene <a href=\"https:\/\/elpais.com\/television\/2026-01-01\/cachitos-nochevieja-celebra-los-primeros-2000-con-el-canto-del-cisne-de-sonia-y-selena-y-una-nueva-ristra-de-rotulos-ironicos.html\" target=\"_self\" rel=\"nofollow noopener\" title=\"https:\/\/elpais.com\/television\/2026-01-01\/cachitos-nochevieja-celebra-los-primeros-2000-con-el-canto-del-cisne-de-sonia-y-selena-y-una-nueva-ristra-de-rotulos-ironicos.html\">Cachitos como la alternativa favorita de los espa\u00f1oles de menos de 60 a\u00f1os<\/a>, y este a\u00f1o la cadena decidido darle una vuelta al formato. En las \u00faltimas temporadas hemos visto c\u00f3mo aquellos descubrimientos musicales con cartelas ingeniosas daban paso a una plantilla que se resume en: m\u00fasica sobada hasta el desgaste, cartela sobre los estilismos de los artistas, y coletilla pelota con el gobierno a la par que coyuntural. <\/p>\n<p class=\"\">Es curioso que el programa que peor paga los guiones de toda la televisi\u00f3n en Espa\u00f1a sea el que m\u00e1s ganas tiene de complacer a quienes los encargan. En esta ocasi\u00f3n espero que hayan subido un poco los emolumentos, porque la marca Cachitos se ha expandido haciendo una ficci\u00f3n sobre los programas musicales. \u00c1ngel Carmona (presentador de la casa en Radio 3) se ve\u00eda involucrado en un spoof de Matrix \u2014la saga dosmilera por excelencia\u2014 para recuperar la m\u00fasica en televisi\u00f3n. <\/p>\n<p class=\"\">Esta iniciativa, como se nos ha dicho machaconamente, es en conjunto con una empresa privada dedicada a la organizaci\u00f3n de eventos. Pase si es para recuperar los programas musicales. Cachitos Love the twenties ha tra\u00eddo la nostalgia de los 2000. Para los veintea\u00f1eros es la m\u00fasica de su infancia, y aunque nos haga sentir mayores, agradecemos tambi\u00e9n que, por un a\u00f1o, no nos abrasen con los a\u00f1os ochenta y la movida madrile\u00f1a. El espacio ha contado con los playbacks de King \u00c1frica, las Ketchup, Sonia y Selena o Rebeca entre otros. Todos ellos han aparecido tal y como est\u00e1n hoy, fingiendo cantar sus grandes \u00e9xitos. <\/p>\n<p class=\"\">Un poco como pasaba en los ochenta y noventa cuando nuestros padres ve\u00edan a Celia G\u00e1mez cantando la Java de las viudas y soltaban un piadoso \u201c\u00a1Pero qu\u00e9 mayor est\u00e1!\u201d o el m\u00e1s demoledor \u201c\u00bfPero no se hab\u00eda muerto?\u201d. Si antes aparec\u00edan bailarines vestidos de la \u00e9poca de juventud del D\u00fao Din\u00e1mico, aqu\u00ed hemos tenido a un p\u00fablico arr\u00edtmico y a unos bailarines algo descoordinados para devolvernos a la mente aquellas ma\u00f1anas con M\u00fasica S\u00ed. <\/p>\n<p class=\"\">Mientras tanto, en Telecinco retransmit\u00edan un publirreportaje de Formigal presentado por Sandra Barneda y Xuxo Jones. \u00bfPor qu\u00e9 Xuxo Jones? Solo se explica si alg\u00fan directivo perdi\u00f3 una apuesta en una timba de p\u00f3ker. <\/p>\n<p class=\"\">RTVE s\u00ed ha decidido apostar por la m\u00fasica en directo, al fin. Ha sido con La Casa de la M\u00fasica, una cuidada producci\u00f3n emitida en TVE y La 2 donde artistas consagrados y artistas emergentes han actuado en diferentes puntos de Espa\u00f1a. Adem\u00e1s de la preciosa versi\u00f3n que de Un a\u00f1o m\u00e1s ha hecho Ana Torroja (mientras que en Telecinco y Cuatro lo hac\u00eda Nacho Cano; el uno con Ayuso y la otra con Jos\u00e9 Pablo), <a href=\"https:\/\/elpais.com\/television\/2025-12-31\/yo-creo-en-dios-asi-es-la-letra-al-completo-de-la-nueva-cancion-de-la-oreja-de-van-gogh-estrenada-en-la-nochevieja-de-la-1.html\" target=\"_blank\" rel=\"nofollow noopener\" title=\"https:\/\/elpais.com\/television\/2025-12-31\/yo-creo-en-dios-asi-es-la-letra-al-completo-de-la-nueva-cancion-de-la-oreja-de-van-gogh-estrenada-en-la-nochevieja-de-la-1.html\">el plato fuerte era el nuevo sencillo de La Oreja de Van Gogh<\/a>, ya con Amaia de vuelta al combo. Una pena que fuera grabado; se ha perdido una gran oportunidad para ver c\u00f3mo Amaia dejaba tirados a los otros en pleno directo. La canci\u00f3n empezaba con un \u201cYo creo en Dios, pero a mi manera\u201d. Hay que acercarse a Hakuna, porque Hakuna est\u00e1 cerca del poder que viene, pero sin pasarse, no sea que luego no salga bien la cosa. Ni para ti ni para m\u00ed, todo sea que a Amaia se le cruce alg\u00fan cable y cambie de opini\u00f3n. Yo creo en Dios ser\u00e1 tan agradable no solo para los fans del grupo donostiarra, sino tambi\u00e9n para los peregrinos de las pr\u00f3ximas javieradas. <\/p>\n<p class=\"\">Las campanadas (lo gordo) se han dividido entre tres opciones: Chenoa con los Estopa en TVE, Sandra Barneda y Xuxo Jones, en Telecinco y Cuatro; y la Pedroche con Chicote en Antena 3 y La Sexta. Una declaraci\u00f3n de intenciones respecto a la realidad de la televisi\u00f3n: aqu\u00ed, sintonices lo que sintonices, todo es lo mismo. Ojal\u00e1 hubi\u00e9ramos podido ver las campanadas con las gafas de Est\u00e1n vivos (la de Carpenter, por supuesto) para enterarnos de qu\u00e9 va la pel\u00edcula. <a href=\"https:\/\/elpais.com\/television\/2026-01-01\/estopa-y-chenoa-correctos-cada-uno-en-su-mundo-en-unas-campanadas-que-no-pasaran-a-la-historia.html\" target=\"_self\" rel=\"nofollow noopener\" title=\"https:\/\/elpais.com\/television\/2026-01-01\/estopa-y-chenoa-correctos-cada-uno-en-su-mundo-en-unas-campanadas-que-no-pasaran-a-la-historia.html\">Chenoa y los Estopa defendieron con much\u00edsima dignidad y simpat\u00eda<\/a> el marr\u00f3n de \u00faltima hora que les cay\u00f3 con la retirada de Buenafuente y Silvia Abril. Bravo por ellos. <\/p>\n<p class=\"\">En cuanto a Pedroche y Chicote, pues un poco lo de siempre, pero ya sin competencia: Chicote, de traje, hace aproximaciones a lo que puede llevar puesto la vallecana. Ella, con las cejas cada vez m\u00e1s gruesas, con una capa abultada (hecha con piezas de sus anteriores trajes) dedic\u00e1ndole el traje y el \u201ctrabajo\u201d a la causa del a\u00f1o (esta vez era el c\u00e1ncer) antes de darle el minuto de oro a todo el holding. Como cada a\u00f1o ha venido Josie dici\u00e9ndonos que iba a ser diferente y original. Cuando ya se barajaba la posibilidad de que Pedroche apareciera con un vestido hecho de productos caducados de la vending machine del aeropuerto de Barajas, nos ha sorprendido (es un decir) con otra variante del ir en pelotas. En esta Nochevieja ha aparecido como la Pinito del Oro del reciclaje. Las estrellitas del traje negro del segundo a\u00f1o, la ca\u00f1a de las botas del a\u00f1o del Covid, y piezas de estr\u00e1s de otros momentos televisivos. Pues vale. <\/p>\n<p class=\"\">Las campanadas de Puerta del Sol han sido de alg\u00fan modo patrocinadas por Netflix. La plataforma estadounidense ha puesto la tipograf\u00eda de Stranger Things en el \u201cFeliz 2026\u201d y el Ayuntamiento de Madrid lo ha permitido. Adem\u00e1s ha metido grafismos invasivos en el propio momento del cambio de a\u00f1o. Un atropello que no se deber\u00eda haber permitido, pero de esto ha ido esta Nochevieja, de que todo da igual. Quiz\u00e1s sea porque la televisi\u00f3n se ve de verdad amenazada por el streaming ahora que los j\u00f3venes espectadores prefieren ver a veintea\u00f1eros evasores de impuestos berreando desde sus sillas gal\u00e1cticas, o porque se nos viene otra crisis como la de 2009 y todav\u00eda no nos hemos dado cuenta. C\u00f3mo estar\u00e1 la cosa si hasta Pedroche tiene que reciclar la poca tela de sus vestidos. <\/p>\n","protected":false},"excerpt":{"rendered":"En TVE, Jos\u00e9 Mota ha hecho el programa de Nochevieja por vigesimoquinto a\u00f1o consecutivo. Con el t\u00edtulo El&hellip;\n","protected":false},"author":2,"featured_media":316892,"comment_status":"","ping_status":"","sticky":false,"template":"","format":"standard","meta":{"footnotes":""},"categories":[91],"tags":[72478,17945,146,147,25,24,7670,6870,2951,5199,518,23,807,3156],"class_list":{"0":"post-316891","1":"post","2":"type-post","3":"status-publish","4":"format-standard","5":"has-post-thumbnail","7":"category-entretenimiento","8":"tag-ano-nuevo","9":"tag-chenoa","10":"tag-entertainment","11":"tag-entretenimiento","12":"tag-es","13":"tag-espana","14":"tag-estopa","15":"tag-la-1","16":"tag-navidad","17":"tag-nochevieja","18":"tag-rtve","19":"tag-spain","20":"tag-television","21":"tag-tve"},"share_on_mastodon":{"url":"https:\/\/pubeurope.com\/@es\/115818470158920357","error":""},"_links":{"self":[{"href":"https:\/\/www.europesays.com\/es\/wp-json\/wp\/v2\/posts\/316891","targetHints":{"allow":["GET"]}}],"collection":[{"href":"https:\/\/www.europesays.com\/es\/wp-json\/wp\/v2\/posts"}],"about":[{"href":"https:\/\/www.europesays.com\/es\/wp-json\/wp\/v2\/types\/post"}],"author":[{"embeddable":true,"href":"https:\/\/www.europesays.com\/es\/wp-json\/wp\/v2\/users\/2"}],"replies":[{"embeddable":true,"href":"https:\/\/www.europesays.com\/es\/wp-json\/wp\/v2\/comments?post=316891"}],"version-history":[{"count":0,"href":"https:\/\/www.europesays.com\/es\/wp-json\/wp\/v2\/posts\/316891\/revisions"}],"wp:featuredmedia":[{"embeddable":true,"href":"https:\/\/www.europesays.com\/es\/wp-json\/wp\/v2\/media\/316892"}],"wp:attachment":[{"href":"https:\/\/www.europesays.com\/es\/wp-json\/wp\/v2\/media?parent=316891"}],"wp:term":[{"taxonomy":"category","embeddable":true,"href":"https:\/\/www.europesays.com\/es\/wp-json\/wp\/v2\/categories?post=316891"},{"taxonomy":"post_tag","embeddable":true,"href":"https:\/\/www.europesays.com\/es\/wp-json\/wp\/v2\/tags?post=316891"}],"curies":[{"name":"wp","href":"https:\/\/api.w.org\/{rel}","templated":true}]}}