{"id":316897,"date":"2026-01-01T06:41:14","date_gmt":"2026-01-01T06:41:14","guid":{"rendered":"https:\/\/www.europesays.com\/es\/316897\/"},"modified":"2026-01-01T06:41:14","modified_gmt":"2026-01-01T06:41:14","slug":"xi-jinping-afirma-que-reunificacion-con-taiwan-es-imparable","status":"publish","type":"post","link":"https:\/\/www.europesays.com\/es\/316897\/","title":{"rendered":"Xi Jinping afirma que \u201creunificaci\u00f3n\u201d con Taiw\u00e1n es \u201cimparable\u201d"},"content":{"rendered":"<p class=\"article-body__paragraph\">Un mensaje sobre la reunificaci\u00f3n fue el que entreg\u00f3 el Presidente de China, <b>Xi Jinping<\/b>, para dar la bienvenida al a\u00f1o 2026.<\/p>\n<p class=\"article-body__paragraph\">El Mandatario dijo este mi\u00e9rcoles que el pueblo chino de ambos lados del estrecho de Taiw\u00e1n comparte un v\u00ednculo de sangre y parentesco. <\/p>\n<p class=\"article-body__paragraph\"><b>\u201cLa reunificaci\u00f3n de nuestra patria, una tendencia de la \u00e9poca, es imparable\u201d<\/b>, afirm\u00f3 al pronunciar su mensaje de A\u00f1o Nuevo.<\/p>\n<p class=\"article-body__paragraph\">En su llamado, a\u00f1adi\u00f3: <b>\u201cCompatriotas a ambos lados del estrecho est\u00e1n unidos por una sangre m\u00e1s espesa que el agua\u201d.<\/b> <\/p>\n<p class=\"article-body__paragraph\">Esto, en referencia a la isla gobernada de forma aut\u00f3noma, que es uno de los principales focos de tensi\u00f3n en la regi\u00f3n.<\/p>\n<p class=\"article-body__paragraph\">Las palabras de Xi llegan despu\u00e9s de que el Ej\u00e9rcito Popular de Liberaci\u00f3n finalizara unos simulacros con fuego real que duraron dos d\u00edas y en el que sitiaron la isla por siete flancos distintos tras desplegar a la Armada, el Ej\u00e9rcito y las Fuerzas A\u00e9reas.<\/p>\n<p class=\"article-body__paragraph\">En su discurso, el l\u00edder chino tambi\u00e9n se refiri\u00f3 a la situaci\u00f3n internacional, al se\u00f1alar que el 2025 estuvo marcado por \u201cturbulencias y cambios\u201d, con \u201cregiones a\u00fan afectadas\u201d por conflictos armados.<\/p>\n<p class=\"article-body__paragraph\">En esa l\u00ednea, su mensaje apunt\u00f3 a<b>l multilateralismo,<\/b> promover la paz, el desarrollo y una gobernanza global que sea \u201cm\u00e1s justa y razonable\u201d.<\/p>\n<p class=\"article-body__paragraph\">\u201cChina siempre est\u00e1 en el lado correcto de la historia y est\u00e1 preparada para trabajar con todos los pa\u00edses para avanzar hacia la paz mundial y el desarrollo, y construir una comunidad con un futuro compartido para la humanidad\u201d, dijo.<\/p>\n","protected":false},"excerpt":{"rendered":"Un mensaje sobre la reunificaci\u00f3n fue el que entreg\u00f3 el Presidente de China, Xi Jinping, para dar la&hellip;\n","protected":false},"author":2,"featured_media":316898,"comment_status":"","ping_status":"","sticky":false,"template":"","format":"standard","meta":{"footnotes":""},"categories":[42],"tags":[17,18,1615,13,14,11,61,62,63,64,19,20,9,10,15,16,18232,26273,12,21,22,65,66,67,13847],"class_list":{"0":"post-316897","1":"post","2":"type-post","3":"status-publish","4":"format-standard","5":"has-post-thumbnail","7":"category-internacional","8":"tag-breaking-news","9":"tag-breakingnews","10":"tag-china","11":"tag-featured-news","12":"tag-featurednews","13":"tag-headlines","14":"tag-internacional","15":"tag-international","16":"tag-international-news","17":"tag-internationalnews","18":"tag-latest-news","19":"tag-latestnews","20":"tag-news","21":"tag-noticias","22":"tag-noticias-destacadas","23":"tag-noticiasdestacadas","24":"tag-reunificacion","25":"tag-taiwan","26":"tag-titulares","27":"tag-ultimas-noticias","28":"tag-ultimasnoticias","29":"tag-world","30":"tag-world-news","31":"tag-worldnews","32":"tag-xi-jinping"},"share_on_mastodon":{"url":"https:\/\/pubeurope.com\/@es\/115818481726099813","error":""},"_links":{"self":[{"href":"https:\/\/www.europesays.com\/es\/wp-json\/wp\/v2\/posts\/316897","targetHints":{"allow":["GET"]}}],"collection":[{"href":"https:\/\/www.europesays.com\/es\/wp-json\/wp\/v2\/posts"}],"about":[{"href":"https:\/\/www.europesays.com\/es\/wp-json\/wp\/v2\/types\/post"}],"author":[{"embeddable":true,"href":"https:\/\/www.europesays.com\/es\/wp-json\/wp\/v2\/users\/2"}],"replies":[{"embeddable":true,"href":"https:\/\/www.europesays.com\/es\/wp-json\/wp\/v2\/comments?post=316897"}],"version-history":[{"count":0,"href":"https:\/\/www.europesays.com\/es\/wp-json\/wp\/v2\/posts\/316897\/revisions"}],"wp:featuredmedia":[{"embeddable":true,"href":"https:\/\/www.europesays.com\/es\/wp-json\/wp\/v2\/media\/316898"}],"wp:attachment":[{"href":"https:\/\/www.europesays.com\/es\/wp-json\/wp\/v2\/media?parent=316897"}],"wp:term":[{"taxonomy":"category","embeddable":true,"href":"https:\/\/www.europesays.com\/es\/wp-json\/wp\/v2\/categories?post=316897"},{"taxonomy":"post_tag","embeddable":true,"href":"https:\/\/www.europesays.com\/es\/wp-json\/wp\/v2\/tags?post=316897"}],"curies":[{"name":"wp","href":"https:\/\/api.w.org\/{rel}","templated":true}]}}